{"id":13891,"date":"2022-02-19T15:30:56","date_gmt":"2022-02-19T18:30:56","guid":{"rendered":"https:\/\/radiorevelacionfm.cl\/?p=13891"},"modified":"2022-02-19T15:30:56","modified_gmt":"2022-02-19T18:30:56","slug":"sancionan-a-distribuidora-por-comercializar-articulos-electricos-que-no-contaban-con-sello-sec","status":"publish","type":"post","link":"https:\/\/radiorevelacionfm.cl\/?p=13891","title":{"rendered":"Sancionan a distribuidora por comercializar art\u00edculos el\u00e9ctricos que no contaban con SELLO SEC"},"content":{"rendered":"<div class=\"flex_column av_one_full  flex_column_div av-zero-column-padding first  avia-builder-el-0  el_before_av_one_full  avia-builder-el-first  \" style='border-radius:0px; '><div  class='avia-image-container  av-styling-    avia-builder-el-1  avia-builder-el-no-sibling  avia-align-center '  itemprop=\"image\" itemscope=\"itemscope\" itemtype=\"https:\/\/schema.org\/ImageObject\"  ><div class='avia-image-container-inner'><div class='avia-image-overlay-wrap'><img decoding=\"async\" class='wp-image-13892 avia-img-lazy-loading-not-13892 avia_image' src=\"https:\/\/radiorevelacionfm.cl\/wp-content\/uploads\/2022\/02\/image-64-2_optimized.jpg\" alt='' title='image-64-2_optimized' height=\"600\" width=\"1015\"  itemprop=\"thumbnailUrl\" srcset=\"https:\/\/radiorevelacionfm.cl\/wp-content\/uploads\/2022\/02\/image-64-2_optimized.jpg 1015w, https:\/\/radiorevelacionfm.cl\/wp-content\/uploads\/2022\/02\/image-64-2_optimized-300x177.jpg 300w, https:\/\/radiorevelacionfm.cl\/wp-content\/uploads\/2022\/02\/image-64-2_optimized-768x454.jpg 768w, https:\/\/radiorevelacionfm.cl\/wp-content\/uploads\/2022\/02\/image-64-2_optimized-705x417.jpg 705w, https:\/\/radiorevelacionfm.cl\/wp-content\/uploads\/2022\/02\/image-64-2_optimized-600x355.jpg 600w\" sizes=\"(max-width: 1015px) 100vw, 1015px\" \/><\/div><\/div><\/div><\/div><div class=\"flex_column av_one_full  flex_column_div av-zero-column-padding first  avia-builder-el-2  el_after_av_one_full  el_before_av_one_full  column-top-margin\" style='border-radius:0px; '><section class=\"av_textblock_section \"  itemscope=\"itemscope\" itemtype=\"https:\/\/schema.org\/BlogPosting\" itemprop=\"blogPost\" ><div class='avia_textblock  '   itemprop=\"text\" ><p style=\"text-align: center;\"><span style=\"font-size: 18pt;\"><strong>Sancionan a distribuidora por comercializar art\u00edculos el\u00e9ctricos que no contaban con SELLO SEC<\/strong><\/span><\/p>\n<div id=\"gtx-trans\" style=\"position: absolute; left: -50px; top: 4.31534px;\">\n<div class=\"gtx-trans-icon\"><\/div>\n<\/div>\n<\/div><\/section><\/div><div class=\"flex_column av_one_full  flex_column_div av-zero-column-padding first  avia-builder-el-4  el_after_av_one_full  el_before_av_hr  column-top-margin\" style='border-radius:0px; '><section class=\"av_textblock_section \"  itemscope=\"itemscope\" itemtype=\"https:\/\/schema.org\/BlogPosting\" itemprop=\"blogPost\" ><div class='avia_textblock  '   itemprop=\"text\" ><p style=\"text-align: justify;\">En una fiscalizaci\u00f3n efectuada la pasada Navidad, se detect\u00f3 en un local la venta de alargadores y luces navide\u00f1as no certificadas, lo que es obligatorio por ley para estos elementos. Esto gener\u00f3 un proceso que deriv\u00f3 en una multa para el establecimiento.<span id=\"more-96968\"><\/span><\/p>\n<p style=\"text-align: justify;\">La Direcci\u00f3n Regional Ays\u00e9n de la SEC, confirm\u00f3 la aplicaci\u00f3n de una multa de 35 Unidades Tributarias Mensuales (UTM), es decir, cerca de dos millones de pesos, a un establecimiento comercial que opera en Coyhaique, tras constatarse durante una fiscalizaci\u00f3n la presencia de elementos que operan con electricidad sin su respectiva certificaci\u00f3n.<\/p>\n<p style=\"text-align: justify;\">Seg\u00fan lo detallado por el organismo fiscalizador, en el contexto de las inspecciones efectuadas la pasada temporada de Navidad, se detect\u00f3 en un recinto la venta de alargadores y luces navide\u00f1as que no contaban con su SELLO SEC, distintivo que acredita que han sido sometidos a pruebas para verificar que su uso es seguro y que es obligatorio para este tipo de productos seg\u00fan la legislaci\u00f3n.<\/p>\n<p style=\"text-align: justify;\">Como primera medida, se instruy\u00f3 en dicha oportunidad a los administradores del establecimiento Importadora y Exportadora 86 Grados SpA, retirar estos elementos de la sala de ventas, junto con recopilar los antecedentes para iniciar un proceso administrativo, donde se confirmaron faltas a la normativa y la respectiva sanci\u00f3n.<\/p>\n<p style=\"text-align: justify;\">Hugo Ardiles, Director Regional de SEC Ays\u00e9n, indic\u00f3 que \u201cas\u00ed como la comunidad tiene derecho a energ\u00e9ticos seguros, las empresas, al poner a la venta en sus locales productos que requieren por ejemplo de la electricidad para operar, deben cumplir con las certificaciones y disposiciones legales vigentes, lo que busca reducir las situaciones de potencial riesgo que podr\u00edan originarse durante su uso\u201d.<\/p>\n<p style=\"text-align: justify;\">PRODUCTOS SEGUROS<\/p>\n<p style=\"text-align: justify;\">La autoridad record\u00f3 que \u201cel SELLO SEC permite verificar que todo art\u00edculo con obligatoriedad de certificaci\u00f3n para su venta en el pa\u00eds, ya sea el\u00e9ctrico o que opere con combustibles, fue sometido a pruebas para determinar que su uso es seguro. Por eso, el llamado a la comunidad es a exigir en el comercio productos que cuenten con este distintivo\u201d.<\/p>\n<p style=\"text-align: justify;\">Para conocer la informaci\u00f3n de un producto con SELLO SEC, se puede escanear el c\u00f3digo QR con un dispositivo m\u00f3vil. Tambi\u00e9n, es posible ingresar en www.sec.cl, el c\u00f3digo num\u00e9rico presente en cada etiqueta.<\/p>\n<p style=\"text-align: justify;\">Entre los productos que deben poseer este sello destacan las luces navide\u00f1as de conexi\u00f3n directa a la red el\u00e9ctrica, estufas el\u00e9ctricas, a gas y las que operan con parafina; cocinas, calefones, reguladores y flexibles para conectar cilindros de gas, cargadores de celulares, pistolas de silicona, bidones para comprar combustibles l\u00edquidos, adem\u00e1s de alargadores, entre otros.<\/p>\n<p style=\"text-align: justify;\">Por \u00faltimo, la invitaci\u00f3n es a seguir las cuentas de la SEC en Twitter (@SEC_cl) y Facebook, como Superintendencia SEC, donde la ciudadan\u00eda podr\u00e1 acceder a informaci\u00f3n \u00fatil, consejos de seguridad y calidad en el uso de los energ\u00e9ticos.<\/p>\n<\/div><\/section><\/div><div  style='height:50px' class='hr hr-invisible   avia-builder-el-6  el_after_av_one_full  el_before_av_social_share '><span class='hr-inner ' ><span class='hr-inner-style'><\/span><\/span><\/div><\/p>\n<div  class='av-social-sharing-box  avia-builder-el-7  el_after_av_hr  el_before_av_hr  '><div class='av-share-box'><h5 class='av-share-link-description av-no-toc '>Compartir esta noticia<\/h5><ul class='av-share-box-list noLightbox'><li class='av-share-link av-social-link-facebook' ><a target=\"_blank\" aria-label=\"Compartir en Facebook\" href='https:\/\/www.facebook.com\/sharer.php?u=https:\/\/radiorevelacionfm.cl\/?p=13891&#038;t=Sancionan%20a%20distribuidora%20por%20comercializar%20art%C3%ADculos%20el%C3%A9ctricos%20que%20no%20contaban%20con%20SELLO%20SEC' aria-hidden='false' data-av_icon='\ue8f3' data-av_iconfont='entypo-fontello' title='' data-avia-related-tooltip='Compartir en Facebook' rel=\"noopener\"><span class='avia_hidden_link_text'>Compartir en Facebook<\/span><\/a><\/li><li class='av-share-link av-social-link-twitter' ><a target=\"_blank\" aria-label=\"Compartir en Twitter\" href='https:\/\/twitter.com\/share?text=Sancionan%20a%20distribuidora%20por%20comercializar%20art%C3%ADculos%20el%C3%A9ctricos%20que%20no%20contaban%20con%20SELLO%20SEC&#038;url=https:\/\/radiorevelacionfm.cl\/?p=13891' aria-hidden='false' data-av_icon='\ue8f1' data-av_iconfont='entypo-fontello' title='' data-avia-related-tooltip='Compartir en Twitter' rel=\"noopener\"><span class='avia_hidden_link_text'>Compartir en Twitter<\/span><\/a><\/li><li class='av-share-link av-social-link-whatsapp' ><a target=\"_blank\" aria-label=\"Compartir en Whatsapp\" href='https:\/\/api.whatsapp.com\/send?text=https:\/\/radiorevelacionfm.cl\/?p=13891' aria-hidden='false' data-av_icon='\uf232' data-av_iconfont='entypo-fontello' title='' data-avia-related-tooltip='Compartir en Whatsapp' rel=\"noopener\"><span class='avia_hidden_link_text'>Compartir en Whatsapp<\/span><\/a><\/li><li class='av-share-link av-social-link-linkedin' ><a target=\"_blank\" aria-label=\"Compartir en LinkedIn\" href='https:\/\/linkedin.com\/shareArticle?mini=true&#038;title=Sancionan%20a%20distribuidora%20por%20comercializar%20art%C3%ADculos%20el%C3%A9ctricos%20que%20no%20contaban%20con%20SELLO%20SEC&#038;url=https:\/\/radiorevelacionfm.cl\/?p=13891' aria-hidden='false' data-av_icon='\ue8fc' data-av_iconfont='entypo-fontello' title='' data-avia-related-tooltip='Compartir en LinkedIn' rel=\"noopener\"><span class='avia_hidden_link_text'>Compartir en LinkedIn<\/span><\/a><\/li><li class='av-share-link av-social-link-mail' ><a  aria-label=\"Compartir por correo\" href='mailto:?subject=Sancionan%20a%20distribuidora%20por%20comercializar%20art%C3%ADculos%20el%C3%A9ctricos%20que%20no%20contaban%20con%20SELLO%20SEC&#038;body=https:\/\/radiorevelacionfm.cl\/?p=13891' aria-hidden='false' data-av_icon='\ue805' data-av_iconfont='entypo-fontello' title='' data-avia-related-tooltip='Compartir por correo'><span class='avia_hidden_link_text'>Compartir por correo<\/span><\/a><\/li><\/ul><\/div><\/div>\n<div  style='height:50px' class='hr hr-invisible   avia-builder-el-8  el_after_av_social_share  el_before_av_comments_list '><span class='hr-inner ' ><span class='hr-inner-style'><\/span><\/span><\/div>\n<div  class='av-buildercomment  av-blog-meta-html-info-disabled av-blog-meta-tag-disabled  '><\/div>\n","protected":false},"excerpt":{"rendered":"","protected":false},"author":1,"featured_media":13892,"comment_status":"open","ping_status":"open","sticky":false,"template":"","format":"standard","meta":{"footnotes":""},"categories":[38],"tags":[],"class_list":["post-13891","post","type-post","status-publish","format-standard","has-post-thumbnail","hentry","category-regional"],"jetpack_featured_media_url":"https:\/\/radiorevelacionfm.cl\/wp-content\/uploads\/2022\/02\/image-64-2_optimized.jpg","_links":{"self":[{"href":"https:\/\/radiorevelacionfm.cl\/index.php?rest_route=\/wp\/v2\/posts\/13891","targetHints":{"allow":["GET"]}}],"collection":[{"href":"https:\/\/radiorevelacionfm.cl\/index.php?rest_route=\/wp\/v2\/posts"}],"about":[{"href":"https:\/\/radiorevelacionfm.cl\/index.php?rest_route=\/wp\/v2\/types\/post"}],"author":[{"embeddable":true,"href":"https:\/\/radiorevelacionfm.cl\/index.php?rest_route=\/wp\/v2\/users\/1"}],"replies":[{"embeddable":true,"href":"https:\/\/radiorevelacionfm.cl\/index.php?rest_route=%2Fwp%2Fv2%2Fcomments&post=13891"}],"version-history":[{"count":2,"href":"https:\/\/radiorevelacionfm.cl\/index.php?rest_route=\/wp\/v2\/posts\/13891\/revisions"}],"predecessor-version":[{"id":13894,"href":"https:\/\/radiorevelacionfm.cl\/index.php?rest_route=\/wp\/v2\/posts\/13891\/revisions\/13894"}],"wp:featuredmedia":[{"embeddable":true,"href":"https:\/\/radiorevelacionfm.cl\/index.php?rest_route=\/wp\/v2\/media\/13892"}],"wp:attachment":[{"href":"https:\/\/radiorevelacionfm.cl\/index.php?rest_route=%2Fwp%2Fv2%2Fmedia&parent=13891"}],"wp:term":[{"taxonomy":"category","embeddable":true,"href":"https:\/\/radiorevelacionfm.cl\/index.php?rest_route=%2Fwp%2Fv2%2Fcategories&post=13891"},{"taxonomy":"post_tag","embeddable":true,"href":"https:\/\/radiorevelacionfm.cl\/index.php?rest_route=%2Fwp%2Fv2%2Ftags&post=13891"}],"curies":[{"name":"wp","href":"https:\/\/api.w.org\/{rel}","templated":true}]}}