{"id":13887,"date":"2022-02-18T19:10:00","date_gmt":"2022-02-18T22:10:00","guid":{"rendered":"https:\/\/radiorevelacionfm.cl\/?p=13887"},"modified":"2022-02-18T19:10:00","modified_gmt":"2022-02-18T22:10:00","slug":"mas-de-6-600-personas-recibieron-su-pension-garantizada-universal-en-aysen","status":"publish","type":"post","link":"https:\/\/radiorevelacionfm.cl\/?p=13887","title":{"rendered":"M\u00e1s de 6.600 personas recibieron su Pensi\u00f3n Garantizada Universal en Ays\u00e9n"},"content":{"rendered":"<div class=\"flex_column av_one_full  flex_column_div av-zero-column-padding first  avia-builder-el-0  el_before_av_one_full  avia-builder-el-first  \" style='border-radius:0px; '><div  class='avia-image-container  av-styling-    avia-builder-el-1  avia-builder-el-no-sibling  avia-align-center '  itemprop=\"image\" itemscope=\"itemscope\" itemtype=\"https:\/\/schema.org\/ImageObject\"  ><div class='avia-image-container-inner'><div class='avia-image-overlay-wrap'><img decoding=\"async\" class='wp-image-13888 avia-img-lazy-loading-not-13888 avia_image' src=\"https:\/\/radiorevelacionfm.cl\/wp-content\/uploads\/2022\/02\/ips-2-2.jpeg\" alt='' title='ips-2-2' height=\"600\" width=\"1333\"  itemprop=\"thumbnailUrl\" srcset=\"https:\/\/radiorevelacionfm.cl\/wp-content\/uploads\/2022\/02\/ips-2-2.jpeg 1333w, https:\/\/radiorevelacionfm.cl\/wp-content\/uploads\/2022\/02\/ips-2-2-300x135.jpeg 300w, https:\/\/radiorevelacionfm.cl\/wp-content\/uploads\/2022\/02\/ips-2-2-1030x464.jpeg 1030w, https:\/\/radiorevelacionfm.cl\/wp-content\/uploads\/2022\/02\/ips-2-2-768x346.jpeg 768w, https:\/\/radiorevelacionfm.cl\/wp-content\/uploads\/2022\/02\/ips-2-2-705x317.jpeg 705w, https:\/\/radiorevelacionfm.cl\/wp-content\/uploads\/2022\/02\/ips-2-2-600x270.jpeg 600w\" sizes=\"(max-width: 1333px) 100vw, 1333px\" \/><\/div><\/div><\/div><\/div><div class=\"flex_column av_one_full  flex_column_div av-zero-column-padding first  avia-builder-el-2  el_after_av_one_full  el_before_av_one_full  column-top-margin\" style='border-radius:0px; '><section class=\"av_textblock_section \"  itemscope=\"itemscope\" itemtype=\"https:\/\/schema.org\/BlogPosting\" itemprop=\"blogPost\" ><div class='avia_textblock  '   itemprop=\"text\" ><p style=\"text-align: center;\"><span style=\"font-size: 18pt;\"><strong>M\u00e1s de 6.600 personas recibieron su Pensi\u00f3n Garantizada Universal en Ays\u00e9n<\/strong><\/span><\/p>\n<div id=\"gtx-trans\" style=\"position: absolute; left: -50px; top: 4.31534px;\">\n<div class=\"gtx-trans-icon\"><\/div>\n<\/div>\n<\/div><\/section><\/div><div class=\"flex_column av_one_full  flex_column_div av-zero-column-padding first  avia-builder-el-4  el_after_av_one_full  el_before_av_hr  column-top-margin\" style='border-radius:0px; '><section class=\"av_textblock_section \"  itemscope=\"itemscope\" itemtype=\"https:\/\/schema.org\/BlogPosting\" itemprop=\"blogPost\" ><div class='avia_textblock  '   itemprop=\"text\" ><p style=\"text-align: justify;\">La jornada de este viernes 18 de febrero, m\u00e1s de 6.680 adultos mayores de la regi\u00f3n de Ays\u00e9n recibieron su Pensi\u00f3n Garantizada Universal, pol\u00edtica impulsada por el gobierno del Presidente Sebasti\u00e1n Pi\u00f1era que busca entregar mayor dignidad, apoyo del Estado y recursos para la poblaci\u00f3n mayor a 65 a\u00f1os.<\/p>\n<p style=\"text-align: justify;\">Desde el gobierno valoraron la concreci\u00f3n de esta pol\u00edtica en favor de los adultos mayores, siendo el Delegado Presidencial Regional (s) Juan Luis Amen\u00e1bar quien junto a beneficiarios en el frontis del IPS se\u00f1al\u00f3 que \u201cestamos dando un gran paso, un avance, en t\u00e9rmino de pensiones con el inicio del pago de la PGU que viene a reemplazar al Pilar Solidario que conocemos hasta hoy en d\u00eda y, viene a mejorar todas las pensiones de nuestros adultos mayores\u201d, dijo.<\/p>\n<p style=\"text-align: justify;\">Desde la seremi del Trabajo y Previsi\u00f3n Social enfatizaron que la jornada era de alegr\u00eda, al iniciarse el pago, ya que de acuerdo a Andrea Ponce \u201ces un piso para las pensiones; hoy d\u00eda van a recibir este apoyo personas que nunca lo hab\u00edan recibido ni esperaban hacerlo\u201d agregando que la PGU \u201ces de $185 mil, hoy estamos iniciando el pago autom\u00e1tico de quienes reciben beneficios del Pilar Solidario, la Pensi\u00f3n B\u00e1sica Solidaria y el Aporte Previsional Solidario\u201d.<\/p>\n<p style=\"text-align: justify;\">La jefa de la cartera de Trabajo y Previsi\u00f3n Social a nivel regional precis\u00f3 adem\u00e1s que, aquellas personas que recibieron el monto previo al pago, que no se preocupen puesto que \u201cel sistema empez\u00f3 a pagar hoy d\u00eda pero no quiere decir que la persona no va a recibir el beneficio; lo va a recibir en el pago de marzo\u201d, explic\u00f3.<\/p>\n<p style=\"text-align: justify;\">Cristina Barrientos Ojeda, presidenta de la agrupaci\u00f3n de ciegos de Coyhaique, se mostr\u00f3 contenta por el incremento de las pensiones, se\u00f1alando que para ella y sus socios \u201ces algo que hemos venido pidiendo hace bastante tiempo y es muy importante porque hay muchas personas en situaci\u00f3n de discapacidad que pagan un arriendo entonces, no les alcanza\u201d, dijo.<\/p>\n<p style=\"text-align: justify;\">Graciela Hidalgo, tambi\u00e9n beneficiaria, recalc\u00f3 que el aumento real en su caso alcanza \u201clos $85 mil y es bastante bueno para m\u00ed y me siento un poco m\u00e1s segura\u201d, se\u00f1al\u00f3.<\/p>\n<p style=\"text-align: justify;\"><strong>Postulaciones<\/strong><\/p>\n<p style=\"text-align: justify;\">M\u00e1s de 380 postulaciones se han efectuado desde la regi\u00f3n de Ays\u00e9n para ser parte de la Pensi\u00f3n Garantizada Universal, proceso que hasta el momento ha sido resuelto r\u00e1pidamente.<\/p>\n<p style=\"text-align: justify;\">Respecto del proceso de postulaci\u00f3n, Daniela Catal\u00e1n, de Chile Atiende, se\u00f1al\u00f3 que como ente recepcionador de las solicitudes \u201cdesde febrero a julio el primer tramo y va apuntado a los beneficiarios del Pilar Solidario y, en agosto comienza el nuevo tramo de pensionados para poder inscribirse en la PGU; yo los invito a que se acerquen a la sucursal en caso de tener brechas tecnol\u00f3gicas o llamar al 101 donde lo van a atender un ejecutivo\u201d.<\/p>\n<p style=\"text-align: justify;\">Otra opci\u00f3n es visitar la p\u00e1gina web de Chile Atiende, sitio que les dir\u00e1 \u201csi son beneficiarios o no. En caso positivo, el mismo sistema los derivar\u00e1 a la p\u00e1gina del IPS para realizar el tr\u00e1mite\u201d, dijo.<\/p>\n<p style=\"text-align: justify;\"><strong>Llamado<\/strong><\/p>\n<p style=\"text-align: justify;\">A sabiendas que muchas personas van a ver incrementadas sus pensiones, desde el gobierno aprovecharon la instancia para alertar a los adultos mayores \u2013 y a sus familiares \u2013 a no caer el estafas por parte de terceras personas, quienes podr\u00edan querer apropiarse de los dineros de los adultos mayores.<\/p>\n<p style=\"text-align: justify;\">En ese sentido, Andrea Ponce llam\u00f3 a \u201ctener cuidado con las estafas, porque cuando sale un beneficio nuevo la delincuencia tambi\u00e9n est\u00e1 atenta y empiezan a mandar mensajes. No haga caso, no conteste ninguno, no entregue su clave, datos de cuenta; este es un tr\u00e1mite personal o venga a la oficina del IPS\u201d, recalc\u00f3.<\/p>\n<\/div><\/section><\/div><div  style='height:50px' class='hr hr-invisible   avia-builder-el-6  el_after_av_one_full  el_before_av_social_share '><span class='hr-inner ' ><span class='hr-inner-style'><\/span><\/span><\/div><\/p>\n<div  class='av-social-sharing-box  avia-builder-el-7  el_after_av_hr  el_before_av_hr  '><div class='av-share-box'><h5 class='av-share-link-description av-no-toc '>Compartir esta noticia<\/h5><ul class='av-share-box-list noLightbox'><li class='av-share-link av-social-link-facebook' ><a target=\"_blank\" aria-label=\"Compartir en Facebook\" href='https:\/\/www.facebook.com\/sharer.php?u=https:\/\/radiorevelacionfm.cl\/?p=13887&#038;t=M%C3%A1s%20de%206.600%20personas%20recibieron%20su%20Pensi%C3%B3n%20Garantizada%20Universal%20en%20Ays%C3%A9n' aria-hidden='false' data-av_icon='\ue8f3' data-av_iconfont='entypo-fontello' title='' data-avia-related-tooltip='Compartir en Facebook' rel=\"noopener\"><span class='avia_hidden_link_text'>Compartir en Facebook<\/span><\/a><\/li><li class='av-share-link av-social-link-twitter' ><a target=\"_blank\" aria-label=\"Compartir en Twitter\" href='https:\/\/twitter.com\/share?text=M%C3%A1s%20de%206.600%20personas%20recibieron%20su%20Pensi%C3%B3n%20Garantizada%20Universal%20en%20Ays%C3%A9n&#038;url=https:\/\/radiorevelacionfm.cl\/?p=13887' aria-hidden='false' data-av_icon='\ue8f1' data-av_iconfont='entypo-fontello' title='' data-avia-related-tooltip='Compartir en Twitter' rel=\"noopener\"><span class='avia_hidden_link_text'>Compartir en Twitter<\/span><\/a><\/li><li class='av-share-link av-social-link-whatsapp' ><a target=\"_blank\" aria-label=\"Compartir en Whatsapp\" href='https:\/\/api.whatsapp.com\/send?text=https:\/\/radiorevelacionfm.cl\/?p=13887' aria-hidden='false' data-av_icon='\uf232' data-av_iconfont='entypo-fontello' title='' data-avia-related-tooltip='Compartir en Whatsapp' rel=\"noopener\"><span class='avia_hidden_link_text'>Compartir en Whatsapp<\/span><\/a><\/li><li class='av-share-link av-social-link-linkedin' ><a target=\"_blank\" aria-label=\"Compartir en LinkedIn\" href='https:\/\/linkedin.com\/shareArticle?mini=true&#038;title=M%C3%A1s%20de%206.600%20personas%20recibieron%20su%20Pensi%C3%B3n%20Garantizada%20Universal%20en%20Ays%C3%A9n&#038;url=https:\/\/radiorevelacionfm.cl\/?p=13887' aria-hidden='false' data-av_icon='\ue8fc' data-av_iconfont='entypo-fontello' title='' data-avia-related-tooltip='Compartir en LinkedIn' rel=\"noopener\"><span class='avia_hidden_link_text'>Compartir en LinkedIn<\/span><\/a><\/li><li class='av-share-link av-social-link-mail' ><a  aria-label=\"Compartir por correo\" href='mailto:?subject=M%C3%A1s%20de%206.600%20personas%20recibieron%20su%20Pensi%C3%B3n%20Garantizada%20Universal%20en%20Ays%C3%A9n&#038;body=https:\/\/radiorevelacionfm.cl\/?p=13887' aria-hidden='false' data-av_icon='\ue805' data-av_iconfont='entypo-fontello' title='' data-avia-related-tooltip='Compartir por correo'><span class='avia_hidden_link_text'>Compartir por correo<\/span><\/a><\/li><\/ul><\/div><\/div>\n<div  style='height:50px' class='hr hr-invisible   avia-builder-el-8  el_after_av_social_share  el_before_av_comments_list '><span class='hr-inner ' ><span class='hr-inner-style'><\/span><\/span><\/div>\n<div  class='av-buildercomment  av-blog-meta-html-info-disabled av-blog-meta-tag-disabled  '><\/div>\n","protected":false},"excerpt":{"rendered":"","protected":false},"author":1,"featured_media":13888,"comment_status":"open","ping_status":"open","sticky":false,"template":"","format":"standard","meta":{"footnotes":""},"categories":[38],"tags":[],"class_list":["post-13887","post","type-post","status-publish","format-standard","has-post-thumbnail","hentry","category-regional"],"jetpack_featured_media_url":"https:\/\/radiorevelacionfm.cl\/wp-content\/uploads\/2022\/02\/ips-2-2.jpeg","_links":{"self":[{"href":"https:\/\/radiorevelacionfm.cl\/index.php?rest_route=\/wp\/v2\/posts\/13887","targetHints":{"allow":["GET"]}}],"collection":[{"href":"https:\/\/radiorevelacionfm.cl\/index.php?rest_route=\/wp\/v2\/posts"}],"about":[{"href":"https:\/\/radiorevelacionfm.cl\/index.php?rest_route=\/wp\/v2\/types\/post"}],"author":[{"embeddable":true,"href":"https:\/\/radiorevelacionfm.cl\/index.php?rest_route=\/wp\/v2\/users\/1"}],"replies":[{"embeddable":true,"href":"https:\/\/radiorevelacionfm.cl\/index.php?rest_route=%2Fwp%2Fv2%2Fcomments&post=13887"}],"version-history":[{"count":2,"href":"https:\/\/radiorevelacionfm.cl\/index.php?rest_route=\/wp\/v2\/posts\/13887\/revisions"}],"predecessor-version":[{"id":13890,"href":"https:\/\/radiorevelacionfm.cl\/index.php?rest_route=\/wp\/v2\/posts\/13887\/revisions\/13890"}],"wp:featuredmedia":[{"embeddable":true,"href":"https:\/\/radiorevelacionfm.cl\/index.php?rest_route=\/wp\/v2\/media\/13888"}],"wp:attachment":[{"href":"https:\/\/radiorevelacionfm.cl\/index.php?rest_route=%2Fwp%2Fv2%2Fmedia&parent=13887"}],"wp:term":[{"taxonomy":"category","embeddable":true,"href":"https:\/\/radiorevelacionfm.cl\/index.php?rest_route=%2Fwp%2Fv2%2Fcategories&post=13887"},{"taxonomy":"post_tag","embeddable":true,"href":"https:\/\/radiorevelacionfm.cl\/index.php?rest_route=%2Fwp%2Fv2%2Ftags&post=13887"}],"curies":[{"name":"wp","href":"https:\/\/api.w.org\/{rel}","templated":true}]}}