{"id":13879,"date":"2022-02-18T17:21:12","date_gmt":"2022-02-18T20:21:12","guid":{"rendered":"https:\/\/radiorevelacionfm.cl\/?p=13879"},"modified":"2022-02-18T17:21:12","modified_gmt":"2022-02-18T20:21:12","slug":"extraccion-de-residuos-domiciliarios-aseguraran-condiciones-laborales-y-reconoceran-al-sector-con-el-dia-del-recolector-y-de-la-recolectora","status":"publish","type":"post","link":"https:\/\/radiorevelacionfm.cl\/?p=13879","title":{"rendered":"Extracci\u00f3n de residuos domiciliarios: asegurar\u00e1n condiciones laborales y reconocer\u00e1n al sector con el \u201cd\u00eda del recolector y de la recolectora\u201d"},"content":{"rendered":"<div class=\"flex_column av_one_full  flex_column_div av-zero-column-padding first  avia-builder-el-0  el_before_av_one_full  avia-builder-el-first  \" style='border-radius:0px; '><div  class='avia-image-container  av-styling-    avia-builder-el-1  avia-builder-el-no-sibling  avia-align-center '  itemprop=\"image\" itemscope=\"itemscope\" itemtype=\"https:\/\/schema.org\/ImageObject\"  ><div class='avia-image-container-inner'><div class='avia-image-overlay-wrap'><img decoding=\"async\" class='wp-image-13880 avia-img-lazy-loading-not-13880 avia_image' src=\"https:\/\/radiorevelacionfm.cl\/wp-content\/uploads\/2022\/02\/image-62_optimized.jpg\" alt='' title='image-62_optimized' height=\"600\" width=\"1136\"  itemprop=\"thumbnailUrl\" srcset=\"https:\/\/radiorevelacionfm.cl\/wp-content\/uploads\/2022\/02\/image-62_optimized.jpg 1136w, https:\/\/radiorevelacionfm.cl\/wp-content\/uploads\/2022\/02\/image-62_optimized-300x158.jpg 300w, https:\/\/radiorevelacionfm.cl\/wp-content\/uploads\/2022\/02\/image-62_optimized-1030x544.jpg 1030w, https:\/\/radiorevelacionfm.cl\/wp-content\/uploads\/2022\/02\/image-62_optimized-768x406.jpg 768w, https:\/\/radiorevelacionfm.cl\/wp-content\/uploads\/2022\/02\/image-62_optimized-710x375.jpg 710w, https:\/\/radiorevelacionfm.cl\/wp-content\/uploads\/2022\/02\/image-62_optimized-705x372.jpg 705w, https:\/\/radiorevelacionfm.cl\/wp-content\/uploads\/2022\/02\/image-62_optimized-600x317.jpg 600w\" sizes=\"(max-width: 1136px) 100vw, 1136px\" \/><\/div><\/div><\/div><\/div><div class=\"flex_column av_one_full  flex_column_div av-zero-column-padding first  avia-builder-el-2  el_after_av_one_full  el_before_av_one_full  column-top-margin\" style='border-radius:0px; '><section class=\"av_textblock_section \"  itemscope=\"itemscope\" itemtype=\"https:\/\/schema.org\/BlogPosting\" itemprop=\"blogPost\" ><div class='avia_textblock  '   itemprop=\"text\" ><p style=\"text-align: center;\"><span style=\"font-size: 18pt;\"><strong>Extracci\u00f3n de residuos domiciliarios: asegurar\u00e1n condiciones laborales y reconocer\u00e1n al sector con el \u201cd\u00eda del recolector y de la recolectora\u201d<\/strong><\/span><\/p>\n<div id=\"gtx-trans\" style=\"position: absolute; left: -50px; top: 4.31534px;\">\n<div class=\"gtx-trans-icon\"><\/div>\n<\/div>\n<\/div><\/section><\/div><div class=\"flex_column av_one_full  flex_column_div av-zero-column-padding first  avia-builder-el-4  el_after_av_one_full  el_before_av_hr  column-top-margin\" style='border-radius:0px; '><section class=\"av_textblock_section \"  itemscope=\"itemscope\" itemtype=\"https:\/\/schema.org\/BlogPosting\" itemprop=\"blogPost\" ><div class='avia_textblock  '   itemprop=\"text\" ><p style=\"text-align: justify;\">Sendos proyectos fueron aprobados por la Comisi\u00f3n de Gobierno, instancia que valor\u00f3 el aporte constante de los y las trabajadores del sector.<\/p>\n<p style=\"text-align: justify;\">La <a href=\"https:\/\/www.senado.cl\/appsenado\/index.php?mo=comisiones&amp;ac=ficha&amp;id=185&amp;tipo_comision=10\">Comisi\u00f3n de Gobierno, Descentralizaci\u00f3n y Regionalizaci\u00f3n<\/a> despach\u00f3 a Sala dos proyectos de ley que benefician y reconocen la labor de los recolectores y recolectoras de residuos domiciliarios; esto es, a trav\u00e9s del proyecto de ley que modifica diversos cuerpos normativos con el objetivo de perfeccionar la regulaci\u00f3n relativa a la contrataci\u00f3n, prestaci\u00f3n y pago del servicio de extracci\u00f3n de residuos s\u00f3lidos domiciliarios y del que declara el 29 de julio de cada a\u00f1o como el D\u00eda Nacional del Recolector y la Recolectora de Residuos Domiciliarios.<\/p>\n<p style=\"text-align: justify;\">PERFECCIONA REGULACI\u00d3N<\/p>\n<div class=\"contSubtit\" style=\"text-align: justify;\">\n<div class=\"linkSubtit\">Con el primero, que se encuentra en su segundo tr\u00e1mite constitucional, los integrantes de la instancia parlamentaria, buscan asegurar los pagos y condiciones de los trabajadores del sector, a trav\u00e9s de normas claras y reguladas en las licitaciones y condiciones del servicio de extracci\u00f3n.<\/div>\n<\/div>\n<p style=\"text-align: justify;\">As\u00ed, por mayor\u00eda, decidieron que las bases de licitaci\u00f3n y las adjudicaciones deber\u00e1n ser sometidas a la toma de raz\u00f3n por la Contralor\u00eda, para darle \u201cmayor transparencia al proceso\u201d. Para este punto se indic\u00f3 que hay 69 municipios que se adhirieron a esta toma de raz\u00f3n voluntariamente; sin embargo, algunos legisladores dejaron constancia de sus dudas por los tiempos que se podr\u00eda tomar el ente, retrasando el proceso.<\/p>\n<p style=\"text-align: justify;\">Para determinar la tipolog\u00eda de los municipios se deber\u00e1 considerar, al menos, el n\u00famero de habitantes, el tama\u00f1o de las comunas, la dificultad de acceso, y otras condiciones de la comuna en que se brindar\u00e1 el servicio de recolecci\u00f3n de residuos domiciliarios.<\/p>\n<p style=\"text-align: justify;\">En las licitaciones el criterio econ\u00f3mico deber\u00e1 ponderar al menos un 50 por ciento y el criterio mejores condiciones de empleo y remuneraciones a que se refiere el inciso primero de este articulo deber\u00e1 ponderarse en al menos un 30 por ciento del puntaje total de evaluaci\u00f3n.<\/p>\n<p style=\"text-align: justify;\">Adem\u00e1s, el proyecto se enmarcar\u00e1 solo en las licitaciones del servicio de extracci\u00f3n de residuos y no incluir\u00e1 otros servicios concesionados.<\/p>\n<p style=\"text-align: justify;\"><span class=\"subtit\">D\u00cdA DEL RECOLECOR Y LA RECOLECTORA<\/span><\/p>\n<p style=\"text-align: justify;\">La Comisi\u00f3n especializada, adem\u00e1s, respald\u00f3 por unanimidad el declarar el 29 de julio de cada a\u00f1o como el \u201cD\u00eda Nacional del Recolector y la Recolectora de Residuos Domiciliarios\u201d.<\/p>\n<p style=\"text-align: justify;\">Para este punto, fue destacada transversalmente la \u201cenorme funci\u00f3n que cumplen\u201d y se advirti\u00f3 que pr\u00f3ximamente se debe abordar el avanzar en mayores resguardos sanitarios, principalmente pensando en la situaci\u00f3n de pandemia que se vive a nivel mundial.<\/p>\n<p style=\"text-align: justify;\">En otro punto, la instancia, adem\u00e1s, aprob\u00f3 la moci\u00f3n que permitir\u00e1 a las juntas de vecinos tener como objetivo la prevenci\u00f3n de incendios forestales.<\/p>\n<\/div><\/section><\/div><div  style='height:50px' class='hr hr-invisible   avia-builder-el-6  el_after_av_one_full  el_before_av_social_share '><span class='hr-inner ' ><span class='hr-inner-style'><\/span><\/span><\/div><\/p>\n<div  class='av-social-sharing-box  avia-builder-el-7  el_after_av_hr  el_before_av_hr  '><div class='av-share-box'><h5 class='av-share-link-description av-no-toc '>Compartir esta noticia<\/h5><ul class='av-share-box-list noLightbox'><li class='av-share-link av-social-link-facebook' ><a target=\"_blank\" aria-label=\"Compartir en Facebook\" href='https:\/\/www.facebook.com\/sharer.php?u=https:\/\/radiorevelacionfm.cl\/?p=13879&#038;t=Extracci%C3%B3n%20de%20residuos%20domiciliarios%3A%20asegurar%C3%A1n%20condiciones%20laborales%20y%20reconocer%C3%A1n%20al%20sector%20con%20el%20%E2%80%9Cd%C3%ADa%20del%20recolector%20y%20de%20la%20recolectora%E2%80%9D' aria-hidden='false' data-av_icon='\ue8f3' data-av_iconfont='entypo-fontello' title='' data-avia-related-tooltip='Compartir en Facebook' rel=\"noopener\"><span class='avia_hidden_link_text'>Compartir en Facebook<\/span><\/a><\/li><li class='av-share-link av-social-link-twitter' ><a target=\"_blank\" aria-label=\"Compartir en Twitter\" href='https:\/\/twitter.com\/share?text=Extracci%C3%B3n%20de%20residuos%20domiciliarios%3A%20asegurar%C3%A1n%20condiciones%20laborales%20y%20reconocer%C3%A1n%20al%20sector%20con%20el%20%E2%80%9Cd%C3%ADa%20del%20recolector%20y%20de%20la%20recolectora%E2%80%9D&#038;url=https:\/\/radiorevelacionfm.cl\/?p=13879' aria-hidden='false' data-av_icon='\ue8f1' data-av_iconfont='entypo-fontello' title='' data-avia-related-tooltip='Compartir en Twitter' rel=\"noopener\"><span class='avia_hidden_link_text'>Compartir en Twitter<\/span><\/a><\/li><li class='av-share-link av-social-link-whatsapp' ><a target=\"_blank\" aria-label=\"Compartir en Whatsapp\" href='https:\/\/api.whatsapp.com\/send?text=https:\/\/radiorevelacionfm.cl\/?p=13879' aria-hidden='false' data-av_icon='\uf232' data-av_iconfont='entypo-fontello' title='' data-avia-related-tooltip='Compartir en Whatsapp' rel=\"noopener\"><span class='avia_hidden_link_text'>Compartir en Whatsapp<\/span><\/a><\/li><li class='av-share-link av-social-link-linkedin' ><a target=\"_blank\" aria-label=\"Compartir en LinkedIn\" href='https:\/\/linkedin.com\/shareArticle?mini=true&#038;title=Extracci%C3%B3n%20de%20residuos%20domiciliarios%3A%20asegurar%C3%A1n%20condiciones%20laborales%20y%20reconocer%C3%A1n%20al%20sector%20con%20el%20%E2%80%9Cd%C3%ADa%20del%20recolector%20y%20de%20la%20recolectora%E2%80%9D&#038;url=https:\/\/radiorevelacionfm.cl\/?p=13879' aria-hidden='false' data-av_icon='\ue8fc' data-av_iconfont='entypo-fontello' title='' data-avia-related-tooltip='Compartir en LinkedIn' rel=\"noopener\"><span class='avia_hidden_link_text'>Compartir en LinkedIn<\/span><\/a><\/li><li class='av-share-link av-social-link-mail' ><a  aria-label=\"Compartir por correo\" href='mailto:?subject=Extracci%C3%B3n%20de%20residuos%20domiciliarios%3A%20asegurar%C3%A1n%20condiciones%20laborales%20y%20reconocer%C3%A1n%20al%20sector%20con%20el%20%E2%80%9Cd%C3%ADa%20del%20recolector%20y%20de%20la%20recolectora%E2%80%9D&#038;body=https:\/\/radiorevelacionfm.cl\/?p=13879' aria-hidden='false' data-av_icon='\ue805' data-av_iconfont='entypo-fontello' title='' data-avia-related-tooltip='Compartir por correo'><span class='avia_hidden_link_text'>Compartir por correo<\/span><\/a><\/li><\/ul><\/div><\/div>\n<div  style='height:50px' class='hr hr-invisible   avia-builder-el-8  el_after_av_social_share  el_before_av_comments_list '><span class='hr-inner ' ><span class='hr-inner-style'><\/span><\/span><\/div>\n<div  class='av-buildercomment  av-blog-meta-html-info-disabled av-blog-meta-tag-disabled  '><\/div>\n","protected":false},"excerpt":{"rendered":"","protected":false},"author":1,"featured_media":13880,"comment_status":"open","ping_status":"open","sticky":false,"template":"","format":"standard","meta":{"footnotes":""},"categories":[39],"tags":[],"class_list":["post-13879","post","type-post","status-publish","format-standard","has-post-thumbnail","hentry","category-medio-ambiente"],"jetpack_featured_media_url":"https:\/\/radiorevelacionfm.cl\/wp-content\/uploads\/2022\/02\/image-62_optimized.jpg","_links":{"self":[{"href":"https:\/\/radiorevelacionfm.cl\/index.php?rest_route=\/wp\/v2\/posts\/13879","targetHints":{"allow":["GET"]}}],"collection":[{"href":"https:\/\/radiorevelacionfm.cl\/index.php?rest_route=\/wp\/v2\/posts"}],"about":[{"href":"https:\/\/radiorevelacionfm.cl\/index.php?rest_route=\/wp\/v2\/types\/post"}],"author":[{"embeddable":true,"href":"https:\/\/radiorevelacionfm.cl\/index.php?rest_route=\/wp\/v2\/users\/1"}],"replies":[{"embeddable":true,"href":"https:\/\/radiorevelacionfm.cl\/index.php?rest_route=%2Fwp%2Fv2%2Fcomments&post=13879"}],"version-history":[{"count":2,"href":"https:\/\/radiorevelacionfm.cl\/index.php?rest_route=\/wp\/v2\/posts\/13879\/revisions"}],"predecessor-version":[{"id":13882,"href":"https:\/\/radiorevelacionfm.cl\/index.php?rest_route=\/wp\/v2\/posts\/13879\/revisions\/13882"}],"wp:featuredmedia":[{"embeddable":true,"href":"https:\/\/radiorevelacionfm.cl\/index.php?rest_route=\/wp\/v2\/media\/13880"}],"wp:attachment":[{"href":"https:\/\/radiorevelacionfm.cl\/index.php?rest_route=%2Fwp%2Fv2%2Fmedia&parent=13879"}],"wp:term":[{"taxonomy":"category","embeddable":true,"href":"https:\/\/radiorevelacionfm.cl\/index.php?rest_route=%2Fwp%2Fv2%2Fcategories&post=13879"},{"taxonomy":"post_tag","embeddable":true,"href":"https:\/\/radiorevelacionfm.cl\/index.php?rest_route=%2Fwp%2Fv2%2Ftags&post=13879"}],"curies":[{"name":"wp","href":"https:\/\/api.w.org\/{rel}","templated":true}]}}