{"id":13875,"date":"2022-02-18T16:23:45","date_gmt":"2022-02-18T19:23:45","guid":{"rendered":"https:\/\/radiorevelacionfm.cl\/?p=13875"},"modified":"2022-02-18T16:23:45","modified_gmt":"2022-02-18T19:23:45","slug":"con-alta-participacion-finaliza-programa-vacaciones-en-mi-jardin-de-fundacion-integra","status":"publish","type":"post","link":"https:\/\/radiorevelacionfm.cl\/?p=13875","title":{"rendered":"Con alta participaci\u00f3n finaliza Programa \u201cVacaciones en Mi Jard\u00edn\u201d de Fundaci\u00f3n Integra"},"content":{"rendered":"<div class=\"flex_column av_one_full  flex_column_div av-zero-column-padding first  avia-builder-el-0  el_before_av_one_full  avia-builder-el-first  \" style='border-radius:0px; '><div  class='avia-image-container  av-styling-    avia-builder-el-1  avia-builder-el-no-sibling  avia-align-center '  itemprop=\"image\" itemscope=\"itemscope\" itemtype=\"https:\/\/schema.org\/ImageObject\"  ><div class='avia-image-container-inner'><div class='avia-image-overlay-wrap'><img decoding=\"async\" class='wp-image-13876 avia-img-lazy-loading-not-13876 avia_image' src=\"https:\/\/radiorevelacionfm.cl\/wp-content\/uploads\/2022\/02\/image-61-2_optimized.jpg\" alt='' title='image-61-2_optimized' height=\"600\" width=\"920\"  itemprop=\"thumbnailUrl\" srcset=\"https:\/\/radiorevelacionfm.cl\/wp-content\/uploads\/2022\/02\/image-61-2_optimized.jpg 920w, https:\/\/radiorevelacionfm.cl\/wp-content\/uploads\/2022\/02\/image-61-2_optimized-300x196.jpg 300w, https:\/\/radiorevelacionfm.cl\/wp-content\/uploads\/2022\/02\/image-61-2_optimized-768x501.jpg 768w, https:\/\/radiorevelacionfm.cl\/wp-content\/uploads\/2022\/02\/image-61-2_optimized-705x460.jpg 705w, https:\/\/radiorevelacionfm.cl\/wp-content\/uploads\/2022\/02\/image-61-2_optimized-600x391.jpg 600w\" sizes=\"(max-width: 920px) 100vw, 920px\" \/><\/div><\/div><\/div><\/div><div class=\"flex_column av_one_full  flex_column_div av-zero-column-padding first  avia-builder-el-2  el_after_av_one_full  el_before_av_one_full  column-top-margin\" style='border-radius:0px; '><section class=\"av_textblock_section \"  itemscope=\"itemscope\" itemtype=\"https:\/\/schema.org\/BlogPosting\" itemprop=\"blogPost\" ><div class='avia_textblock  '   itemprop=\"text\" ><p style=\"text-align: center;\"><span style=\"font-size: 18pt;\"><strong>Con alta participaci\u00f3n finaliza Programa \u201cVacaciones en Mi Jard\u00edn\u201d de Fundaci\u00f3n Integra<\/strong><\/span><\/p>\n<div id=\"gtx-trans\" style=\"position: absolute; left: -50px; top: 4.31534px;\">\n<div class=\"gtx-trans-icon\"><\/div>\n<\/div>\n<\/div><\/section><\/div><div class=\"flex_column av_one_full  flex_column_div av-zero-column-padding first  avia-builder-el-4  el_after_av_one_full  el_before_av_hr  column-top-margin\" style='border-radius:0px; '><section class=\"av_textblock_section \"  itemscope=\"itemscope\" itemtype=\"https:\/\/schema.org\/BlogPosting\" itemprop=\"blogPost\" ><div class='avia_textblock  '   itemprop=\"text\" ><p style=\"text-align: justify;\">Este 18 de febrero, y tras seis semanas de variadas actividades, se dio fin al Programa \u201cVacaciones en Mi Jard\u00edn\u201d 2022 de Fundaci\u00f3n Integra. El programa atendi\u00f3 a 56 ni\u00f1as y ni\u00f1os de la regi\u00f3n bajo una modalidad recreativo-vacacional permitiendo con esto colaborar con aquellas familias que por razones laborales y\/o de vulnerabilidad no pueden cuidar a sus hijas e hijos durante este periodo.<\/p>\n<p style=\"text-align: justify;\">La directora regional de Fundaci\u00f3n Integra, Isabel Roncallo Fandi\u00f1o destac\u00f3 estar \u201ccontenta con la alta participaci\u00f3n de las familias y sus hijos en el Programa Vacaciones en Mi Jard\u00edn de este a\u00f1o. Quiero agradecer la confianza de todos quienes fueron parte de este programa estival ya que vieron en nosotros un espacio seguro y confiable\u201d. A la vez destac\u00f3 que \u201cnuestro objetivo principal era que los ni\u00f1os y ni\u00f1as disfrutaran de unas vacaciones entretenidas y cumplimos a cabalidad con esa premisa\u201d.<\/p>\n<p style=\"text-align: justify;\">Los establecimientos a cargo de este Programa fueron los jardines infantiles \u201cAyel\u00e9n\u201d y \u201cNueva Esperanza\u201d quienes desarrollaron acciones tales como yoga, cuentacuentos, shows de magia, obras de t\u00edteres, entre otras, permitiendo con esto desarrollar habilidades sociales, establecer v\u00ednculos con sus pares y fomentar la creatividad e imaginaci\u00f3n de los ni\u00f1os y ni\u00f1as que fueron parte de este espacio.<\/p>\n<p style=\"text-align: justify;\">La directora del jard\u00edn infantil \u201cNueva Esperanza\u201d, Javiera \u00c1lvarez Herrera destac\u00f3 que \u201cse vivi\u00f3 intensamente por parte de toda la comunidad educativa ya que fue un programa que estuvo detenido dos a\u00f1os producto de la Pandemia y nosotros marcamos un precedente con esta atenci\u00f3n durante este a\u00f1o\u201d. A la vez, recalc\u00f3 que \u201cquisimos favorecer el aprendizaje integral de todos los ni\u00f1os entregando y favoreciendo, a trav\u00e9s del juego y actividades l\u00fadicas sus conocimientos\u201d.<\/p>\n<p style=\"text-align: justify;\">Es importante recordar que el Programa \u201cVacaciones en Mi Jard\u00edn\u201d entreg\u00f3 la posibilidad de hacer un quiebre en la rutina a las ni\u00f1as y ni\u00f1os marcando una diferencia respecto del trabajo que desarrollan los jardines infantiles durante to Katherine de la Guarda do el a\u00f1o.<\/p>\n<p style=\"text-align: justify;\">La directora del jard\u00edn infantil \u201cAyelen\u201d, Katherine de la Guarda destac\u00f3 la importancia de los jardines infantiles en sus procesos neuronales durante los primeros a\u00f1os de vida recalcando que \u201ctienen muchas ganas de explorar y conocer el mundo que los rodea. Su cerebro es capaz de formar conexiones neuronales que van aumentando a medida que van creciendo. Por lo cual es muy importante aprovechar estos espacios en donde lo hacen de manera\u00a0 natural y en conjunto con sus pares y equipos educativos dedicados a entregar aprendizajes significativos\u201d.<\/p>\n<p style=\"text-align: justify;\">En este contexto la directora regional de Fundaci\u00f3n Integra invit\u00f3 \u201ca las familias a que se sumen a nuestra instituci\u00f3n y que sean parte de una de las instituciones l\u00edderes en educaci\u00f3n en Primera Infancia de nuestro pa\u00eds\u201d. Del mismo modo dej\u00f3 en claro \u201cque este a\u00f1o, al igual que los a\u00f1os anteriores, estamos aplicando todas las medidas de resguardo y protecci\u00f3n por COVID 19 las que nos permitir\u00e1n ir retomando, paulatinamente, las rutinas en nuestros jardines infantiles.\u201d.<\/p>\n<p style=\"text-align: justify;\">Finalmente, cabe destacar que este 2 de marzo comienza la atenci\u00f3n regular de las ni\u00f1as y ni\u00f1os que forman parte de Fundaci\u00f3n Integra y que desde la misma instituci\u00f3n destacan que a\u00fan hay posibilidad de matr\u00edcula para buena parte de sus 19 jardines infantiles y salas cuna presentes en la regi\u00f3n.<\/p>\n<\/div><\/section><\/div><div  style='height:50px' class='hr hr-invisible   avia-builder-el-6  el_after_av_one_full  el_before_av_social_share '><span class='hr-inner ' ><span class='hr-inner-style'><\/span><\/span><\/div><\/p>\n<div  class='av-social-sharing-box  avia-builder-el-7  el_after_av_hr  el_before_av_hr  '><div class='av-share-box'><h5 class='av-share-link-description av-no-toc '>Compartir esta noticia<\/h5><ul class='av-share-box-list noLightbox'><li class='av-share-link av-social-link-facebook' ><a target=\"_blank\" aria-label=\"Compartir en Facebook\" href='https:\/\/www.facebook.com\/sharer.php?u=https:\/\/radiorevelacionfm.cl\/?p=13875&#038;t=Con%20alta%20participaci%C3%B3n%20finaliza%20Programa%20%E2%80%9CVacaciones%20en%20Mi%20Jard%C3%ADn%E2%80%9D%20de%20Fundaci%C3%B3n%20Integra' aria-hidden='false' data-av_icon='\ue8f3' data-av_iconfont='entypo-fontello' title='' data-avia-related-tooltip='Compartir en Facebook' rel=\"noopener\"><span class='avia_hidden_link_text'>Compartir en Facebook<\/span><\/a><\/li><li class='av-share-link av-social-link-twitter' ><a target=\"_blank\" aria-label=\"Compartir en Twitter\" href='https:\/\/twitter.com\/share?text=Con%20alta%20participaci%C3%B3n%20finaliza%20Programa%20%E2%80%9CVacaciones%20en%20Mi%20Jard%C3%ADn%E2%80%9D%20de%20Fundaci%C3%B3n%20Integra&#038;url=https:\/\/radiorevelacionfm.cl\/?p=13875' aria-hidden='false' data-av_icon='\ue8f1' data-av_iconfont='entypo-fontello' title='' data-avia-related-tooltip='Compartir en Twitter' rel=\"noopener\"><span class='avia_hidden_link_text'>Compartir en Twitter<\/span><\/a><\/li><li class='av-share-link av-social-link-whatsapp' ><a target=\"_blank\" aria-label=\"Compartir en Whatsapp\" href='https:\/\/api.whatsapp.com\/send?text=https:\/\/radiorevelacionfm.cl\/?p=13875' aria-hidden='false' data-av_icon='\uf232' data-av_iconfont='entypo-fontello' title='' data-avia-related-tooltip='Compartir en Whatsapp' rel=\"noopener\"><span class='avia_hidden_link_text'>Compartir en Whatsapp<\/span><\/a><\/li><li class='av-share-link av-social-link-linkedin' ><a target=\"_blank\" aria-label=\"Compartir en LinkedIn\" href='https:\/\/linkedin.com\/shareArticle?mini=true&#038;title=Con%20alta%20participaci%C3%B3n%20finaliza%20Programa%20%E2%80%9CVacaciones%20en%20Mi%20Jard%C3%ADn%E2%80%9D%20de%20Fundaci%C3%B3n%20Integra&#038;url=https:\/\/radiorevelacionfm.cl\/?p=13875' aria-hidden='false' data-av_icon='\ue8fc' data-av_iconfont='entypo-fontello' title='' data-avia-related-tooltip='Compartir en LinkedIn' rel=\"noopener\"><span class='avia_hidden_link_text'>Compartir en LinkedIn<\/span><\/a><\/li><li class='av-share-link av-social-link-mail' ><a  aria-label=\"Compartir por correo\" href='mailto:?subject=Con%20alta%20participaci%C3%B3n%20finaliza%20Programa%20%E2%80%9CVacaciones%20en%20Mi%20Jard%C3%ADn%E2%80%9D%20de%20Fundaci%C3%B3n%20Integra&#038;body=https:\/\/radiorevelacionfm.cl\/?p=13875' aria-hidden='false' data-av_icon='\ue805' data-av_iconfont='entypo-fontello' title='' data-avia-related-tooltip='Compartir por correo'><span class='avia_hidden_link_text'>Compartir por correo<\/span><\/a><\/li><\/ul><\/div><\/div>\n<div  style='height:50px' class='hr hr-invisible   avia-builder-el-8  el_after_av_social_share  el_before_av_comments_list '><span class='hr-inner ' ><span class='hr-inner-style'><\/span><\/span><\/div>\n<div  class='av-buildercomment  av-blog-meta-html-info-disabled av-blog-meta-tag-disabled  '><\/div>\n","protected":false},"excerpt":{"rendered":"","protected":false},"author":1,"featured_media":13876,"comment_status":"open","ping_status":"open","sticky":false,"template":"","format":"standard","meta":{"footnotes":""},"categories":[49],"tags":[],"class_list":["post-13875","post","type-post","status-publish","format-standard","has-post-thumbnail","hentry","category-educacion"],"jetpack_featured_media_url":"https:\/\/radiorevelacionfm.cl\/wp-content\/uploads\/2022\/02\/image-61-2_optimized.jpg","_links":{"self":[{"href":"https:\/\/radiorevelacionfm.cl\/index.php?rest_route=\/wp\/v2\/posts\/13875","targetHints":{"allow":["GET"]}}],"collection":[{"href":"https:\/\/radiorevelacionfm.cl\/index.php?rest_route=\/wp\/v2\/posts"}],"about":[{"href":"https:\/\/radiorevelacionfm.cl\/index.php?rest_route=\/wp\/v2\/types\/post"}],"author":[{"embeddable":true,"href":"https:\/\/radiorevelacionfm.cl\/index.php?rest_route=\/wp\/v2\/users\/1"}],"replies":[{"embeddable":true,"href":"https:\/\/radiorevelacionfm.cl\/index.php?rest_route=%2Fwp%2Fv2%2Fcomments&post=13875"}],"version-history":[{"count":2,"href":"https:\/\/radiorevelacionfm.cl\/index.php?rest_route=\/wp\/v2\/posts\/13875\/revisions"}],"predecessor-version":[{"id":13878,"href":"https:\/\/radiorevelacionfm.cl\/index.php?rest_route=\/wp\/v2\/posts\/13875\/revisions\/13878"}],"wp:featuredmedia":[{"embeddable":true,"href":"https:\/\/radiorevelacionfm.cl\/index.php?rest_route=\/wp\/v2\/media\/13876"}],"wp:attachment":[{"href":"https:\/\/radiorevelacionfm.cl\/index.php?rest_route=%2Fwp%2Fv2%2Fmedia&parent=13875"}],"wp:term":[{"taxonomy":"category","embeddable":true,"href":"https:\/\/radiorevelacionfm.cl\/index.php?rest_route=%2Fwp%2Fv2%2Fcategories&post=13875"},{"taxonomy":"post_tag","embeddable":true,"href":"https:\/\/radiorevelacionfm.cl\/index.php?rest_route=%2Fwp%2Fv2%2Ftags&post=13875"}],"curies":[{"name":"wp","href":"https:\/\/api.w.org\/{rel}","templated":true}]}}