{"id":13862,"date":"2022-02-17T19:20:05","date_gmt":"2022-02-17T22:20:05","guid":{"rendered":"https:\/\/radiorevelacionfm.cl\/?p=13862"},"modified":"2022-02-17T19:20:05","modified_gmt":"2022-02-17T22:20:05","slug":"con-gran-convocatoria-se-realizo-la-primera-jornada-para-proyectos-de-la-red-proteccional-mejor-ninez-de-la-region-de-aysen","status":"publish","type":"post","link":"https:\/\/radiorevelacionfm.cl\/?p=13862","title":{"rendered":"Con gran convocatoria se realiz\u00f3 la primera jornada para proyectos de la red proteccional Mejor Ni\u00f1ez de la regi\u00f3n de Ays\u00e9n"},"content":{"rendered":"<div class=\"flex_column av_one_full  flex_column_div av-zero-column-padding first  avia-builder-el-0  el_before_av_one_full  avia-builder-el-first  \" style='border-radius:0px; '><div  class='avia-image-container  av-styling-    avia-builder-el-1  avia-builder-el-no-sibling  avia-align-center '  itemprop=\"image\" itemscope=\"itemscope\" itemtype=\"https:\/\/schema.org\/ImageObject\"  ><div class='avia-image-container-inner'><div class='avia-image-overlay-wrap'><img decoding=\"async\" class='wp-image-13863 avia-img-lazy-loading-not-13863 avia_image' src=\"https:\/\/radiorevelacionfm.cl\/wp-content\/uploads\/2022\/02\/Captura-de-Pantalla-2022-02-08-a-las-11.35.13-2-2.jpg\" alt='' title='Captura de Pantalla 2022-02-08 a la(s) 11.35.13-2-2' height=\"600\" width=\"1044\"  itemprop=\"thumbnailUrl\" srcset=\"https:\/\/radiorevelacionfm.cl\/wp-content\/uploads\/2022\/02\/Captura-de-Pantalla-2022-02-08-a-las-11.35.13-2-2.jpg 1044w, https:\/\/radiorevelacionfm.cl\/wp-content\/uploads\/2022\/02\/Captura-de-Pantalla-2022-02-08-a-las-11.35.13-2-2-300x172.jpg 300w, https:\/\/radiorevelacionfm.cl\/wp-content\/uploads\/2022\/02\/Captura-de-Pantalla-2022-02-08-a-las-11.35.13-2-2-1030x592.jpg 1030w, https:\/\/radiorevelacionfm.cl\/wp-content\/uploads\/2022\/02\/Captura-de-Pantalla-2022-02-08-a-las-11.35.13-2-2-768x441.jpg 768w, https:\/\/radiorevelacionfm.cl\/wp-content\/uploads\/2022\/02\/Captura-de-Pantalla-2022-02-08-a-las-11.35.13-2-2-705x405.jpg 705w, https:\/\/radiorevelacionfm.cl\/wp-content\/uploads\/2022\/02\/Captura-de-Pantalla-2022-02-08-a-las-11.35.13-2-2-600x345.jpg 600w\" sizes=\"(max-width: 1044px) 100vw, 1044px\" \/><\/div><\/div><\/div><\/div><div class=\"flex_column av_one_full  flex_column_div av-zero-column-padding first  avia-builder-el-2  el_after_av_one_full  el_before_av_one_full  column-top-margin\" style='border-radius:0px; '><section class=\"av_textblock_section \"  itemscope=\"itemscope\" itemtype=\"https:\/\/schema.org\/BlogPosting\" itemprop=\"blogPost\" ><div class='avia_textblock  '   itemprop=\"text\" ><p style=\"text-align: center;\"><strong><span style=\"font-size: 18pt;\">Con gran convocatoria se realiz\u00f3 la primera jornada para proyectos de la red proteccional Mejor Ni\u00f1ez de la regi\u00f3n de Ays\u00e9n<\/span><\/strong><\/p>\n<div id=\"gtx-trans\" style=\"position: absolute; left: -50px; top: 4.31534px;\">\n<div class=\"gtx-trans-icon\"><\/div>\n<\/div>\n<\/div><\/section><\/div><div class=\"flex_column av_one_full  flex_column_div av-zero-column-padding first  avia-builder-el-4  el_after_av_one_full  el_before_av_hr  column-top-margin\" style='border-radius:0px; '><section class=\"av_textblock_section \"  itemscope=\"itemscope\" itemtype=\"https:\/\/schema.org\/BlogPosting\" itemprop=\"blogPost\" ><div class='avia_textblock  '   itemprop=\"text\" ><p style=\"text-align: justify;\">Desde su entrada en funcionamiento como el nuevo servicio a cargo de la protecci\u00f3n especializada de ni\u00f1os, ni\u00f1as y adolescentes, desde el 1 de octubre de 2021, Mejor Ni\u00f1ez, ha estado trabajando arduamente para concretar los esperados y necesarios cambios en la proteccio\u0301n de la nin\u0303ez vulnerada, con una mayor participacio\u0301n de sus familias y capacitacio\u0301n de profesionales.<\/p>\n<p style=\"text-align: justify;\">En este sentido, hace algunos d\u00edas se reuni\u00f3 con gran parte de los profesionales que se desempe\u00f1an en los 23 proyectos que forman parte de su red de protecci\u00f3n en la regi\u00f3n de Ays\u00e9n.<\/p>\n<p style=\"text-align: justify;\">Seg\u00fan destac\u00f3 Gabriela Opazo Pino, directora regional (S) de Mejor Ni\u00f1ez, esta instancia de encuentro \u201cfue preparada con cari\u00f1o y alegr\u00eda para tender puentes de comunicaci\u00f3n constante, fluida y permanente con todos los proyectos que se encuentran a lo largo de nuestro hermoso territorio\u201d.<\/p>\n<p style=\"text-align: justify;\">La red proteccional de Mejor Ni\u00f1ez en la regi\u00f3n de Ays\u00e9n se encuentra conformada por 23 proyectos: 6 Oficinas de Protecci\u00f3n de Derechos (OPD), 5 programas de Prevenci\u00f3n Focalizada (PPF), 3 Programas de Intervenci\u00f3n Especializada (PIE), 2 programas de Diagnostico Ambulatorio (DAM), 3 Programas de Reparaci\u00f3n de Maltrato (PRM), un programa de Familias de Acogida (FAE), una residencia de adolecentes y una residencia de lactantes.<\/p>\n<p style=\"text-align: justify;\">A trav\u00e9s de ella el nuevo servicio logra llegar con su accionar a gran parte del territorio para atender a los ni\u00f1os, ni\u00f1as y adolescentes que han sido gravemente amenazados o vulnerados en sus derechos.<\/p>\n<p style=\"text-align: justify;\">Durante la Jornada los integrantes de la Unidad de Supervisi\u00f3n y Fiscalizaci\u00f3n de Mejor Ni\u00f1ez Ays\u00e9n, formada por 5 profesionales, abordaron los lineamientos de supervisi\u00f3n t\u00e9cnica y financiera, as\u00ed como tambi\u00e9n de fiscalizaci\u00f3n, que constantemente se realizar\u00e1n a los proyectos que integran la red.<\/p>\n<p style=\"text-align: justify;\">As\u00ed lo destac\u00f3 Mario Pereira, Jefe de la Unidad, quien puntualiz\u00f3 que esta jornada se enmarca \u201cdentro de los procesos de mejora continua que se estan implementando en el nuevo servicio, y que busca la\u00a0 capacitaci\u00f3n de todos aquellos funcionarios y trabajadores que se vinculan directamente con los nin\u0303os, nin\u0303as y adolescentes desarrollando una mayor supervisio\u0301n, acompan\u0303amiento te\u0301cnico, y fiscalizacio\u0301n de la calidad, oportunidad y eficacia de la atencio\u0301n que se entrega, tanto de forma directa por Mejor Nin\u0303ez, como a trave\u0301s de los colaboradores acreditados.\u201d<\/p>\n<p style=\"text-align: justify;\">Tras esta primera jornada de este 2022, la segunda desde su inicio como nuevo servicio, Gabriela Opazo, agradeci\u00f3 a cada participante \u201cla vocaci\u00f3n de servicio y el compromiso que d\u00eda a d\u00eda ponen en esta labor en pos de la protecci\u00f3n \u00a0de\u00a0 ni\u00f1os, ni\u00f1as y adolescentes que han sufrido vulneraci\u00f3n en sus derechos esenciales\u201d.<\/p>\n<p style=\"text-align: justify;\"><strong>\u00a0<\/strong><\/p>\n<\/div><\/section><\/div><div  style='height:50px' class='hr hr-invisible   avia-builder-el-6  el_after_av_one_full  el_before_av_social_share '><span class='hr-inner ' ><span class='hr-inner-style'><\/span><\/span><\/div><\/p>\n<div  class='av-social-sharing-box  avia-builder-el-7  el_after_av_hr  el_before_av_hr  '><div class='av-share-box'><h5 class='av-share-link-description av-no-toc '>Compartir esta noticia<\/h5><ul class='av-share-box-list noLightbox'><li class='av-share-link av-social-link-facebook' ><a target=\"_blank\" aria-label=\"Compartir en Facebook\" href='https:\/\/www.facebook.com\/sharer.php?u=https:\/\/radiorevelacionfm.cl\/?p=13862&#038;t=Con%20gran%20convocatoria%20se%20realiz%C3%B3%20la%20primera%20jornada%20para%20proyectos%20de%20la%20red%20proteccional%20Mejor%20Ni%C3%B1ez%20de%20la%20regi%C3%B3n%20de%20Ays%C3%A9n' aria-hidden='false' data-av_icon='\ue8f3' data-av_iconfont='entypo-fontello' title='' data-avia-related-tooltip='Compartir en Facebook' rel=\"noopener\"><span class='avia_hidden_link_text'>Compartir en Facebook<\/span><\/a><\/li><li class='av-share-link av-social-link-twitter' ><a target=\"_blank\" aria-label=\"Compartir en Twitter\" href='https:\/\/twitter.com\/share?text=Con%20gran%20convocatoria%20se%20realiz%C3%B3%20la%20primera%20jornada%20para%20proyectos%20de%20la%20red%20proteccional%20Mejor%20Ni%C3%B1ez%20de%20la%20regi%C3%B3n%20de%20Ays%C3%A9n&#038;url=https:\/\/radiorevelacionfm.cl\/?p=13862' aria-hidden='false' data-av_icon='\ue8f1' data-av_iconfont='entypo-fontello' title='' data-avia-related-tooltip='Compartir en Twitter' rel=\"noopener\"><span class='avia_hidden_link_text'>Compartir en Twitter<\/span><\/a><\/li><li class='av-share-link av-social-link-whatsapp' ><a target=\"_blank\" aria-label=\"Compartir en Whatsapp\" href='https:\/\/api.whatsapp.com\/send?text=https:\/\/radiorevelacionfm.cl\/?p=13862' aria-hidden='false' data-av_icon='\uf232' data-av_iconfont='entypo-fontello' title='' data-avia-related-tooltip='Compartir en Whatsapp' rel=\"noopener\"><span class='avia_hidden_link_text'>Compartir en Whatsapp<\/span><\/a><\/li><li class='av-share-link av-social-link-linkedin' ><a target=\"_blank\" aria-label=\"Compartir en LinkedIn\" href='https:\/\/linkedin.com\/shareArticle?mini=true&#038;title=Con%20gran%20convocatoria%20se%20realiz%C3%B3%20la%20primera%20jornada%20para%20proyectos%20de%20la%20red%20proteccional%20Mejor%20Ni%C3%B1ez%20de%20la%20regi%C3%B3n%20de%20Ays%C3%A9n&#038;url=https:\/\/radiorevelacionfm.cl\/?p=13862' aria-hidden='false' data-av_icon='\ue8fc' data-av_iconfont='entypo-fontello' title='' data-avia-related-tooltip='Compartir en LinkedIn' rel=\"noopener\"><span class='avia_hidden_link_text'>Compartir en LinkedIn<\/span><\/a><\/li><li class='av-share-link av-social-link-mail' ><a  aria-label=\"Compartir por correo\" href='mailto:?subject=Con%20gran%20convocatoria%20se%20realiz%C3%B3%20la%20primera%20jornada%20para%20proyectos%20de%20la%20red%20proteccional%20Mejor%20Ni%C3%B1ez%20de%20la%20regi%C3%B3n%20de%20Ays%C3%A9n&#038;body=https:\/\/radiorevelacionfm.cl\/?p=13862' aria-hidden='false' data-av_icon='\ue805' data-av_iconfont='entypo-fontello' title='' data-avia-related-tooltip='Compartir por correo'><span class='avia_hidden_link_text'>Compartir por correo<\/span><\/a><\/li><\/ul><\/div><\/div>\n<div  style='height:50px' class='hr hr-invisible   avia-builder-el-8  el_after_av_social_share  el_before_av_comments_list '><span class='hr-inner ' ><span class='hr-inner-style'><\/span><\/span><\/div>\n<div  class='av-buildercomment  av-blog-meta-html-info-disabled av-blog-meta-tag-disabled  '><\/div>\n","protected":false},"excerpt":{"rendered":"","protected":false},"author":1,"featured_media":13863,"comment_status":"open","ping_status":"open","sticky":false,"template":"","format":"standard","meta":{"footnotes":""},"categories":[38],"tags":[],"class_list":["post-13862","post","type-post","status-publish","format-standard","has-post-thumbnail","hentry","category-regional"],"jetpack_featured_media_url":"https:\/\/radiorevelacionfm.cl\/wp-content\/uploads\/2022\/02\/Captura-de-Pantalla-2022-02-08-a-las-11.35.13-2-2.jpg","_links":{"self":[{"href":"https:\/\/radiorevelacionfm.cl\/index.php?rest_route=\/wp\/v2\/posts\/13862","targetHints":{"allow":["GET"]}}],"collection":[{"href":"https:\/\/radiorevelacionfm.cl\/index.php?rest_route=\/wp\/v2\/posts"}],"about":[{"href":"https:\/\/radiorevelacionfm.cl\/index.php?rest_route=\/wp\/v2\/types\/post"}],"author":[{"embeddable":true,"href":"https:\/\/radiorevelacionfm.cl\/index.php?rest_route=\/wp\/v2\/users\/1"}],"replies":[{"embeddable":true,"href":"https:\/\/radiorevelacionfm.cl\/index.php?rest_route=%2Fwp%2Fv2%2Fcomments&post=13862"}],"version-history":[{"count":2,"href":"https:\/\/radiorevelacionfm.cl\/index.php?rest_route=\/wp\/v2\/posts\/13862\/revisions"}],"predecessor-version":[{"id":13865,"href":"https:\/\/radiorevelacionfm.cl\/index.php?rest_route=\/wp\/v2\/posts\/13862\/revisions\/13865"}],"wp:featuredmedia":[{"embeddable":true,"href":"https:\/\/radiorevelacionfm.cl\/index.php?rest_route=\/wp\/v2\/media\/13863"}],"wp:attachment":[{"href":"https:\/\/radiorevelacionfm.cl\/index.php?rest_route=%2Fwp%2Fv2%2Fmedia&parent=13862"}],"wp:term":[{"taxonomy":"category","embeddable":true,"href":"https:\/\/radiorevelacionfm.cl\/index.php?rest_route=%2Fwp%2Fv2%2Fcategories&post=13862"},{"taxonomy":"post_tag","embeddable":true,"href":"https:\/\/radiorevelacionfm.cl\/index.php?rest_route=%2Fwp%2Fv2%2Ftags&post=13862"}],"curies":[{"name":"wp","href":"https:\/\/api.w.org\/{rel}","templated":true}]}}