{"id":13858,"date":"2022-02-17T15:55:10","date_gmt":"2022-02-17T18:55:10","guid":{"rendered":"https:\/\/radiorevelacionfm.cl\/?p=13858"},"modified":"2022-02-17T15:55:10","modified_gmt":"2022-02-17T18:55:10","slug":"corte-de-apelaciones-de-coyhaique-confirma-condena-de-7-anos-de-presidio-por-trafico-de-drogas","status":"publish","type":"post","link":"https:\/\/radiorevelacionfm.cl\/?p=13858","title":{"rendered":"Corte de Apelaciones de Coyhaique confirma condena de 7 a\u00f1os de presidio por tr\u00e1fico de drogas"},"content":{"rendered":"<div class=\"flex_column av_one_full  flex_column_div av-zero-column-padding first  avia-builder-el-0  el_before_av_one_full  avia-builder-el-first  \" style='border-radius:0px; '><div  class='avia-image-container  av-styling-    avia-builder-el-1  avia-builder-el-no-sibling  avia-align-center '  itemprop=\"image\" itemscope=\"itemscope\" itemtype=\"https:\/\/schema.org\/ImageObject\"  ><div class='avia-image-container-inner'><div class='avia-image-overlay-wrap'><img decoding=\"async\" class='wp-image-13859 avia-img-lazy-loading-not-13859 avia_image' src=\"https:\/\/radiorevelacionfm.cl\/wp-content\/uploads\/2022\/02\/corte-primera-sala-2_optimized.jpg\" alt='' title='corte-primera-sala-2_optimized' height=\"600\" width=\"1549\"  itemprop=\"thumbnailUrl\" srcset=\"https:\/\/radiorevelacionfm.cl\/wp-content\/uploads\/2022\/02\/corte-primera-sala-2_optimized.jpg 1549w, https:\/\/radiorevelacionfm.cl\/wp-content\/uploads\/2022\/02\/corte-primera-sala-2_optimized-300x116.jpg 300w, https:\/\/radiorevelacionfm.cl\/wp-content\/uploads\/2022\/02\/corte-primera-sala-2_optimized-1030x399.jpg 1030w, https:\/\/radiorevelacionfm.cl\/wp-content\/uploads\/2022\/02\/corte-primera-sala-2_optimized-768x297.jpg 768w, https:\/\/radiorevelacionfm.cl\/wp-content\/uploads\/2022\/02\/corte-primera-sala-2_optimized-1536x595.jpg 1536w, https:\/\/radiorevelacionfm.cl\/wp-content\/uploads\/2022\/02\/corte-primera-sala-2_optimized-1500x581.jpg 1500w, https:\/\/radiorevelacionfm.cl\/wp-content\/uploads\/2022\/02\/corte-primera-sala-2_optimized-705x273.jpg 705w, https:\/\/radiorevelacionfm.cl\/wp-content\/uploads\/2022\/02\/corte-primera-sala-2_optimized-600x232.jpg 600w\" sizes=\"(max-width: 1549px) 100vw, 1549px\" \/><\/div><\/div><\/div><\/div><div class=\"flex_column av_one_full  flex_column_div av-zero-column-padding first  avia-builder-el-2  el_after_av_one_full  el_before_av_one_full  column-top-margin\" style='border-radius:0px; '><section class=\"av_textblock_section \"  itemscope=\"itemscope\" itemtype=\"https:\/\/schema.org\/BlogPosting\" itemprop=\"blogPost\" ><div class='avia_textblock  '   itemprop=\"text\" ><p style=\"text-align: center;\"><span style=\"font-size: 18pt;\"><b>Corte\u00a0de\u00a0Apelaciones de Coyhaique\u00a0confirma\u00a0condena de 7 a\u00f1os de presidio por tr\u00e1fico de drogas<\/b><\/span><\/p>\n<div id=\"gtx-trans\" style=\"position: absolute; left: -50px; top: 4.31534px;\">\n<div class=\"gtx-trans-icon\"><\/div>\n<\/div>\n<\/div><\/section><\/div><div class=\"flex_column av_one_full  flex_column_div av-zero-column-padding first  avia-builder-el-4  el_after_av_one_full  el_before_av_hr  column-top-margin\" style='border-radius:0px; '><section class=\"av_textblock_section \"  itemscope=\"itemscope\" itemtype=\"https:\/\/schema.org\/BlogPosting\" itemprop=\"blogPost\" ><div class='avia_textblock  '   itemprop=\"text\" ><p class=\"v1MsoNormal\" style=\"text-align: justify;\">La\u00a0Corte\u00a0de Apelaciones de\u00a0Coyhaique\u00a0rechaz\u00f3 el recurso de nulidad deducido en contra de la sentencia que conden\u00f3 a 7 a\u00f1os de presidio a Yeison C\u00e1ceres Gonz\u00e1lez, en calidad de autor del delito de tr\u00e1fico de estupefacientes. Il\u00edcito perpetrado en marzo del a\u00f1o pasado, en el muelle Oxxean de Puerto Chacabuco, comuna de Puerto Ays\u00e9n.<\/p>\n<p class=\"v1MsoNormal\" style=\"text-align: justify;\">En fallo un\u00e1nime\u00a0(causa rol\u00a07-2022), la Primera Sala del tribunal de alzada \u2013integrada por los ministros Natalia Rencoret Oliva, Pedro Castro Espinoza y Jos\u00e9 Ignacio Mora Trujillo\u2013 descart\u00f3 infracci\u00f3n de ley en la sentencia recurrida, dictada el 22 de diciembre de 2021\u00a0por el\u00a0Tribunal de Juicio Oral en lo Penal de\u00a0Coyhaique.<\/p>\n<p class=\"v1MsoNormal\" style=\"text-align: justify;\">\u00abQue, esta Corte, no advierte error de derecho alguno en la no aplicaci\u00f3n de la atenuante antes referida, desde que la sentencia recurrida consider\u00f3 cada una de las alegaciones de la defensa en orden a establecer la colaboraci\u00f3n eficaz del acusado, descart\u00e1ndolas conforme a los antecedentes probatorios del proceso, sosteniendo que la declaraci\u00f3n del inculpado no puede ser calificada como una colaboraci\u00f3n sustancial para el esclarecimiento de los hechos investigados, aun cuando haya declarado dos veces durante el procedimiento y en la audiencia de juicio oral, a la luz de los testimonios vertidos por los funcionarios de aduana quienes afirman que al momento de consultarle al acusado por el contenido de su equipaje mencion\u00f3 que portaba medicamentos, pesquisando tres paquetes de coca\u00edna y solo ante una segunda revisi\u00f3n de esa misma maleta por funcionarios del OS7, se detectan 2 paquetes m\u00e1s de la misma sustancia, manifestando solo en este momento que portaba droga y describe la din\u00e1mica del encargo, la entrega y el pago de la misma\u00bb, sostiene el fallo.<\/p>\n<p class=\"v1MsoNormal\" style=\"text-align: justify;\">Resoluci\u00f3n que agrega que: \u00ab(&#8230;) asimismo, descartan los sentenciadores entender como colaboraci\u00f3n eficaz, la entrega por parte del acusado de celulares y claves, como la autorizaci\u00f3n de ingreso y registro de su domicilio, pues a esas alturas ya se hab\u00edan incautado 4 kilos 462 gramos de clorhidrato de coca\u00edna que transportaba en su equipaje, por lo que el tribunal a quo valora tales acciones del encartado, a diferencia de lo que sostiene la defensa, estimando que tal colaboraci\u00f3n no es sustancial, lo que esta Corte comparte, al tenor de los hechos inamovibles plasmados en el fallo recurrido, de modo que el actuar de Yeison C\u00e1ceres Gonz\u00e1lez, durante la investigaci\u00f3n y en el juicio no reviste el car\u00e1cter de colaboraci\u00f3n sustancial, ya que igualmente el hecho se hubiese esclarecido\u00bb.<\/p>\n<p class=\"v1MsoNormal\" style=\"text-align: justify;\">Por tanto, se resuelve\u00a0que: \u00abSE RECHAZA, sin costas, el recurso de nulidad planteado por el abogado defensor Santiago Hern\u00e1ndez Serrano, en representaci\u00f3n de Yeison C\u00e1ceres Gonz\u00e1lez, por la causal que se aleg\u00f3, en contra de la sentencia definitiva, de fecha 22 de diciembre de 2021, del Tribunal de Juicio Oral en lo Penal de Coyhaique, por la que se condena al acusado Yeison C\u00e1ceres Gonz\u00e1lez, a la pena de 7 a\u00f1os de presidio mayor en su grado m\u00ednimo, en calidad de autor en los t\u00e9rminos del art\u00edculo 15 N\u00b0 1 del C\u00f3digo Penal en el delito de tr\u00e1fico il\u00edcito de estupefacientes, previsto en el art\u00edculo 3 y sancionado en el art\u00edculo 1, ambos de la Ley N\u00b0 20.000, por lo que en consecuencia, dicha sentencia no es nula\u00bb.<\/p>\n<\/div><\/section><\/div><div  style='height:50px' class='hr hr-invisible   avia-builder-el-6  el_after_av_one_full  el_before_av_social_share '><span class='hr-inner ' ><span class='hr-inner-style'><\/span><\/span><\/div><\/p>\n<div  class='av-social-sharing-box  avia-builder-el-7  el_after_av_hr  el_before_av_hr  '><div class='av-share-box'><h5 class='av-share-link-description av-no-toc '>Compartir esta noticia<\/h5><ul class='av-share-box-list noLightbox'><li class='av-share-link av-social-link-facebook' ><a target=\"_blank\" aria-label=\"Compartir en Facebook\" href='https:\/\/www.facebook.com\/sharer.php?u=https:\/\/radiorevelacionfm.cl\/?p=13858&#038;t=Corte%20de%20Apelaciones%20de%20Coyhaique%20confirma%20condena%20de%207%20a%C3%B1os%20de%20presidio%20por%20tr%C3%A1fico%20de%20drogas' aria-hidden='false' data-av_icon='\ue8f3' data-av_iconfont='entypo-fontello' title='' data-avia-related-tooltip='Compartir en Facebook' rel=\"noopener\"><span class='avia_hidden_link_text'>Compartir en Facebook<\/span><\/a><\/li><li class='av-share-link av-social-link-twitter' ><a target=\"_blank\" aria-label=\"Compartir en Twitter\" href='https:\/\/twitter.com\/share?text=Corte%20de%20Apelaciones%20de%20Coyhaique%20confirma%20condena%20de%207%20a%C3%B1os%20de%20presidio%20por%20tr%C3%A1fico%20de%20drogas&#038;url=https:\/\/radiorevelacionfm.cl\/?p=13858' aria-hidden='false' data-av_icon='\ue8f1' data-av_iconfont='entypo-fontello' title='' data-avia-related-tooltip='Compartir en Twitter' rel=\"noopener\"><span class='avia_hidden_link_text'>Compartir en Twitter<\/span><\/a><\/li><li class='av-share-link av-social-link-whatsapp' ><a target=\"_blank\" aria-label=\"Compartir en Whatsapp\" href='https:\/\/api.whatsapp.com\/send?text=https:\/\/radiorevelacionfm.cl\/?p=13858' aria-hidden='false' data-av_icon='\uf232' data-av_iconfont='entypo-fontello' title='' data-avia-related-tooltip='Compartir en Whatsapp' rel=\"noopener\"><span class='avia_hidden_link_text'>Compartir en Whatsapp<\/span><\/a><\/li><li class='av-share-link av-social-link-linkedin' ><a target=\"_blank\" aria-label=\"Compartir en LinkedIn\" href='https:\/\/linkedin.com\/shareArticle?mini=true&#038;title=Corte%20de%20Apelaciones%20de%20Coyhaique%20confirma%20condena%20de%207%20a%C3%B1os%20de%20presidio%20por%20tr%C3%A1fico%20de%20drogas&#038;url=https:\/\/radiorevelacionfm.cl\/?p=13858' aria-hidden='false' data-av_icon='\ue8fc' data-av_iconfont='entypo-fontello' title='' data-avia-related-tooltip='Compartir en LinkedIn' rel=\"noopener\"><span class='avia_hidden_link_text'>Compartir en LinkedIn<\/span><\/a><\/li><li class='av-share-link av-social-link-mail' ><a  aria-label=\"Compartir por correo\" href='mailto:?subject=Corte%20de%20Apelaciones%20de%20Coyhaique%20confirma%20condena%20de%207%20a%C3%B1os%20de%20presidio%20por%20tr%C3%A1fico%20de%20drogas&#038;body=https:\/\/radiorevelacionfm.cl\/?p=13858' aria-hidden='false' data-av_icon='\ue805' data-av_iconfont='entypo-fontello' title='' data-avia-related-tooltip='Compartir por correo'><span class='avia_hidden_link_text'>Compartir por correo<\/span><\/a><\/li><\/ul><\/div><\/div>\n<div  style='height:50px' class='hr hr-invisible   avia-builder-el-8  el_after_av_social_share  el_before_av_comments_list '><span class='hr-inner ' ><span class='hr-inner-style'><\/span><\/span><\/div>\n<div  class='av-buildercomment  av-blog-meta-html-info-disabled av-blog-meta-tag-disabled  '><\/div>\n","protected":false},"excerpt":{"rendered":"","protected":false},"author":1,"featured_media":13859,"comment_status":"open","ping_status":"open","sticky":false,"template":"","format":"standard","meta":{"footnotes":""},"categories":[55],"tags":[],"class_list":["post-13858","post","type-post","status-publish","format-standard","has-post-thumbnail","hentry","category-justicia"],"jetpack_featured_media_url":"https:\/\/radiorevelacionfm.cl\/wp-content\/uploads\/2022\/02\/corte-primera-sala-2_optimized.jpg","_links":{"self":[{"href":"https:\/\/radiorevelacionfm.cl\/index.php?rest_route=\/wp\/v2\/posts\/13858","targetHints":{"allow":["GET"]}}],"collection":[{"href":"https:\/\/radiorevelacionfm.cl\/index.php?rest_route=\/wp\/v2\/posts"}],"about":[{"href":"https:\/\/radiorevelacionfm.cl\/index.php?rest_route=\/wp\/v2\/types\/post"}],"author":[{"embeddable":true,"href":"https:\/\/radiorevelacionfm.cl\/index.php?rest_route=\/wp\/v2\/users\/1"}],"replies":[{"embeddable":true,"href":"https:\/\/radiorevelacionfm.cl\/index.php?rest_route=%2Fwp%2Fv2%2Fcomments&post=13858"}],"version-history":[{"count":2,"href":"https:\/\/radiorevelacionfm.cl\/index.php?rest_route=\/wp\/v2\/posts\/13858\/revisions"}],"predecessor-version":[{"id":13861,"href":"https:\/\/radiorevelacionfm.cl\/index.php?rest_route=\/wp\/v2\/posts\/13858\/revisions\/13861"}],"wp:featuredmedia":[{"embeddable":true,"href":"https:\/\/radiorevelacionfm.cl\/index.php?rest_route=\/wp\/v2\/media\/13859"}],"wp:attachment":[{"href":"https:\/\/radiorevelacionfm.cl\/index.php?rest_route=%2Fwp%2Fv2%2Fmedia&parent=13858"}],"wp:term":[{"taxonomy":"category","embeddable":true,"href":"https:\/\/radiorevelacionfm.cl\/index.php?rest_route=%2Fwp%2Fv2%2Fcategories&post=13858"},{"taxonomy":"post_tag","embeddable":true,"href":"https:\/\/radiorevelacionfm.cl\/index.php?rest_route=%2Fwp%2Fv2%2Ftags&post=13858"}],"curies":[{"name":"wp","href":"https:\/\/api.w.org\/{rel}","templated":true}]}}