{"id":13846,"date":"2022-02-17T11:09:02","date_gmt":"2022-02-17T14:09:02","guid":{"rendered":"https:\/\/radiorevelacionfm.cl\/?p=13846"},"modified":"2022-02-17T11:09:02","modified_gmt":"2022-02-17T14:09:02","slug":"aprueban-financiamiento-para-mejorar-auditorium-del-liceo-arturo-prat-de-puerto-cisnes","status":"publish","type":"post","link":"https:\/\/radiorevelacionfm.cl\/?p=13846","title":{"rendered":"Aprueban financiamiento para mejorar Audit\u00f3rium del Liceo Arturo Prat de Puerto Cisnes"},"content":{"rendered":"<div class=\"flex_column av_one_full  flex_column_div av-zero-column-padding first  avia-builder-el-0  el_before_av_one_full  avia-builder-el-first  \" style='border-radius:0px; '><div  class='avia-image-container  av-styling-    avia-builder-el-1  avia-builder-el-no-sibling  avia-align-center '  itemprop=\"image\" itemscope=\"itemscope\" itemtype=\"https:\/\/schema.org\/ImageObject\"  ><div class='avia-image-container-inner'><div class='avia-image-overlay-wrap'><img decoding=\"async\" class='wp-image-13847 avia-img-lazy-loading-not-13847 avia_image' src=\"https:\/\/radiorevelacionfm.cl\/wp-content\/uploads\/2022\/02\/image-59-2.jpg\" alt='' title='image-59-2' height=\"600\" width=\"857\"  itemprop=\"thumbnailUrl\" srcset=\"https:\/\/radiorevelacionfm.cl\/wp-content\/uploads\/2022\/02\/image-59-2.jpg 857w, https:\/\/radiorevelacionfm.cl\/wp-content\/uploads\/2022\/02\/image-59-2-300x210.jpg 300w, https:\/\/radiorevelacionfm.cl\/wp-content\/uploads\/2022\/02\/image-59-2-768x538.jpg 768w, https:\/\/radiorevelacionfm.cl\/wp-content\/uploads\/2022\/02\/image-59-2-705x494.jpg 705w, https:\/\/radiorevelacionfm.cl\/wp-content\/uploads\/2022\/02\/image-59-2-600x420.jpg 600w\" sizes=\"(max-width: 857px) 100vw, 857px\" \/><\/div><\/div><\/div><\/div><div class=\"flex_column av_one_full  flex_column_div av-zero-column-padding first  avia-builder-el-2  el_after_av_one_full  el_before_av_one_full  column-top-margin\" style='border-radius:0px; '><section class=\"av_textblock_section \"  itemscope=\"itemscope\" itemtype=\"https:\/\/schema.org\/BlogPosting\" itemprop=\"blogPost\" ><div class='avia_textblock  '   itemprop=\"text\" ><p style=\"text-align: center;\"><strong><span style=\"font-size: 18pt;\">Aprueban financiamiento para mejorar Audit\u00f3rium del Liceo Arturo Prat de Puerto Cisnes<\/span><\/strong><\/p>\n<div id=\"gtx-trans\" style=\"position: absolute; left: -50px; top: 4.31534px;\">\n<div class=\"gtx-trans-icon\"><\/div>\n<\/div>\n<\/div><\/section><\/div><div class=\"flex_column av_one_full  flex_column_div av-zero-column-padding first  avia-builder-el-4  el_after_av_one_full  el_before_av_hr  column-top-margin\" style='border-radius:0px; '><section class=\"av_textblock_section \"  itemscope=\"itemscope\" itemtype=\"https:\/\/schema.org\/BlogPosting\" itemprop=\"blogPost\" ><div class='avia_textblock  '   itemprop=\"text\" ><p style=\"text-align: justify;\">La Ilustre Municipalidad de Cisnes se adjudic\u00f3 la iniciativa denominada \u201cMejoramiento del Espacio Cultural Auditorio Arturo Prat Chac\u00f3n de Puerto Cisnes\u201d, \u00fanico proyecto de la regi\u00f3n seleccionado y financiado a trav\u00e9s del Programa de Financiamiento de Infraestructura Cultural P\u00fablica y\/o Privada 2021 del Ministerio de las Cultura, las Artes y el Patrimonio.<\/p>\n<p style=\"text-align: justify;\">El proyecto considera la intervenci\u00f3n de infraestructura con el fin de convertir\u00a0al auditorio\u00a0en un espacio cultural inclusivo y con accesibilidad universal a las diversas actividades culturales que se desarrollen en la conocida \u201cperla del litoral\u201d. Un espacio que es utilizado por gran parte de la comunidad en distintas actividades, se\u00f1al\u00f3 el Alcalde de la comuna de Cisnes, Francisco Roncagliolo.<\/p>\n<p style=\"text-align: justify;\">\u201cEstamos muy contentos como Municipio por este fondo asignado, para poder mejorar un espacio de uso com\u00fan en Puerto Cisnes, como es, el audit\u00f3rium del liceo. Este recinto no solo funciona como un apoyo acad\u00e9mico, sino que tambi\u00e9n, como un punto de encuentro cultural, un punto de encuentro de distintas ceremonias que se han realizado en la capital comunal y tambi\u00e9n para el desarrollo de distintas actividades y cursos. Por lo mismo, para nosotros es muy importante mejorar sustancialmente este espacio, para que nuestra gente lo pueda usar de la mejor forma posible\u201d.<\/p>\n<p style=\"text-align: justify;\">El mejoramiento considera estacionamiento de losa de hormig\u00f3n y rampa para descenso, nivelaci\u00f3n de suelos, habilitaci\u00f3n de bodegas de equipamientos, vestidor para actores e int\u00e9rpretes, construcci\u00f3n para ba\u00f1o universal, pelda\u00f1os normativos para accesos laterales, entre otras obras.<\/p>\n<p style=\"text-align: justify;\">Importante es relevar al organismo que ha entregado el financiamiento para esta iniciativa, a\u00f1adi\u00f3 el Alcalde Roncagliolo. \u201cEste proyecto fue financiado por el Programa de Financiamiento de Infraestructura Cultural P\u00fablica y Privada del a\u00f1o 2021 del Ministerio de las Cultura, las Artes y el Patrimonio. Por lo tanto, nosotros como Municipio, como comuna, tambi\u00e9n queremos agradecer el hecho de que se haya priorizado esta iniciativa regional por parte de este Ministerio y de esa forma, poder contribuir a mejorar los espacios p\u00fablicos de nuestra comunidad\u201d.<\/p>\n<p style=\"text-align: justify;\">La m\u00e1xima autoridad comunal, Alcalde Francisco Roncagliolo Lepio, quiso tambi\u00e9n poner en valor el trabajo desarrollado por el equipo de la Municipalidad de Cisnes, en especial a las \u00e1reas de Cultura, Secplan y Educaci\u00f3n, lo que permiti\u00f3 que el proyecto salga adelante y sea aprobado.<\/p>\n<\/div><\/section><\/div><div  style='height:50px' class='hr hr-invisible   avia-builder-el-6  el_after_av_one_full  el_before_av_social_share '><span class='hr-inner ' ><span class='hr-inner-style'><\/span><\/span><\/div><\/p>\n<div  class='av-social-sharing-box  avia-builder-el-7  el_after_av_hr  el_before_av_hr  '><div class='av-share-box'><h5 class='av-share-link-description av-no-toc '>Compartir esta noticia<\/h5><ul class='av-share-box-list noLightbox'><li class='av-share-link av-social-link-facebook' ><a target=\"_blank\" aria-label=\"Compartir en Facebook\" href='https:\/\/www.facebook.com\/sharer.php?u=https:\/\/radiorevelacionfm.cl\/?p=13846&#038;t=Aprueban%20financiamiento%20para%20mejorar%20Audit%C3%B3rium%20del%20Liceo%20Arturo%20Prat%20de%20Puerto%20Cisnes' aria-hidden='false' data-av_icon='\ue8f3' data-av_iconfont='entypo-fontello' title='' data-avia-related-tooltip='Compartir en Facebook' rel=\"noopener\"><span class='avia_hidden_link_text'>Compartir en Facebook<\/span><\/a><\/li><li class='av-share-link av-social-link-twitter' ><a target=\"_blank\" aria-label=\"Compartir en Twitter\" href='https:\/\/twitter.com\/share?text=Aprueban%20financiamiento%20para%20mejorar%20Audit%C3%B3rium%20del%20Liceo%20Arturo%20Prat%20de%20Puerto%20Cisnes&#038;url=https:\/\/radiorevelacionfm.cl\/?p=13846' aria-hidden='false' data-av_icon='\ue8f1' data-av_iconfont='entypo-fontello' title='' data-avia-related-tooltip='Compartir en Twitter' rel=\"noopener\"><span class='avia_hidden_link_text'>Compartir en Twitter<\/span><\/a><\/li><li class='av-share-link av-social-link-whatsapp' ><a target=\"_blank\" aria-label=\"Compartir en Whatsapp\" href='https:\/\/api.whatsapp.com\/send?text=https:\/\/radiorevelacionfm.cl\/?p=13846' aria-hidden='false' data-av_icon='\uf232' data-av_iconfont='entypo-fontello' title='' data-avia-related-tooltip='Compartir en Whatsapp' rel=\"noopener\"><span class='avia_hidden_link_text'>Compartir en Whatsapp<\/span><\/a><\/li><li class='av-share-link av-social-link-linkedin' ><a target=\"_blank\" aria-label=\"Compartir en LinkedIn\" href='https:\/\/linkedin.com\/shareArticle?mini=true&#038;title=Aprueban%20financiamiento%20para%20mejorar%20Audit%C3%B3rium%20del%20Liceo%20Arturo%20Prat%20de%20Puerto%20Cisnes&#038;url=https:\/\/radiorevelacionfm.cl\/?p=13846' aria-hidden='false' data-av_icon='\ue8fc' data-av_iconfont='entypo-fontello' title='' data-avia-related-tooltip='Compartir en LinkedIn' rel=\"noopener\"><span class='avia_hidden_link_text'>Compartir en LinkedIn<\/span><\/a><\/li><li class='av-share-link av-social-link-mail' ><a  aria-label=\"Compartir por correo\" href='mailto:?subject=Aprueban%20financiamiento%20para%20mejorar%20Audit%C3%B3rium%20del%20Liceo%20Arturo%20Prat%20de%20Puerto%20Cisnes&#038;body=https:\/\/radiorevelacionfm.cl\/?p=13846' aria-hidden='false' data-av_icon='\ue805' data-av_iconfont='entypo-fontello' title='' data-avia-related-tooltip='Compartir por correo'><span class='avia_hidden_link_text'>Compartir por correo<\/span><\/a><\/li><\/ul><\/div><\/div>\n<div  style='height:50px' class='hr hr-invisible   avia-builder-el-8  el_after_av_social_share  el_before_av_comments_list '><span class='hr-inner ' ><span class='hr-inner-style'><\/span><\/span><\/div>\n<div  class='av-buildercomment  av-blog-meta-html-info-disabled av-blog-meta-tag-disabled  '><\/div>\n","protected":false},"excerpt":{"rendered":"","protected":false},"author":1,"featured_media":13847,"comment_status":"open","ping_status":"open","sticky":false,"template":"","format":"standard","meta":{"footnotes":""},"categories":[38],"tags":[],"class_list":["post-13846","post","type-post","status-publish","format-standard","has-post-thumbnail","hentry","category-regional"],"jetpack_featured_media_url":"https:\/\/radiorevelacionfm.cl\/wp-content\/uploads\/2022\/02\/image-59-2.jpg","_links":{"self":[{"href":"https:\/\/radiorevelacionfm.cl\/index.php?rest_route=\/wp\/v2\/posts\/13846","targetHints":{"allow":["GET"]}}],"collection":[{"href":"https:\/\/radiorevelacionfm.cl\/index.php?rest_route=\/wp\/v2\/posts"}],"about":[{"href":"https:\/\/radiorevelacionfm.cl\/index.php?rest_route=\/wp\/v2\/types\/post"}],"author":[{"embeddable":true,"href":"https:\/\/radiorevelacionfm.cl\/index.php?rest_route=\/wp\/v2\/users\/1"}],"replies":[{"embeddable":true,"href":"https:\/\/radiorevelacionfm.cl\/index.php?rest_route=%2Fwp%2Fv2%2Fcomments&post=13846"}],"version-history":[{"count":2,"href":"https:\/\/radiorevelacionfm.cl\/index.php?rest_route=\/wp\/v2\/posts\/13846\/revisions"}],"predecessor-version":[{"id":13849,"href":"https:\/\/radiorevelacionfm.cl\/index.php?rest_route=\/wp\/v2\/posts\/13846\/revisions\/13849"}],"wp:featuredmedia":[{"embeddable":true,"href":"https:\/\/radiorevelacionfm.cl\/index.php?rest_route=\/wp\/v2\/media\/13847"}],"wp:attachment":[{"href":"https:\/\/radiorevelacionfm.cl\/index.php?rest_route=%2Fwp%2Fv2%2Fmedia&parent=13846"}],"wp:term":[{"taxonomy":"category","embeddable":true,"href":"https:\/\/radiorevelacionfm.cl\/index.php?rest_route=%2Fwp%2Fv2%2Fcategories&post=13846"},{"taxonomy":"post_tag","embeddable":true,"href":"https:\/\/radiorevelacionfm.cl\/index.php?rest_route=%2Fwp%2Fv2%2Ftags&post=13846"}],"curies":[{"name":"wp","href":"https:\/\/api.w.org\/{rel}","templated":true}]}}