{"id":13842,"date":"2022-02-17T10:48:35","date_gmt":"2022-02-17T13:48:35","guid":{"rendered":"https:\/\/radiorevelacionfm.cl\/?p=13842"},"modified":"2022-02-17T10:48:35","modified_gmt":"2022-02-17T13:48:35","slug":"equipo-municipal-de-rio-ibanez-trabaja-en-terreno-para-que-torres-del-avellano-sea-declarado-como-bien-nacional-protegido","status":"publish","type":"post","link":"https:\/\/radiorevelacionfm.cl\/?p=13842","title":{"rendered":"Equipo municipal de R\u00edo Ib\u00e1\u00f1ez trabaja en terreno para que Torres del Avellano sea declarado como\u00a0Bien Nacional Protegido\u00a0"},"content":{"rendered":"<div class=\"flex_column av_one_full  flex_column_div av-zero-column-padding first  avia-builder-el-0  el_before_av_one_full  avia-builder-el-first  \" style='border-radius:0px; '><div  class='avia-image-container  av-styling-    avia-builder-el-1  avia-builder-el-no-sibling  avia-align-center '  itemprop=\"image\" itemscope=\"itemscope\" itemtype=\"https:\/\/schema.org\/ImageObject\"  ><div class='avia-image-container-inner'><div class='avia-image-overlay-wrap'><img decoding=\"async\" class='wp-image-13843 avia-img-lazy-loading-not-13843 avia_image' src=\"https:\/\/radiorevelacionfm.cl\/wp-content\/uploads\/2022\/02\/dsc_0665-2-2_optimized.jpg\" alt='' title='dsc_0665-2-2_optimized' height=\"600\" width=\"900\"  itemprop=\"thumbnailUrl\" srcset=\"https:\/\/radiorevelacionfm.cl\/wp-content\/uploads\/2022\/02\/dsc_0665-2-2_optimized.jpg 900w, https:\/\/radiorevelacionfm.cl\/wp-content\/uploads\/2022\/02\/dsc_0665-2-2_optimized-300x200.jpg 300w, https:\/\/radiorevelacionfm.cl\/wp-content\/uploads\/2022\/02\/dsc_0665-2-2_optimized-768x512.jpg 768w, https:\/\/radiorevelacionfm.cl\/wp-content\/uploads\/2022\/02\/dsc_0665-2-2_optimized-705x470.jpg 705w, https:\/\/radiorevelacionfm.cl\/wp-content\/uploads\/2022\/02\/dsc_0665-2-2_optimized-600x400.jpg 600w\" sizes=\"(max-width: 900px) 100vw, 900px\" \/><\/div><\/div><\/div><\/div><div class=\"flex_column av_one_full  flex_column_div av-zero-column-padding first  avia-builder-el-2  el_after_av_one_full  el_before_av_one_full  column-top-margin\" style='border-radius:0px; '><section class=\"av_textblock_section \"  itemscope=\"itemscope\" itemtype=\"https:\/\/schema.org\/BlogPosting\" itemprop=\"blogPost\" ><div class='avia_textblock  '   itemprop=\"text\" ><p style=\"text-align: center;\"><span style=\"font-size: 18pt;\"><strong>Equipo municipal de R\u00edo Ib\u00e1\u00f1ez trabaja en terreno para que Torres del Avellano sea declarado como\u00a0Bien Nacional Protegido\u00a0<\/strong><\/span><\/p>\n<div id=\"gtx-trans\" style=\"position: absolute; left: -50px; top: 4.31534px;\">\n<div class=\"gtx-trans-icon\"><\/div>\n<\/div>\n<\/div><\/section><\/div><div class=\"flex_column av_one_full  flex_column_div av-zero-column-padding first  avia-builder-el-4  el_after_av_one_full  el_before_av_hr  column-top-margin\" style='border-radius:0px; '><section class=\"av_textblock_section \"  itemscope=\"itemscope\" itemtype=\"https:\/\/schema.org\/BlogPosting\" itemprop=\"blogPost\" ><div class='avia_textblock  '   itemprop=\"text\" ><p style=\"text-align: justify;\">Establecer el predio fiscal Torres del Avellano como un Bien Nacional Protegido, es un proceso largo que requiere documentaci\u00f3n, mapeos participativos, salidas a terreno y fundamentalmente, colaboraci\u00f3n entre las comunidades y las entidades p\u00fablicas y privadas involucradas en el proyecto, para potenciar la conservaci\u00f3n de las tradiciones y el patrimonio cultural y natural de R\u00edo Ib\u00e1\u00f1ez. Es por esto que equipo municipal junto a vecinos de Bah\u00eda Murta, se dirigieron a las alturas de la cordillera Alto el Rodado, sector que utilizan como veranada para su ganado.<\/p>\n<p style=\"text-align: justify;\">La tramitaci\u00f3n de este proyecto inici\u00f3 el 2019 y tiene como objetivo conseguir la administraci\u00f3n local de la zona, para resaltar y proteger el valor cultural y natural del sector Torres del Avellano, adem\u00e1s de impulsar el desarrollo tur\u00edstico local, controlado por la comunidad con apoyo municipal.<\/p>\n<p style=\"text-align: justify;\">El alcalde de la Ilustre Municipalidad R\u00edo Ib\u00e1\u00f1ez, Marcelo Santana, afirm\u00f3 que \u201ces fundamental concordar con los ganaderos las zonas de veranadas que se incluir\u00e1n en el Bien Nacional Protegido para conservaci\u00f3n, turismo y resguardo de tradiciones ganaderas\u201d.<\/p>\n<p style=\"text-align: justify;\">Uno de los ganaderos y tambi\u00e9n gu\u00eda de esta expedici\u00f3n fue Jos\u00e9 Llauptureo, quien coment\u00f3 que \u201cme parece bien que esta zona sea regulada por un organismo p\u00fablico y que existan iniciativas como estas de parte del alcalde, para que los equipos de trabajo que est\u00e1n impulsando el proyecto conozcan el terreno y a los locatarios\u201d.<\/p>\n<p style=\"text-align: justify;\">En esta ocasi\u00f3n el equipo de la Ilustre Municipalidad de R\u00edo Ib\u00e1\u00f1ez estuvo compuesto por el alcalde, Marcelo Santana; la coordinadora municipal del proyecto, Karen Calder\u00f3n; un geomensor, Marcelo Alarc\u00f3n; el delegado de Bah\u00eda Murta, Javier Urrueta y el delegado de Puerto R\u00edo Tranquilo, Pedro Soto; junto a peque\u00f1os ganaderos de la zona, Jos\u00e9 Llauptureo y Andr\u00e9s Llauptureo.<\/p>\n<\/div><\/section><\/div><div  style='height:50px' class='hr hr-invisible   avia-builder-el-6  el_after_av_one_full  el_before_av_social_share '><span class='hr-inner ' ><span class='hr-inner-style'><\/span><\/span><\/div><\/p>\n<div  class='av-social-sharing-box  avia-builder-el-7  el_after_av_hr  el_before_av_hr  '><div class='av-share-box'><h5 class='av-share-link-description av-no-toc '>Compartir esta noticia<\/h5><ul class='av-share-box-list noLightbox'><li class='av-share-link av-social-link-facebook' ><a target=\"_blank\" aria-label=\"Compartir en Facebook\" href='https:\/\/www.facebook.com\/sharer.php?u=https:\/\/radiorevelacionfm.cl\/?p=13842&#038;t=Equipo%20municipal%20de%20R%C3%ADo%20Ib%C3%A1%C3%B1ez%20trabaja%20en%20terreno%20para%20que%20Torres%20del%20Avellano%20sea%20declarado%20como%C2%A0Bien%20Nacional%20Protegido%C2%A0' aria-hidden='false' data-av_icon='\ue8f3' data-av_iconfont='entypo-fontello' title='' data-avia-related-tooltip='Compartir en Facebook' rel=\"noopener\"><span class='avia_hidden_link_text'>Compartir en Facebook<\/span><\/a><\/li><li class='av-share-link av-social-link-twitter' ><a target=\"_blank\" aria-label=\"Compartir en Twitter\" href='https:\/\/twitter.com\/share?text=Equipo%20municipal%20de%20R%C3%ADo%20Ib%C3%A1%C3%B1ez%20trabaja%20en%20terreno%20para%20que%20Torres%20del%20Avellano%20sea%20declarado%20como%C2%A0Bien%20Nacional%20Protegido%C2%A0&#038;url=https:\/\/radiorevelacionfm.cl\/?p=13842' aria-hidden='false' data-av_icon='\ue8f1' data-av_iconfont='entypo-fontello' title='' data-avia-related-tooltip='Compartir en Twitter' rel=\"noopener\"><span class='avia_hidden_link_text'>Compartir en Twitter<\/span><\/a><\/li><li class='av-share-link av-social-link-whatsapp' ><a target=\"_blank\" aria-label=\"Compartir en Whatsapp\" href='https:\/\/api.whatsapp.com\/send?text=https:\/\/radiorevelacionfm.cl\/?p=13842' aria-hidden='false' data-av_icon='\uf232' data-av_iconfont='entypo-fontello' title='' data-avia-related-tooltip='Compartir en Whatsapp' rel=\"noopener\"><span class='avia_hidden_link_text'>Compartir en Whatsapp<\/span><\/a><\/li><li class='av-share-link av-social-link-linkedin' ><a target=\"_blank\" aria-label=\"Compartir en LinkedIn\" href='https:\/\/linkedin.com\/shareArticle?mini=true&#038;title=Equipo%20municipal%20de%20R%C3%ADo%20Ib%C3%A1%C3%B1ez%20trabaja%20en%20terreno%20para%20que%20Torres%20del%20Avellano%20sea%20declarado%20como%C2%A0Bien%20Nacional%20Protegido%C2%A0&#038;url=https:\/\/radiorevelacionfm.cl\/?p=13842' aria-hidden='false' data-av_icon='\ue8fc' data-av_iconfont='entypo-fontello' title='' data-avia-related-tooltip='Compartir en LinkedIn' rel=\"noopener\"><span class='avia_hidden_link_text'>Compartir en LinkedIn<\/span><\/a><\/li><li class='av-share-link av-social-link-mail' ><a  aria-label=\"Compartir por correo\" href='mailto:?subject=Equipo%20municipal%20de%20R%C3%ADo%20Ib%C3%A1%C3%B1ez%20trabaja%20en%20terreno%20para%20que%20Torres%20del%20Avellano%20sea%20declarado%20como%C2%A0Bien%20Nacional%20Protegido%C2%A0&#038;body=https:\/\/radiorevelacionfm.cl\/?p=13842' aria-hidden='false' data-av_icon='\ue805' data-av_iconfont='entypo-fontello' title='' data-avia-related-tooltip='Compartir por correo'><span class='avia_hidden_link_text'>Compartir por correo<\/span><\/a><\/li><\/ul><\/div><\/div>\n<div  style='height:50px' class='hr hr-invisible   avia-builder-el-8  el_after_av_social_share  el_before_av_comments_list '><span class='hr-inner ' ><span class='hr-inner-style'><\/span><\/span><\/div>\n<div  class='av-buildercomment  av-blog-meta-html-info-disabled av-blog-meta-tag-disabled  '><\/div>\n","protected":false},"excerpt":{"rendered":"","protected":false},"author":1,"featured_media":13843,"comment_status":"open","ping_status":"open","sticky":false,"template":"","format":"standard","meta":{"footnotes":""},"categories":[38],"tags":[],"class_list":["post-13842","post","type-post","status-publish","format-standard","has-post-thumbnail","hentry","category-regional"],"jetpack_featured_media_url":"https:\/\/radiorevelacionfm.cl\/wp-content\/uploads\/2022\/02\/dsc_0665-2-2_optimized.jpg","_links":{"self":[{"href":"https:\/\/radiorevelacionfm.cl\/index.php?rest_route=\/wp\/v2\/posts\/13842","targetHints":{"allow":["GET"]}}],"collection":[{"href":"https:\/\/radiorevelacionfm.cl\/index.php?rest_route=\/wp\/v2\/posts"}],"about":[{"href":"https:\/\/radiorevelacionfm.cl\/index.php?rest_route=\/wp\/v2\/types\/post"}],"author":[{"embeddable":true,"href":"https:\/\/radiorevelacionfm.cl\/index.php?rest_route=\/wp\/v2\/users\/1"}],"replies":[{"embeddable":true,"href":"https:\/\/radiorevelacionfm.cl\/index.php?rest_route=%2Fwp%2Fv2%2Fcomments&post=13842"}],"version-history":[{"count":2,"href":"https:\/\/radiorevelacionfm.cl\/index.php?rest_route=\/wp\/v2\/posts\/13842\/revisions"}],"predecessor-version":[{"id":13845,"href":"https:\/\/radiorevelacionfm.cl\/index.php?rest_route=\/wp\/v2\/posts\/13842\/revisions\/13845"}],"wp:featuredmedia":[{"embeddable":true,"href":"https:\/\/radiorevelacionfm.cl\/index.php?rest_route=\/wp\/v2\/media\/13843"}],"wp:attachment":[{"href":"https:\/\/radiorevelacionfm.cl\/index.php?rest_route=%2Fwp%2Fv2%2Fmedia&parent=13842"}],"wp:term":[{"taxonomy":"category","embeddable":true,"href":"https:\/\/radiorevelacionfm.cl\/index.php?rest_route=%2Fwp%2Fv2%2Fcategories&post=13842"},{"taxonomy":"post_tag","embeddable":true,"href":"https:\/\/radiorevelacionfm.cl\/index.php?rest_route=%2Fwp%2Fv2%2Ftags&post=13842"}],"curies":[{"name":"wp","href":"https:\/\/api.w.org\/{rel}","templated":true}]}}