{"id":13838,"date":"2022-02-17T09:56:19","date_gmt":"2022-02-17T12:56:19","guid":{"rendered":"https:\/\/radiorevelacionfm.cl\/?p=13838"},"modified":"2022-02-17T09:56:19","modified_gmt":"2022-02-17T12:56:19","slug":"club-cerro-porteno-busca-potenciar-su-infraestructura-deportiva","status":"publish","type":"post","link":"https:\/\/radiorevelacionfm.cl\/?p=13838","title":{"rendered":"Club Cerro Porte\u00f1o busca potenciar su infraestructura deportiva"},"content":{"rendered":"<div class=\"flex_column av_one_full  flex_column_div av-zero-column-padding first  avia-builder-el-0  el_before_av_one_full  avia-builder-el-first  \" style='border-radius:0px; '><div  class='avia-image-container  av-styling-    avia-builder-el-1  avia-builder-el-no-sibling  avia-align-center '  itemprop=\"image\" itemscope=\"itemscope\" itemtype=\"https:\/\/schema.org\/ImageObject\"  ><div class='avia-image-container-inner'><div class='avia-image-overlay-wrap'><img decoding=\"async\" class='wp-image-13839 avia-img-lazy-loading-not-13839 avia_image' src=\"https:\/\/radiorevelacionfm.cl\/wp-content\/uploads\/2022\/02\/image-58-2.jpg\" alt='' title='image-58-2' height=\"600\" width=\"1036\"  itemprop=\"thumbnailUrl\" srcset=\"https:\/\/radiorevelacionfm.cl\/wp-content\/uploads\/2022\/02\/image-58-2.jpg 1036w, https:\/\/radiorevelacionfm.cl\/wp-content\/uploads\/2022\/02\/image-58-2-300x174.jpg 300w, https:\/\/radiorevelacionfm.cl\/wp-content\/uploads\/2022\/02\/image-58-2-1030x597.jpg 1030w, https:\/\/radiorevelacionfm.cl\/wp-content\/uploads\/2022\/02\/image-58-2-768x445.jpg 768w, https:\/\/radiorevelacionfm.cl\/wp-content\/uploads\/2022\/02\/image-58-2-705x408.jpg 705w, https:\/\/radiorevelacionfm.cl\/wp-content\/uploads\/2022\/02\/image-58-2-600x347.jpg 600w\" sizes=\"(max-width: 1036px) 100vw, 1036px\" \/><\/div><\/div><\/div><\/div><div class=\"flex_column av_one_full  flex_column_div av-zero-column-padding first  avia-builder-el-2  el_after_av_one_full  el_before_av_one_full  column-top-margin\" style='border-radius:0px; '><section class=\"av_textblock_section \"  itemscope=\"itemscope\" itemtype=\"https:\/\/schema.org\/BlogPosting\" itemprop=\"blogPost\" ><div class='avia_textblock  '   itemprop=\"text\" ><p style=\"text-align: center;\"><strong><span style=\"font-size: 18pt;\">Club Cerro Porte\u00f1o busca potenciar su infraestructura deportiva<\/span><\/strong><\/p>\n<div id=\"gtx-trans\" style=\"position: absolute; left: -50px; top: 4.31534px;\">\n<div class=\"gtx-trans-icon\"><\/div>\n<\/div>\n<\/div><\/section><\/div><div class=\"flex_column av_one_full  flex_column_div av-zero-column-padding first  avia-builder-el-4  el_after_av_one_full  el_before_av_hr  column-top-margin\" style='border-radius:0px; '><section class=\"av_textblock_section \"  itemscope=\"itemscope\" itemtype=\"https:\/\/schema.org\/BlogPosting\" itemprop=\"blogPost\" ><div class='avia_textblock  '   itemprop=\"text\" ><p style=\"text-align: justify;\">Hist\u00f3rico Club Deportivo de Puerto Ays\u00e9n sigue buscando apoyo para seguir potenciando el deporte en la ciudad.<\/p>\n<p style=\"text-align: justify;\">Hasta las dependencias de la Delegaci\u00f3n Presidencial Provincial llegaron dirigentes de este emblem\u00e1tico club deportivo y social buscando apoyo para la continuidad de su proyecto deportivo, esto para complementar el trabajo ya realizado con la entrega de la cancha sint\u00e9tica durante el a\u00f1o pasado con fondos del Gobierno Regional.<\/p>\n<p style=\"text-align: justify;\">La intenci\u00f3n de la directiva y socios es que este hermoso recinto deportivo se mantenga en el tiempo para as\u00ed seguir realizando actividades deportivas y sociales en favor de la comunidad, el DPP Ays\u00e9n Manuel Ortiz escuch\u00f3 a los dirigentes en donde ofreci\u00f3 su compromiso para poder concretar sus aspiraciones con el Fondo Social Presidente de la Rep\u00fablica \u201cesta reuni\u00f3n es para zanjar el tema de preservar un poco m\u00e1s el recinto deportivo, cuid\u00e1ndolo en las noches, ya que hasta el momento no tenemos alguna persona en el lugar y para nosotros es importante ver este tipo de proyectos para alcanzar una mejora dentro del recinto, con don Manuel siempre ha estado ameno para solucionarnos los problemas y lo que m\u00e1s nos convendr\u00eda en estos momentos es el Fondo Presidente de la Rep\u00fablica, asique \u00e9l nos va asesorando en esta materia\u201d se\u00f1alaba Jorge Aguilar Pdte. del Club.<\/p>\n<p style=\"text-align: justify;\">En abril del a\u00f1o reci\u00e9n pasado este club deportivo recibi\u00f3 la cancha sint\u00e9tica, en donde las alianzas estrat\u00e9gicas rindieron sus frutos, ocasi\u00f3n en la que esta Delegaci\u00f3n Presidencial ex Gobernaci\u00f3n Provincial cumpli\u00f3 un rol fundamental y donde el Presidente del Club Jorge Aguilar as\u00ed lo manifestaba \u201cde aqu\u00ed sali\u00f3 un poco el proyecto como la base para presentarlo al IND y de ah\u00ed sacar los fondos y despu\u00e9s pelear este proyecto que fueron varios a\u00f1os donde se intent\u00f3 sacarlo, entonces la Gobernaci\u00f3n en su minuto fue fundamental para hacer la fuerza correspondiente y sacar el proyecto adelante\u201d.<\/p>\n<\/div><\/section><\/div><div  style='height:50px' class='hr hr-invisible   avia-builder-el-6  el_after_av_one_full  el_before_av_social_share '><span class='hr-inner ' ><span class='hr-inner-style'><\/span><\/span><\/div><\/p>\n<div  class='av-social-sharing-box  avia-builder-el-7  el_after_av_hr  el_before_av_hr  '><div class='av-share-box'><h5 class='av-share-link-description av-no-toc '>Compartir esta noticia<\/h5><ul class='av-share-box-list noLightbox'><li class='av-share-link av-social-link-facebook' ><a target=\"_blank\" aria-label=\"Compartir en Facebook\" href='https:\/\/www.facebook.com\/sharer.php?u=https:\/\/radiorevelacionfm.cl\/?p=13838&#038;t=Club%20Cerro%20Porte%C3%B1o%20busca%20potenciar%20su%20infraestructura%20deportiva' aria-hidden='false' data-av_icon='\ue8f3' data-av_iconfont='entypo-fontello' title='' data-avia-related-tooltip='Compartir en Facebook' rel=\"noopener\"><span class='avia_hidden_link_text'>Compartir en Facebook<\/span><\/a><\/li><li class='av-share-link av-social-link-twitter' ><a target=\"_blank\" aria-label=\"Compartir en Twitter\" href='https:\/\/twitter.com\/share?text=Club%20Cerro%20Porte%C3%B1o%20busca%20potenciar%20su%20infraestructura%20deportiva&#038;url=https:\/\/radiorevelacionfm.cl\/?p=13838' aria-hidden='false' data-av_icon='\ue8f1' data-av_iconfont='entypo-fontello' title='' data-avia-related-tooltip='Compartir en Twitter' rel=\"noopener\"><span class='avia_hidden_link_text'>Compartir en Twitter<\/span><\/a><\/li><li class='av-share-link av-social-link-whatsapp' ><a target=\"_blank\" aria-label=\"Compartir en Whatsapp\" href='https:\/\/api.whatsapp.com\/send?text=https:\/\/radiorevelacionfm.cl\/?p=13838' aria-hidden='false' data-av_icon='\uf232' data-av_iconfont='entypo-fontello' title='' data-avia-related-tooltip='Compartir en Whatsapp' rel=\"noopener\"><span class='avia_hidden_link_text'>Compartir en Whatsapp<\/span><\/a><\/li><li class='av-share-link av-social-link-linkedin' ><a target=\"_blank\" aria-label=\"Compartir en LinkedIn\" href='https:\/\/linkedin.com\/shareArticle?mini=true&#038;title=Club%20Cerro%20Porte%C3%B1o%20busca%20potenciar%20su%20infraestructura%20deportiva&#038;url=https:\/\/radiorevelacionfm.cl\/?p=13838' aria-hidden='false' data-av_icon='\ue8fc' data-av_iconfont='entypo-fontello' title='' data-avia-related-tooltip='Compartir en LinkedIn' rel=\"noopener\"><span class='avia_hidden_link_text'>Compartir en LinkedIn<\/span><\/a><\/li><li class='av-share-link av-social-link-mail' ><a  aria-label=\"Compartir por correo\" href='mailto:?subject=Club%20Cerro%20Porte%C3%B1o%20busca%20potenciar%20su%20infraestructura%20deportiva&#038;body=https:\/\/radiorevelacionfm.cl\/?p=13838' aria-hidden='false' data-av_icon='\ue805' data-av_iconfont='entypo-fontello' title='' data-avia-related-tooltip='Compartir por correo'><span class='avia_hidden_link_text'>Compartir por correo<\/span><\/a><\/li><\/ul><\/div><\/div>\n<div  style='height:50px' class='hr hr-invisible   avia-builder-el-8  el_after_av_social_share  el_before_av_comments_list '><span class='hr-inner ' ><span class='hr-inner-style'><\/span><\/span><\/div>\n<div  class='av-buildercomment  av-blog-meta-html-info-disabled av-blog-meta-tag-disabled  '><\/div>\n","protected":false},"excerpt":{"rendered":"","protected":false},"author":1,"featured_media":13839,"comment_status":"open","ping_status":"open","sticky":false,"template":"","format":"standard","meta":{"footnotes":""},"categories":[38],"tags":[],"class_list":["post-13838","post","type-post","status-publish","format-standard","has-post-thumbnail","hentry","category-regional"],"jetpack_featured_media_url":"https:\/\/radiorevelacionfm.cl\/wp-content\/uploads\/2022\/02\/image-58-2.jpg","_links":{"self":[{"href":"https:\/\/radiorevelacionfm.cl\/index.php?rest_route=\/wp\/v2\/posts\/13838","targetHints":{"allow":["GET"]}}],"collection":[{"href":"https:\/\/radiorevelacionfm.cl\/index.php?rest_route=\/wp\/v2\/posts"}],"about":[{"href":"https:\/\/radiorevelacionfm.cl\/index.php?rest_route=\/wp\/v2\/types\/post"}],"author":[{"embeddable":true,"href":"https:\/\/radiorevelacionfm.cl\/index.php?rest_route=\/wp\/v2\/users\/1"}],"replies":[{"embeddable":true,"href":"https:\/\/radiorevelacionfm.cl\/index.php?rest_route=%2Fwp%2Fv2%2Fcomments&post=13838"}],"version-history":[{"count":2,"href":"https:\/\/radiorevelacionfm.cl\/index.php?rest_route=\/wp\/v2\/posts\/13838\/revisions"}],"predecessor-version":[{"id":13841,"href":"https:\/\/radiorevelacionfm.cl\/index.php?rest_route=\/wp\/v2\/posts\/13838\/revisions\/13841"}],"wp:featuredmedia":[{"embeddable":true,"href":"https:\/\/radiorevelacionfm.cl\/index.php?rest_route=\/wp\/v2\/media\/13839"}],"wp:attachment":[{"href":"https:\/\/radiorevelacionfm.cl\/index.php?rest_route=%2Fwp%2Fv2%2Fmedia&parent=13838"}],"wp:term":[{"taxonomy":"category","embeddable":true,"href":"https:\/\/radiorevelacionfm.cl\/index.php?rest_route=%2Fwp%2Fv2%2Fcategories&post=13838"},{"taxonomy":"post_tag","embeddable":true,"href":"https:\/\/radiorevelacionfm.cl\/index.php?rest_route=%2Fwp%2Fv2%2Ftags&post=13838"}],"curies":[{"name":"wp","href":"https:\/\/api.w.org\/{rel}","templated":true}]}}