{"id":13834,"date":"2022-02-16T19:31:05","date_gmt":"2022-02-16T22:31:05","guid":{"rendered":"https:\/\/radiorevelacionfm.cl\/?p=13834"},"modified":"2022-02-16T19:31:05","modified_gmt":"2022-02-16T22:31:05","slug":"municipio-decreta-duelo-comunal-de-tres-dias-tras-fallecimiento-de-la-primera-alcaldesa-de-aysen","status":"publish","type":"post","link":"https:\/\/radiorevelacionfm.cl\/?p=13834","title":{"rendered":"Municipio decreta duelo comunal de tres d\u00edas tras fallecimiento de la primera alcaldesa de Ays\u00e9n"},"content":{"rendered":"<div class=\"flex_column av_one_full  flex_column_div av-zero-column-padding first  avia-builder-el-0  el_before_av_one_full  avia-builder-el-first  \" style='border-radius:0px; '><div  class='avia-image-container  av-styling-    avia-builder-el-1  avia-builder-el-no-sibling  avia-align-center '  itemprop=\"image\" itemscope=\"itemscope\" itemtype=\"https:\/\/schema.org\/ImageObject\"  ><div class='avia-image-container-inner'><div class='avia-image-overlay-wrap'><img decoding=\"async\" class='wp-image-13835 avia-img-lazy-loading-not-13835 avia_image' src=\"https:\/\/radiorevelacionfm.cl\/wp-content\/uploads\/2022\/02\/fidelia-muniaysen3-2-2.jpeg\" alt='' title='fidelia-muniaysen3-2-2' height=\"600\" width=\"800\"  itemprop=\"thumbnailUrl\" srcset=\"https:\/\/radiorevelacionfm.cl\/wp-content\/uploads\/2022\/02\/fidelia-muniaysen3-2-2.jpeg 800w, https:\/\/radiorevelacionfm.cl\/wp-content\/uploads\/2022\/02\/fidelia-muniaysen3-2-2-300x225.jpeg 300w, https:\/\/radiorevelacionfm.cl\/wp-content\/uploads\/2022\/02\/fidelia-muniaysen3-2-2-768x576.jpeg 768w, https:\/\/radiorevelacionfm.cl\/wp-content\/uploads\/2022\/02\/fidelia-muniaysen3-2-2-705x529.jpeg 705w, https:\/\/radiorevelacionfm.cl\/wp-content\/uploads\/2022\/02\/fidelia-muniaysen3-2-2-600x450.jpeg 600w\" sizes=\"(max-width: 800px) 100vw, 800px\" \/><\/div><\/div><\/div><\/div><div class=\"flex_column av_one_full  flex_column_div av-zero-column-padding first  avia-builder-el-2  el_after_av_one_full  el_before_av_one_full  column-top-margin\" style='border-radius:0px; '><section class=\"av_textblock_section \"  itemscope=\"itemscope\" itemtype=\"https:\/\/schema.org\/BlogPosting\" itemprop=\"blogPost\" ><div class='avia_textblock  '   itemprop=\"text\" ><p style=\"text-align: center;\"><span style=\"font-size: 18pt;\"><strong>Municipio decreta duelo comunal de tres d\u00edas tras fallecimiento de la primera alcaldesa de Ays\u00e9n<\/strong><\/span><\/p>\n<div id=\"gtx-trans\" style=\"position: absolute; left: -50px; top: 4.31534px;\">\n<div class=\"gtx-trans-icon\"><\/div>\n<\/div>\n<\/div><\/section><\/div><div class=\"flex_column av_one_full  flex_column_div av-zero-column-padding first  avia-builder-el-4  el_after_av_one_full  el_before_av_hr  column-top-margin\" style='border-radius:0px; '><section class=\"av_textblock_section \"  itemscope=\"itemscope\" itemtype=\"https:\/\/schema.org\/BlogPosting\" itemprop=\"blogPost\" ><div class='avia_textblock  '   itemprop=\"text\" ><p style=\"text-align: justify;\">Una de las mujeres que marc\u00f3 la historia de la comuna de Ays\u00e9n, transform\u00e1ndose en la primera autoridad entre 1971 y 1973, Fidelia Haro Gallardo, falleci\u00f3 a la edad de 81 a\u00f1os durante la jornada del mi\u00e9rcoles reci\u00e9n pasado en la ciudad de Valdivia. La Ilustre Municipalidad de Ays\u00e9n en el cumplimiento de los protocolos establecidos para estos casos ha procedido a decretar tres d\u00edas de duelo comunal con la bandera institucional a media asta, en honor a quien a trav\u00e9s de su amplio compromiso y esfuerzo permiti\u00f3 a la comuna contar con un ordenamiento territorial adecuado para implementar la Ley N\u00ba 16.880, conocida como Ley de Promoci\u00f3n Popular.<\/p>\n<p style=\"text-align: justify;\">Al respecto el alcalde, Julio Uribe Alvarado, junto con expresar las respectivas condolencias a sus familiares y amigos, destac\u00f3 que la Sra Fedelia sorte\u00f3 un escenario importante en el devenir de la historia comunal tras el dif\u00edcil momento que atraves\u00f3 el pa\u00eds en aquel entonces, agudizado por el factor econ\u00f3mico y la predominante pobreza en la zona. \u201cElla con su valent\u00eda y tes\u00f3n lo supo enfrentar de la mejor forma\u201d.<\/p>\n<p style=\"text-align: justify;\">Los funerales de la ex alcaldesa ser\u00e1n comunicados de forma oportuna a la comunidad, as\u00ed como tambi\u00e9n, se ha dispuesto de un libro de condolencias virtual disponible en el sitio web www.puertoaysen.cl<\/p>\n<p style=\"text-align: justify;\"><strong>Fidelia Haro Gallardo (16 de mayo de 1940 \u2013 16 de febrero de 2022 QEPD)<\/strong><\/p>\n<p style=\"text-align: justify;\">Nacida en Puerto Ays\u00e9n fue hija de don Roberto Haro Vargas y de do\u00f1a Tr\u00e1nsito Gallardo Santana, ambos oriundos de Chilo\u00e9. Madre de cuatro hijos y destacada emprendedora.<\/p>\n<p style=\"text-align: justify;\">Comparti\u00f3 sus labores de esposa, madre y comerciante, participando en el Sindicato de Camioneros y C\u00e1mara de Comercio de Puerto Ays\u00e9n, tambi\u00e9n lo hizo formando parte activa de la pol\u00edtica local como militante del Partido Nacional. Es as\u00ed como en 1971 se transforma en la primera aysenina en acceder al m\u00e1ximo cargo de elecci\u00f3n popular en la comuna, desempe\u00f1ando su rol de alcaldesa hasta junio de 1973.<\/p>\n<p style=\"text-align: justify;\">En su gesti\u00f3n, Haro fue impulsora de m\u00faltiples reglamentos y gestiones que permitieron al municipio desarrollar \u00e1mbitos de acci\u00f3n concretos para subsanar los problemas de la comuna en aquellos tiempos. Entre esos, llevar electrificaci\u00f3n al sector de Ribera Sur, abog\u00f3 por mayores recursos econ\u00f3micos para la ciudad, estableci\u00f3 los l\u00edmites jurisdiccionales para definir las Juntas de Vecinos en virtud de la Ley de Promoci\u00f3n Popular, legaliz\u00f3 junto al cuerpo de Regidores los sitios de poblaciones Pedro Aguirre Cerda e Irene Frei de la ciudad de Puerto Ays\u00e9n, entre otras materias.<\/p>\n<p style=\"text-align: justify;\">Pero tambi\u00e9n, la otrora alcaldesa fue pionera en visualizar a la comuna como un polo tur\u00edstico de desarrollo proponiendo la creaci\u00f3n de un Hoster\u00eda Municipal en el Cerro Mirador, as\u00ed como tambi\u00e9n, generar un Mercado Municipal en Puerto Ays\u00e9n. Ideas que hasta hoy en d\u00eda no han podido concretarse en el territorio a m\u00e1s de 50 a\u00f1os de su discusi\u00f3n.<\/p>\n<p style=\"text-align: justify;\">Tras dejar el sill\u00f3n edilicio, retorna a la actividad comercial y se traslada hasta la ciudad de Puerto Montt, con el pasar del tiempo decide asentarse en la capital de la Regi\u00f3n de Los R\u00edos, Valdivia, lugar en el que falleci\u00f3 durante la jornada del mi\u00e9rcoles 16 de febrero a los 81 a\u00f1os.<\/p>\n<\/div><\/section><\/div><div  style='height:50px' class='hr hr-invisible   avia-builder-el-6  el_after_av_one_full  el_before_av_social_share '><span class='hr-inner ' ><span class='hr-inner-style'><\/span><\/span><\/div><\/p>\n<div  class='av-social-sharing-box  avia-builder-el-7  el_after_av_hr  el_before_av_hr  '><div class='av-share-box'><h5 class='av-share-link-description av-no-toc '>Compartir esta noticia<\/h5><ul class='av-share-box-list noLightbox'><li class='av-share-link av-social-link-facebook' ><a target=\"_blank\" aria-label=\"Compartir en Facebook\" href='https:\/\/www.facebook.com\/sharer.php?u=https:\/\/radiorevelacionfm.cl\/?p=13834&#038;t=Municipio%20decreta%20duelo%20comunal%20de%20tres%20d%C3%ADas%20tras%20fallecimiento%20de%20la%20primera%20alcaldesa%20de%20Ays%C3%A9n' aria-hidden='false' data-av_icon='\ue8f3' data-av_iconfont='entypo-fontello' title='' data-avia-related-tooltip='Compartir en Facebook' rel=\"noopener\"><span class='avia_hidden_link_text'>Compartir en Facebook<\/span><\/a><\/li><li class='av-share-link av-social-link-twitter' ><a target=\"_blank\" aria-label=\"Compartir en Twitter\" href='https:\/\/twitter.com\/share?text=Municipio%20decreta%20duelo%20comunal%20de%20tres%20d%C3%ADas%20tras%20fallecimiento%20de%20la%20primera%20alcaldesa%20de%20Ays%C3%A9n&#038;url=https:\/\/radiorevelacionfm.cl\/?p=13834' aria-hidden='false' data-av_icon='\ue8f1' data-av_iconfont='entypo-fontello' title='' data-avia-related-tooltip='Compartir en Twitter' rel=\"noopener\"><span class='avia_hidden_link_text'>Compartir en Twitter<\/span><\/a><\/li><li class='av-share-link av-social-link-whatsapp' ><a target=\"_blank\" aria-label=\"Compartir en Whatsapp\" href='https:\/\/api.whatsapp.com\/send?text=https:\/\/radiorevelacionfm.cl\/?p=13834' aria-hidden='false' data-av_icon='\uf232' data-av_iconfont='entypo-fontello' title='' data-avia-related-tooltip='Compartir en Whatsapp' rel=\"noopener\"><span class='avia_hidden_link_text'>Compartir en Whatsapp<\/span><\/a><\/li><li class='av-share-link av-social-link-linkedin' ><a target=\"_blank\" aria-label=\"Compartir en LinkedIn\" href='https:\/\/linkedin.com\/shareArticle?mini=true&#038;title=Municipio%20decreta%20duelo%20comunal%20de%20tres%20d%C3%ADas%20tras%20fallecimiento%20de%20la%20primera%20alcaldesa%20de%20Ays%C3%A9n&#038;url=https:\/\/radiorevelacionfm.cl\/?p=13834' aria-hidden='false' data-av_icon='\ue8fc' data-av_iconfont='entypo-fontello' title='' data-avia-related-tooltip='Compartir en LinkedIn' rel=\"noopener\"><span class='avia_hidden_link_text'>Compartir en LinkedIn<\/span><\/a><\/li><li class='av-share-link av-social-link-mail' ><a  aria-label=\"Compartir por correo\" href='mailto:?subject=Municipio%20decreta%20duelo%20comunal%20de%20tres%20d%C3%ADas%20tras%20fallecimiento%20de%20la%20primera%20alcaldesa%20de%20Ays%C3%A9n&#038;body=https:\/\/radiorevelacionfm.cl\/?p=13834' aria-hidden='false' data-av_icon='\ue805' data-av_iconfont='entypo-fontello' title='' data-avia-related-tooltip='Compartir por correo'><span class='avia_hidden_link_text'>Compartir por correo<\/span><\/a><\/li><\/ul><\/div><\/div>\n<div  style='height:50px' class='hr hr-invisible   avia-builder-el-8  el_after_av_social_share  el_before_av_comments_list '><span class='hr-inner ' ><span class='hr-inner-style'><\/span><\/span><\/div>\n<div  class='av-buildercomment  av-blog-meta-html-info-disabled av-blog-meta-tag-disabled  '><\/div>\n","protected":false},"excerpt":{"rendered":"","protected":false},"author":1,"featured_media":13835,"comment_status":"open","ping_status":"open","sticky":false,"template":"","format":"standard","meta":{"footnotes":""},"categories":[38],"tags":[],"class_list":["post-13834","post","type-post","status-publish","format-standard","has-post-thumbnail","hentry","category-regional"],"jetpack_featured_media_url":"https:\/\/radiorevelacionfm.cl\/wp-content\/uploads\/2022\/02\/fidelia-muniaysen3-2-2.jpeg","_links":{"self":[{"href":"https:\/\/radiorevelacionfm.cl\/index.php?rest_route=\/wp\/v2\/posts\/13834","targetHints":{"allow":["GET"]}}],"collection":[{"href":"https:\/\/radiorevelacionfm.cl\/index.php?rest_route=\/wp\/v2\/posts"}],"about":[{"href":"https:\/\/radiorevelacionfm.cl\/index.php?rest_route=\/wp\/v2\/types\/post"}],"author":[{"embeddable":true,"href":"https:\/\/radiorevelacionfm.cl\/index.php?rest_route=\/wp\/v2\/users\/1"}],"replies":[{"embeddable":true,"href":"https:\/\/radiorevelacionfm.cl\/index.php?rest_route=%2Fwp%2Fv2%2Fcomments&post=13834"}],"version-history":[{"count":2,"href":"https:\/\/radiorevelacionfm.cl\/index.php?rest_route=\/wp\/v2\/posts\/13834\/revisions"}],"predecessor-version":[{"id":13837,"href":"https:\/\/radiorevelacionfm.cl\/index.php?rest_route=\/wp\/v2\/posts\/13834\/revisions\/13837"}],"wp:featuredmedia":[{"embeddable":true,"href":"https:\/\/radiorevelacionfm.cl\/index.php?rest_route=\/wp\/v2\/media\/13835"}],"wp:attachment":[{"href":"https:\/\/radiorevelacionfm.cl\/index.php?rest_route=%2Fwp%2Fv2%2Fmedia&parent=13834"}],"wp:term":[{"taxonomy":"category","embeddable":true,"href":"https:\/\/radiorevelacionfm.cl\/index.php?rest_route=%2Fwp%2Fv2%2Fcategories&post=13834"},{"taxonomy":"post_tag","embeddable":true,"href":"https:\/\/radiorevelacionfm.cl\/index.php?rest_route=%2Fwp%2Fv2%2Ftags&post=13834"}],"curies":[{"name":"wp","href":"https:\/\/api.w.org\/{rel}","templated":true}]}}