{"id":13826,"date":"2022-02-16T18:33:48","date_gmt":"2022-02-16T21:33:48","guid":{"rendered":"https:\/\/radiorevelacionfm.cl\/?p=13826"},"modified":"2022-02-16T18:33:48","modified_gmt":"2022-02-16T21:33:48","slug":"fiscalia-y-carabineros-desarrollan-diligencias-en-caso-de-homicidio-ocurrido-en-cochrane","status":"publish","type":"post","link":"https:\/\/radiorevelacionfm.cl\/?p=13826","title":{"rendered":"Fiscal\u00eda y Carabineros desarrollan diligencias en caso de homicidio ocurrido en Cochrane"},"content":{"rendered":"<div class=\"flex_column av_one_full  flex_column_div av-zero-column-padding first  avia-builder-el-0  el_before_av_one_full  avia-builder-el-first  \" style='border-radius:0px; '><div  class='avia-image-container  av-styling-    avia-builder-el-1  avia-builder-el-no-sibling  avia-align-center '  itemprop=\"image\" itemscope=\"itemscope\" itemtype=\"https:\/\/schema.org\/ImageObject\"  ><div class='avia-image-container-inner'><div class='avia-image-overlay-wrap'><img decoding=\"async\" class='wp-image-13827 avia-img-lazy-loading-not-13827 avia_image' src=\"https:\/\/radiorevelacionfm.cl\/wp-content\/uploads\/2022\/02\/Estefania3-2-2.jpg\" alt='' title='Estefania3-2-2' height=\"600\" width=\"900\"  itemprop=\"thumbnailUrl\" srcset=\"https:\/\/radiorevelacionfm.cl\/wp-content\/uploads\/2022\/02\/Estefania3-2-2.jpg 900w, https:\/\/radiorevelacionfm.cl\/wp-content\/uploads\/2022\/02\/Estefania3-2-2-300x200.jpg 300w, https:\/\/radiorevelacionfm.cl\/wp-content\/uploads\/2022\/02\/Estefania3-2-2-768x512.jpg 768w, https:\/\/radiorevelacionfm.cl\/wp-content\/uploads\/2022\/02\/Estefania3-2-2-705x470.jpg 705w, https:\/\/radiorevelacionfm.cl\/wp-content\/uploads\/2022\/02\/Estefania3-2-2-600x400.jpg 600w\" sizes=\"(max-width: 900px) 100vw, 900px\" \/><\/div><\/div><\/div><\/div><div class=\"flex_column av_one_full  flex_column_div av-zero-column-padding first  avia-builder-el-2  el_after_av_one_full  el_before_av_one_full  column-top-margin\" style='border-radius:0px; '><section class=\"av_textblock_section \"  itemscope=\"itemscope\" itemtype=\"https:\/\/schema.org\/BlogPosting\" itemprop=\"blogPost\" ><div class='avia_textblock  '   itemprop=\"text\" ><p style=\"text-align: center;\"><span style=\"font-size: 18pt;\"><strong>Fiscal\u00eda y Carabineros desarrollan diligencias en caso de homicidio ocurrido en Cochrane<\/strong><\/span><\/p>\n<div id=\"gtx-trans\" style=\"position: absolute; left: -50px; top: 4.31534px;\">\n<div class=\"gtx-trans-icon\"><\/div>\n<\/div>\n<\/div><\/section><\/div><div class=\"flex_column av_one_full  flex_column_div av-zero-column-padding first  avia-builder-el-4  el_after_av_one_full  el_before_av_hr  column-top-margin\" style='border-radius:0px; '><section class=\"av_textblock_section \"  itemscope=\"itemscope\" itemtype=\"https:\/\/schema.org\/BlogPosting\" itemprop=\"blogPost\" ><div class='avia_textblock  '   itemprop=\"text\" ><p style=\"text-align: justify;\">Respecto de los hechos formalizados, la fiscal subrogante, Estefan\u00eda Leiva, explic\u00f3 que se definieron como calificados \u201cen relaci\u00f3n a la alevos\u00eda, toda vez que se estima que los imputados habr\u00edan actuado de manera conjunta, sobre seguro\u201d<\/p>\n<p style=\"text-align: justify;\">Un plazo de 90 d\u00edas otorg\u00f3 el Juzgado de Garant\u00eda de Cochrane al Ministerio P\u00fablico, para concluir las diligencias de investigaci\u00f3n por el crimen de una v\u00edctima de 37 a\u00f1os, de sexo masculino, ocurrido en Cochrane el 12 de febrero pasado, cerca de las 9:50 horas y donde los imputados son hermanos.<\/p>\n<p style=\"text-align: justify;\">Seg\u00fan explic\u00f3 la fiscal subrogante Estefan\u00eda Leiva, en la audiencia de formalizaci\u00f3n de la investigaci\u00f3n, los hechos ocurrieron en un domicilio de calle Los Tehuelches de Cochrane, donde un primer imputado agredi\u00f3 a la v\u00edctima con un fac\u00f3n o cuchillo de 30 cent\u00edmetros de largo. En dichas circunstancias, un segundo imputado lo golpe\u00f3 en varias ocasiones con un palo, volviendo a apu\u00f1alar a la v\u00edctima el primero de los involucrados. El conjunto de estas lesiones provocaron el deceso de la persona agredida.<\/p>\n<p style=\"text-align: justify;\">Estefan\u00eda Leiva detall\u00f3 que, tras la diligencias junto a Carabineros de la Cuarta Comisar\u00eda de Cochrane, se despach\u00f3 una orden de detenci\u00f3n en contra de ambos imputados. En ese sentido, hubo dos audiencias, la primera efectuada el domingo a las 17.00 horas en la que se control\u00f3 la detenci\u00f3n del primero de los involucrados y el lunes se control\u00f3 la detenci\u00f3n del segundo imputado, que fue detenido posteriormente.<\/p>\n<p style=\"text-align: justify;\">\u00a0\u201cDespu\u00e9s de eso, el Ministerio P\u00fablico procedi\u00f3 a formalizar a ambos imputados, por los delitos de homicidio calificado y homicidio simple en car\u00e1cter de frustrado. En ambos casos se atribuye participaci\u00f3n a ambos imputados en calidad de autores\u201d, precis\u00f3 la fiscal subrogante.<\/p>\n<p style=\"text-align: justify;\">CALIFICADOS<\/p>\n<p style=\"text-align: justify;\">Respecto de los hechos formalizados, la abogada explic\u00f3 que se definieron como calificados \u201cen relaci\u00f3n a la alevos\u00eda, toda vez que se estima que los imputados habr\u00edan actuado de manera conjunta, sobre seguro\u201d.<\/p>\n<p style=\"text-align: justify;\">En relaci\u00f3n a la otra v\u00edctima, quien result\u00f3 con distintas lesiones cortopunzantes, inform\u00f3 que hasta el martes se encontraba hospitalizada, con lesiones de diversa gravedad.<\/p>\n<p style=\"text-align: justify;\">\u201cLas primeras diligencias las trabajamos directamente con la SIP de la Cuarta Comisar\u00eda de Cochrane, en un trabajo que se realiz\u00f3 de manera conjunta con la Fiscal\u00eda; de forma presencial trabajamos el sitio del suceso\u201d, dijo Estefan\u00eda Leiva.<\/p>\n<p style=\"text-align: justify;\">El Juzgado de Garant\u00eda orden\u00f3 la prisi\u00f3n preventiva de los imputados, de 46 y 20 a\u00f1os de edad, fijando un plazo de investigaci\u00f3n de 90 d\u00edas. Ambos sujetos fueron traslados por Gendarmer\u00eda al \u00a0Centro de Detenci\u00f3n Preventiva de Cochrane.<\/p>\n<\/div><\/section><\/div><div  style='height:50px' class='hr hr-invisible   avia-builder-el-6  el_after_av_one_full  el_before_av_social_share '><span class='hr-inner ' ><span class='hr-inner-style'><\/span><\/span><\/div><\/p>\n<div  class='av-social-sharing-box  avia-builder-el-7  el_after_av_hr  el_before_av_hr  '><div class='av-share-box'><h5 class='av-share-link-description av-no-toc '>Compartir esta noticia<\/h5><ul class='av-share-box-list noLightbox'><li class='av-share-link av-social-link-facebook' ><a target=\"_blank\" aria-label=\"Compartir en Facebook\" href='https:\/\/www.facebook.com\/sharer.php?u=https:\/\/radiorevelacionfm.cl\/?p=13826&#038;t=Fiscal%C3%ADa%20y%20Carabineros%20desarrollan%20diligencias%20en%20caso%20de%20homicidio%20ocurrido%20en%20Cochrane' aria-hidden='false' data-av_icon='\ue8f3' data-av_iconfont='entypo-fontello' title='' data-avia-related-tooltip='Compartir en Facebook' rel=\"noopener\"><span class='avia_hidden_link_text'>Compartir en Facebook<\/span><\/a><\/li><li class='av-share-link av-social-link-twitter' ><a target=\"_blank\" aria-label=\"Compartir en Twitter\" href='https:\/\/twitter.com\/share?text=Fiscal%C3%ADa%20y%20Carabineros%20desarrollan%20diligencias%20en%20caso%20de%20homicidio%20ocurrido%20en%20Cochrane&#038;url=https:\/\/radiorevelacionfm.cl\/?p=13826' aria-hidden='false' data-av_icon='\ue8f1' data-av_iconfont='entypo-fontello' title='' data-avia-related-tooltip='Compartir en Twitter' rel=\"noopener\"><span class='avia_hidden_link_text'>Compartir en Twitter<\/span><\/a><\/li><li class='av-share-link av-social-link-whatsapp' ><a target=\"_blank\" aria-label=\"Compartir en Whatsapp\" href='https:\/\/api.whatsapp.com\/send?text=https:\/\/radiorevelacionfm.cl\/?p=13826' aria-hidden='false' data-av_icon='\uf232' data-av_iconfont='entypo-fontello' title='' data-avia-related-tooltip='Compartir en Whatsapp' rel=\"noopener\"><span class='avia_hidden_link_text'>Compartir en Whatsapp<\/span><\/a><\/li><li class='av-share-link av-social-link-linkedin' ><a target=\"_blank\" aria-label=\"Compartir en LinkedIn\" href='https:\/\/linkedin.com\/shareArticle?mini=true&#038;title=Fiscal%C3%ADa%20y%20Carabineros%20desarrollan%20diligencias%20en%20caso%20de%20homicidio%20ocurrido%20en%20Cochrane&#038;url=https:\/\/radiorevelacionfm.cl\/?p=13826' aria-hidden='false' data-av_icon='\ue8fc' data-av_iconfont='entypo-fontello' title='' data-avia-related-tooltip='Compartir en LinkedIn' rel=\"noopener\"><span class='avia_hidden_link_text'>Compartir en LinkedIn<\/span><\/a><\/li><li class='av-share-link av-social-link-mail' ><a  aria-label=\"Compartir por correo\" href='mailto:?subject=Fiscal%C3%ADa%20y%20Carabineros%20desarrollan%20diligencias%20en%20caso%20de%20homicidio%20ocurrido%20en%20Cochrane&#038;body=https:\/\/radiorevelacionfm.cl\/?p=13826' aria-hidden='false' data-av_icon='\ue805' data-av_iconfont='entypo-fontello' title='' data-avia-related-tooltip='Compartir por correo'><span class='avia_hidden_link_text'>Compartir por correo<\/span><\/a><\/li><\/ul><\/div><\/div>\n<div  style='height:50px' class='hr hr-invisible   avia-builder-el-8  el_after_av_social_share  el_before_av_comments_list '><span class='hr-inner ' ><span class='hr-inner-style'><\/span><\/span><\/div>\n<div  class='av-buildercomment  av-blog-meta-html-info-disabled av-blog-meta-tag-disabled  '><\/div>\n","protected":false},"excerpt":{"rendered":"","protected":false},"author":1,"featured_media":13827,"comment_status":"open","ping_status":"open","sticky":false,"template":"","format":"standard","meta":{"footnotes":""},"categories":[55],"tags":[],"class_list":["post-13826","post","type-post","status-publish","format-standard","has-post-thumbnail","hentry","category-justicia"],"jetpack_featured_media_url":"https:\/\/radiorevelacionfm.cl\/wp-content\/uploads\/2022\/02\/Estefania3-2-2.jpg","_links":{"self":[{"href":"https:\/\/radiorevelacionfm.cl\/index.php?rest_route=\/wp\/v2\/posts\/13826","targetHints":{"allow":["GET"]}}],"collection":[{"href":"https:\/\/radiorevelacionfm.cl\/index.php?rest_route=\/wp\/v2\/posts"}],"about":[{"href":"https:\/\/radiorevelacionfm.cl\/index.php?rest_route=\/wp\/v2\/types\/post"}],"author":[{"embeddable":true,"href":"https:\/\/radiorevelacionfm.cl\/index.php?rest_route=\/wp\/v2\/users\/1"}],"replies":[{"embeddable":true,"href":"https:\/\/radiorevelacionfm.cl\/index.php?rest_route=%2Fwp%2Fv2%2Fcomments&post=13826"}],"version-history":[{"count":2,"href":"https:\/\/radiorevelacionfm.cl\/index.php?rest_route=\/wp\/v2\/posts\/13826\/revisions"}],"predecessor-version":[{"id":13829,"href":"https:\/\/radiorevelacionfm.cl\/index.php?rest_route=\/wp\/v2\/posts\/13826\/revisions\/13829"}],"wp:featuredmedia":[{"embeddable":true,"href":"https:\/\/radiorevelacionfm.cl\/index.php?rest_route=\/wp\/v2\/media\/13827"}],"wp:attachment":[{"href":"https:\/\/radiorevelacionfm.cl\/index.php?rest_route=%2Fwp%2Fv2%2Fmedia&parent=13826"}],"wp:term":[{"taxonomy":"category","embeddable":true,"href":"https:\/\/radiorevelacionfm.cl\/index.php?rest_route=%2Fwp%2Fv2%2Fcategories&post=13826"},{"taxonomy":"post_tag","embeddable":true,"href":"https:\/\/radiorevelacionfm.cl\/index.php?rest_route=%2Fwp%2Fv2%2Ftags&post=13826"}],"curies":[{"name":"wp","href":"https:\/\/api.w.org\/{rel}","templated":true}]}}