{"id":13822,"date":"2022-02-16T18:02:20","date_gmt":"2022-02-16T21:02:20","guid":{"rendered":"https:\/\/radiorevelacionfm.cl\/?p=13822"},"modified":"2022-02-16T18:02:20","modified_gmt":"2022-02-16T21:02:20","slug":"alex-espinoza-salinas-jura-como-secretario-titular-del-juzgado-de-chile-chico","status":"publish","type":"post","link":"https:\/\/radiorevelacionfm.cl\/?p=13822","title":{"rendered":"\u00c1lex Espinoza Salinas jura como secretario titular del Juzgado de Chile Chico"},"content":{"rendered":"<div class=\"flex_column av_one_full  flex_column_div av-zero-column-padding first  avia-builder-el-0  el_before_av_one_full  avia-builder-el-first  \" style='border-radius:0px; '><div  class='avia-image-container  av-styling-    avia-builder-el-1  avia-builder-el-no-sibling  avia-align-center '  itemprop=\"image\" itemscope=\"itemscope\" itemtype=\"https:\/\/schema.org\/ImageObject\"  ><div class='avia-image-container-inner'><div class='avia-image-overlay-wrap'><img decoding=\"async\" class='wp-image-13823 avia-img-lazy-loading-not-13823 avia_image' src=\"https:\/\/radiorevelacionfm.cl\/wp-content\/uploads\/2022\/02\/Alex-Espinoza-2-2.jpg\" alt='' title='Alex Espinoza-2-2' height=\"600\" width=\"803\"  itemprop=\"thumbnailUrl\" srcset=\"https:\/\/radiorevelacionfm.cl\/wp-content\/uploads\/2022\/02\/Alex-Espinoza-2-2.jpg 803w, https:\/\/radiorevelacionfm.cl\/wp-content\/uploads\/2022\/02\/Alex-Espinoza-2-2-300x224.jpg 300w, https:\/\/radiorevelacionfm.cl\/wp-content\/uploads\/2022\/02\/Alex-Espinoza-2-2-768x574.jpg 768w, https:\/\/radiorevelacionfm.cl\/wp-content\/uploads\/2022\/02\/Alex-Espinoza-2-2-705x527.jpg 705w, https:\/\/radiorevelacionfm.cl\/wp-content\/uploads\/2022\/02\/Alex-Espinoza-2-2-600x448.jpg 600w\" sizes=\"(max-width: 803px) 100vw, 803px\" \/><\/div><\/div><\/div><\/div><div class=\"flex_column av_one_full  flex_column_div av-zero-column-padding first  avia-builder-el-2  el_after_av_one_full  el_before_av_one_full  column-top-margin\" style='border-radius:0px; '><section class=\"av_textblock_section \"  itemscope=\"itemscope\" itemtype=\"https:\/\/schema.org\/BlogPosting\" itemprop=\"blogPost\" ><div class='avia_textblock  '   itemprop=\"text\" ><p style=\"text-align: center;\"><span style=\"font-size: 18pt;\"><b>\u00c1lex Espinoza Salinas jura como secretario titular del Juzgado de Chile Chico<\/b><\/span><\/p>\n<div id=\"gtx-trans\" style=\"position: absolute; left: -50px; top: 4.31534px;\">\n<div class=\"gtx-trans-icon\"><\/div>\n<\/div>\n<\/div><\/section><\/div><div class=\"flex_column av_one_full  flex_column_div av-zero-column-padding first  avia-builder-el-4  el_after_av_one_full  el_before_av_hr  column-top-margin\" style='border-radius:0px; '><section class=\"av_textblock_section \"  itemscope=\"itemscope\" itemtype=\"https:\/\/schema.org\/BlogPosting\" itemprop=\"blogPost\" ><div class='avia_textblock  '   itemprop=\"text\" ><p class=\"v1MsoNormal\" style=\"text-align: justify;\">El juez del Juzgado de Letras, Garant\u00eda y Familia de Chile Chico, Guillermo Frene Candia, tom\u00f3 juramento ayer \u2013martes 15 de febrero\u2013 a trav\u00e9s de videoconferencia, al nuevo secretario titular del tribunal, \u00c1lex Espinoza Salinas.<\/p>\n<p class=\"v1MsoNormal\" style=\"text-align: justify;\">En la ceremonia, el abogado fue acompa\u00f1ado por funcionarios, familiares y excolegas, que lo han acompa\u00f1ado por m\u00e1s de 20 a\u00f1os de trabajo en el Poder Judicial.<\/p>\n<p class=\"v1MsoNormal\" style=\"text-align: justify;\">Tras prestar juramento, el flamante secretario sostuvo: \u00abEstoy muy emocionado y feliz con este nombramiento. Ha sido un proceso largo, ya que estoy en el Poder Judicial desde el a\u00f1o 1993 haciendo suplencias de manera intermitente y, desde 1998, como funcionario a contrata del antiguo Juzgado del Crimen de Valdivia. Hoy se inicia otra etapa que quiero cumplir a cabalidad con lealtad y honor. Por ello agradecer a la Corte de Apelaciones de Coyhaique por haber cre\u00eddo en mis capacidades\u00bb.<\/p>\n<p class=\"v1MsoNormal\" style=\"text-align: justify;\">Respecto a la labor en la provincia General Carrera, dijo que: \u00abEs tremendamente necesaria la participaci\u00f3n del tribunal en estas zonas extremas, por lo que desde ya abro mi trabajo y compromiso con la comunidad de Chile Chico y sus alrededores\u00bb.<\/p>\n<p class=\"v1MsoNormal\" style=\"text-align: justify;\">\u00abFinalmente, quisiera agradecer a mi esposa y mis hijas que durante varios a\u00f1os tuvieron que sentir mi ausencia dada las suplencias que tuve que realizar en diversos tribunales del pa\u00eds. Ahora, este cargo nos permitir\u00e1 estar juntos en este hermoso territorio. Por \u00faltimo, recordar a mis padres que gracias a su cari\u00f1o y ense\u00f1anzas han permitido que logre mis metas\u00bb, sostuvo el nuevo secretario del Juzgado de Chile Chico.<\/p>\n<p class=\"v1MsoNormal\" style=\"text-align: justify;\"><b>Trayectoria<\/b><\/p>\n<p class=\"v1MsoNormal\" style=\"text-align: justify;\">Tras titularse como abogado, en 2012, Espinoza Salinas efectu\u00f3\u00a0suplencias como jefe de unidad del Juzgado de Garant\u00eda de Arica, \u00a0relator ad-hoc en Corte de Valdivia y como actuario, por dos a\u00f1os, de causas de derechos humanos, junto al ministro Juan Ignacio Correa Rosado.<\/p>\n<p class=\"v1MsoNormal\" style=\"text-align: justify;\">El 2015, se habilit\u00f3 por el Acta 212, comenzando a realizar suplencias en m\u00e1s de 25 tribunales y, desde 2016, interinatos como magistrado en tribunales de Puerto Ays\u00e9n, Puerto Cisnes, Cochrane y Chile Chico.<\/p>\n<\/div><\/section><\/div><div  style='height:50px' class='hr hr-invisible   avia-builder-el-6  el_after_av_one_full  el_before_av_social_share '><span class='hr-inner ' ><span class='hr-inner-style'><\/span><\/span><\/div><\/p>\n<div  class='av-social-sharing-box  avia-builder-el-7  el_after_av_hr  el_before_av_hr  '><div class='av-share-box'><h5 class='av-share-link-description av-no-toc '>Compartir esta noticia<\/h5><ul class='av-share-box-list noLightbox'><li class='av-share-link av-social-link-facebook' ><a target=\"_blank\" aria-label=\"Compartir en Facebook\" href='https:\/\/www.facebook.com\/sharer.php?u=https:\/\/radiorevelacionfm.cl\/?p=13822&#038;t=%C3%81lex%20Espinoza%20Salinas%20jura%20como%20secretario%20titular%20del%20Juzgado%20de%20Chile%20Chico' aria-hidden='false' data-av_icon='\ue8f3' data-av_iconfont='entypo-fontello' title='' data-avia-related-tooltip='Compartir en Facebook' rel=\"noopener\"><span class='avia_hidden_link_text'>Compartir en Facebook<\/span><\/a><\/li><li class='av-share-link av-social-link-twitter' ><a target=\"_blank\" aria-label=\"Compartir en Twitter\" href='https:\/\/twitter.com\/share?text=%C3%81lex%20Espinoza%20Salinas%20jura%20como%20secretario%20titular%20del%20Juzgado%20de%20Chile%20Chico&#038;url=https:\/\/radiorevelacionfm.cl\/?p=13822' aria-hidden='false' data-av_icon='\ue8f1' data-av_iconfont='entypo-fontello' title='' data-avia-related-tooltip='Compartir en Twitter' rel=\"noopener\"><span class='avia_hidden_link_text'>Compartir en Twitter<\/span><\/a><\/li><li class='av-share-link av-social-link-whatsapp' ><a target=\"_blank\" aria-label=\"Compartir en Whatsapp\" href='https:\/\/api.whatsapp.com\/send?text=https:\/\/radiorevelacionfm.cl\/?p=13822' aria-hidden='false' data-av_icon='\uf232' data-av_iconfont='entypo-fontello' title='' data-avia-related-tooltip='Compartir en Whatsapp' rel=\"noopener\"><span class='avia_hidden_link_text'>Compartir en Whatsapp<\/span><\/a><\/li><li class='av-share-link av-social-link-linkedin' ><a target=\"_blank\" aria-label=\"Compartir en LinkedIn\" href='https:\/\/linkedin.com\/shareArticle?mini=true&#038;title=%C3%81lex%20Espinoza%20Salinas%20jura%20como%20secretario%20titular%20del%20Juzgado%20de%20Chile%20Chico&#038;url=https:\/\/radiorevelacionfm.cl\/?p=13822' aria-hidden='false' data-av_icon='\ue8fc' data-av_iconfont='entypo-fontello' title='' data-avia-related-tooltip='Compartir en LinkedIn' rel=\"noopener\"><span class='avia_hidden_link_text'>Compartir en LinkedIn<\/span><\/a><\/li><li class='av-share-link av-social-link-mail' ><a  aria-label=\"Compartir por correo\" href='mailto:?subject=%C3%81lex%20Espinoza%20Salinas%20jura%20como%20secretario%20titular%20del%20Juzgado%20de%20Chile%20Chico&#038;body=https:\/\/radiorevelacionfm.cl\/?p=13822' aria-hidden='false' data-av_icon='\ue805' data-av_iconfont='entypo-fontello' title='' data-avia-related-tooltip='Compartir por correo'><span class='avia_hidden_link_text'>Compartir por correo<\/span><\/a><\/li><\/ul><\/div><\/div>\n<div  style='height:50px' class='hr hr-invisible   avia-builder-el-8  el_after_av_social_share  el_before_av_comments_list '><span class='hr-inner ' ><span class='hr-inner-style'><\/span><\/span><\/div>\n<div  class='av-buildercomment  av-blog-meta-html-info-disabled av-blog-meta-tag-disabled  '><\/div>\n","protected":false},"excerpt":{"rendered":"","protected":false},"author":1,"featured_media":13823,"comment_status":"open","ping_status":"open","sticky":false,"template":"","format":"standard","meta":{"footnotes":""},"categories":[55],"tags":[],"class_list":["post-13822","post","type-post","status-publish","format-standard","has-post-thumbnail","hentry","category-justicia"],"jetpack_featured_media_url":"https:\/\/radiorevelacionfm.cl\/wp-content\/uploads\/2022\/02\/Alex-Espinoza-2-2.jpg","_links":{"self":[{"href":"https:\/\/radiorevelacionfm.cl\/index.php?rest_route=\/wp\/v2\/posts\/13822","targetHints":{"allow":["GET"]}}],"collection":[{"href":"https:\/\/radiorevelacionfm.cl\/index.php?rest_route=\/wp\/v2\/posts"}],"about":[{"href":"https:\/\/radiorevelacionfm.cl\/index.php?rest_route=\/wp\/v2\/types\/post"}],"author":[{"embeddable":true,"href":"https:\/\/radiorevelacionfm.cl\/index.php?rest_route=\/wp\/v2\/users\/1"}],"replies":[{"embeddable":true,"href":"https:\/\/radiorevelacionfm.cl\/index.php?rest_route=%2Fwp%2Fv2%2Fcomments&post=13822"}],"version-history":[{"count":2,"href":"https:\/\/radiorevelacionfm.cl\/index.php?rest_route=\/wp\/v2\/posts\/13822\/revisions"}],"predecessor-version":[{"id":13825,"href":"https:\/\/radiorevelacionfm.cl\/index.php?rest_route=\/wp\/v2\/posts\/13822\/revisions\/13825"}],"wp:featuredmedia":[{"embeddable":true,"href":"https:\/\/radiorevelacionfm.cl\/index.php?rest_route=\/wp\/v2\/media\/13823"}],"wp:attachment":[{"href":"https:\/\/radiorevelacionfm.cl\/index.php?rest_route=%2Fwp%2Fv2%2Fmedia&parent=13822"}],"wp:term":[{"taxonomy":"category","embeddable":true,"href":"https:\/\/radiorevelacionfm.cl\/index.php?rest_route=%2Fwp%2Fv2%2Fcategories&post=13822"},{"taxonomy":"post_tag","embeddable":true,"href":"https:\/\/radiorevelacionfm.cl\/index.php?rest_route=%2Fwp%2Fv2%2Ftags&post=13822"}],"curies":[{"name":"wp","href":"https:\/\/api.w.org\/{rel}","templated":true}]}}