{"id":13814,"date":"2022-02-16T10:29:05","date_gmt":"2022-02-16T13:29:05","guid":{"rendered":"https:\/\/radiorevelacionfm.cl\/?p=13814"},"modified":"2022-02-16T10:29:05","modified_gmt":"2022-02-16T13:29:05","slug":"entra-en-vigencia-ley-de-plasticos-de-un-solo-uso","status":"publish","type":"post","link":"https:\/\/radiorevelacionfm.cl\/?p=13814","title":{"rendered":"Entra en vigencia Ley de Pl\u00e1sticos de un solo uso"},"content":{"rendered":"<div class=\"flex_column av_one_full  flex_column_div av-zero-column-padding first  avia-builder-el-0  el_before_av_one_full  avia-builder-el-first  \" style='border-radius:0px; '><div  class='avia-image-container  av-styling-    avia-builder-el-1  avia-builder-el-no-sibling  avia-align-center '  itemprop=\"image\" itemscope=\"itemscope\" itemtype=\"https:\/\/schema.org\/ImageObject\"  ><div class='avia-image-container-inner'><div class='avia-image-overlay-wrap'><img decoding=\"async\" class='wp-image-13815 avia-img-lazy-loading-not-13815 avia_image' src=\"https:\/\/radiorevelacionfm.cl\/wp-content\/uploads\/2022\/02\/ley-de-plasticos-2-2_optimized.jpg\" alt='' title='ley-de-plasticos-2-2_optimized' height=\"600\" width=\"1079\"  itemprop=\"thumbnailUrl\" srcset=\"https:\/\/radiorevelacionfm.cl\/wp-content\/uploads\/2022\/02\/ley-de-plasticos-2-2_optimized.jpg 1079w, https:\/\/radiorevelacionfm.cl\/wp-content\/uploads\/2022\/02\/ley-de-plasticos-2-2_optimized-300x167.jpg 300w, https:\/\/radiorevelacionfm.cl\/wp-content\/uploads\/2022\/02\/ley-de-plasticos-2-2_optimized-1030x573.jpg 1030w, https:\/\/radiorevelacionfm.cl\/wp-content\/uploads\/2022\/02\/ley-de-plasticos-2-2_optimized-768x427.jpg 768w, https:\/\/radiorevelacionfm.cl\/wp-content\/uploads\/2022\/02\/ley-de-plasticos-2-2_optimized-705x392.jpg 705w, https:\/\/radiorevelacionfm.cl\/wp-content\/uploads\/2022\/02\/ley-de-plasticos-2-2_optimized-600x334.jpg 600w\" sizes=\"(max-width: 1079px) 100vw, 1079px\" \/><\/div><\/div><\/div><\/div><div class=\"flex_column av_one_full  flex_column_div av-zero-column-padding first  avia-builder-el-2  el_after_av_one_full  el_before_av_one_full  column-top-margin\" style='border-radius:0px; '><section class=\"av_textblock_section \"  itemscope=\"itemscope\" itemtype=\"https:\/\/schema.org\/BlogPosting\" itemprop=\"blogPost\" ><div class='avia_textblock  '   itemprop=\"text\" ><p style=\"text-align: center;\"><strong><span style=\"font-size: 18pt;\">Entra en vigencia Ley de Pl\u00e1sticos de un solo uso<\/span><\/strong><\/p>\n<div id=\"gtx-trans\" style=\"position: absolute; left: -50px; top: 4.31534px;\">\n<div class=\"gtx-trans-icon\"><\/div>\n<\/div>\n<\/div><\/section><\/div><div class=\"flex_column av_one_full  flex_column_div av-zero-column-padding first  avia-builder-el-4  el_after_av_one_full  el_before_av_hr  column-top-margin\" style='border-radius:0px; '><section class=\"av_textblock_section \"  itemscope=\"itemscope\" itemtype=\"https:\/\/schema.org\/BlogPosting\" itemprop=\"blogPost\" ><div class='avia_textblock  '   itemprop=\"text\" ><p style=\"text-align: justify;\">La SEREMI del Medio Ambiente, M\u00f3nica Sald\u00edas, explic\u00f3 los detalles de la normativa que entr\u00f3 en vigencia el domingo 13 de febrero. La iniciativa regula los pl\u00e1sticos de un solo uso en los establecimientos de expendio de alimentos \u2013como restaurantes, cafeter\u00edas o fuentes de soda, entre otros,- quienes tendr\u00e1n prohibido entregar bombillas, revolvedores, palillos y cubiertos de pl\u00e1stico, como parte de la primera etapa de implementaci\u00f3n de dicha Ley.<\/p>\n<div class=\"code-block code-block-6\">\n<p style=\"text-align: justify;\">\u201cEsta Ley marca un paso fundamental en nuestra hoja de ruta hacia un #ChileCircularSinBasura pues viene a hacerse cargo de las m\u00e1s de 23.240 toneladas de pl\u00e1sticos de un solo uso que se generan al a\u00f1o en nuestro pa\u00edse, residuos que demoran cientos de a\u00f1os en degradarse, y en el caso del plumavit sobre mil a\u00f1os. Esta legislaci\u00f3n implica un profundo cambio de h\u00e1bito, pero no solo para nuestro comercio, sino tambi\u00e9n y especialmente para la ciudadan\u00eda\u201d, declar\u00f3 la SEREMI del Medio Ambiente.<\/p>\n<div class=\"code-block code-block-4\">\n<p style=\"text-align: justify;\">La ley contempla sanciones que var\u00edan entre una y veinte Unidades Tributarias Mensuales (UTM) dependiendo del tipo de infracci\u00f3n y del producto comercializado, las cuales ser\u00e1n aplicadas por el Juzgado de Polic\u00eda Local de la comuna donde se encuentre situado el establecimiento, mientras que la fiscalizaci\u00f3n ser\u00e1 resorte de las municipalidades y cualquier persona podr\u00e1 denunciar el incumplimento de la normativa.<\/p>\n<p style=\"text-align: justify;\">La gradualidad de esta ley otorga un plazo de 3 a\u00f1os para su completa implementaci\u00f3n, sin embargo hay disposiciones que comenzaron a regir este domingo y son: la prohibici\u00f3n de entrega de poliestireno expandido (plumavit) y as\u00ed tambi\u00e9n las bombillas, los revolvedores, cubiertos (tenedor, cuchara y cuchillo) y palillos, todos de pl\u00e1sticos de un solo uso. En adici\u00f3n a esta prohibici\u00f3n, todos los supermercados estar\u00e1n obligados a vender bebidas en formato retornables y a recibir dichos envases de las personas, se entender\u00e1 por supermercado todo establecimiento comercial con 3 o m\u00e1s cajas habilitadas para pago. Esto permite adem\u00e1s\u00a0 de proteger al medio ambiente, disminuir los costos para las personas, ya que son m\u00e1s econ\u00f3micos.<\/p>\n<p style=\"text-align: justify;\">En agosto de 2023 la obligaci\u00f3n de ofrecer y recibir botellas retornables se extiende a otros comercios como almacenes o tiendas de conveniencia, y para agosto de 2024, ning\u00fan local de comida podr\u00e1 utilizar productos que no sean reutilizables, es decir, no solo queda prohibido al interior del local el uso de cualquier producto pl\u00e1stico, sino que tambi\u00e9n de cualquier otro material que no sea reutilizable.<\/p>\n<p style=\"text-align: justify;\">Para el caso de los servicios de delivery, a partir de 2024 solo podr\u00e1n utilizar utensilios y envases de pl\u00e1sticos certificados, es decir que est\u00e9n elaborados a partir de recursos renovables, y que puedan ser compostados. Lo anterior, tambi\u00e9n aplicar\u00e1 si es el mismo consumidor quien retira los alimentos del local de expendio de alimentos.<\/p>\n<p style=\"text-align: justify;\">Finalmente la SEREMI invit\u00f3 a las familia a revisar los alcances de la nueva normativa y otras buenas pr\u00e1cticas de reciclaje en la p\u00e1gina web <a href=\"https:\/\/chilecircularsinbasura.mma.gob.cl\/\">https:\/\/chilecircularsinbasura.mma.gob.cl<\/a><\/p>\n<\/div>\n<\/div>\n<\/div><\/section><\/div><div  style='height:50px' class='hr hr-invisible   avia-builder-el-6  el_after_av_one_full  el_before_av_social_share '><span class='hr-inner ' ><span class='hr-inner-style'><\/span><\/span><\/div><\/p>\n<div  class='av-social-sharing-box  avia-builder-el-7  el_after_av_hr  el_before_av_hr  '><div class='av-share-box'><h5 class='av-share-link-description av-no-toc '>Compartir esta noticia<\/h5><ul class='av-share-box-list noLightbox'><li class='av-share-link av-social-link-facebook' ><a target=\"_blank\" aria-label=\"Compartir en Facebook\" href='https:\/\/www.facebook.com\/sharer.php?u=https:\/\/radiorevelacionfm.cl\/?p=13814&#038;t=Entra%20en%20vigencia%20Ley%20de%20Pl%C3%A1sticos%20de%20un%20solo%20uso' aria-hidden='false' data-av_icon='\ue8f3' data-av_iconfont='entypo-fontello' title='' data-avia-related-tooltip='Compartir en Facebook' rel=\"noopener\"><span class='avia_hidden_link_text'>Compartir en Facebook<\/span><\/a><\/li><li class='av-share-link av-social-link-twitter' ><a target=\"_blank\" aria-label=\"Compartir en Twitter\" href='https:\/\/twitter.com\/share?text=Entra%20en%20vigencia%20Ley%20de%20Pl%C3%A1sticos%20de%20un%20solo%20uso&#038;url=https:\/\/radiorevelacionfm.cl\/?p=13814' aria-hidden='false' data-av_icon='\ue8f1' data-av_iconfont='entypo-fontello' title='' data-avia-related-tooltip='Compartir en Twitter' rel=\"noopener\"><span class='avia_hidden_link_text'>Compartir en Twitter<\/span><\/a><\/li><li class='av-share-link av-social-link-whatsapp' ><a target=\"_blank\" aria-label=\"Compartir en Whatsapp\" href='https:\/\/api.whatsapp.com\/send?text=https:\/\/radiorevelacionfm.cl\/?p=13814' aria-hidden='false' data-av_icon='\uf232' data-av_iconfont='entypo-fontello' title='' data-avia-related-tooltip='Compartir en Whatsapp' rel=\"noopener\"><span class='avia_hidden_link_text'>Compartir en Whatsapp<\/span><\/a><\/li><li class='av-share-link av-social-link-linkedin' ><a target=\"_blank\" aria-label=\"Compartir en LinkedIn\" href='https:\/\/linkedin.com\/shareArticle?mini=true&#038;title=Entra%20en%20vigencia%20Ley%20de%20Pl%C3%A1sticos%20de%20un%20solo%20uso&#038;url=https:\/\/radiorevelacionfm.cl\/?p=13814' aria-hidden='false' data-av_icon='\ue8fc' data-av_iconfont='entypo-fontello' title='' data-avia-related-tooltip='Compartir en LinkedIn' rel=\"noopener\"><span class='avia_hidden_link_text'>Compartir en LinkedIn<\/span><\/a><\/li><li class='av-share-link av-social-link-mail' ><a  aria-label=\"Compartir por correo\" href='mailto:?subject=Entra%20en%20vigencia%20Ley%20de%20Pl%C3%A1sticos%20de%20un%20solo%20uso&#038;body=https:\/\/radiorevelacionfm.cl\/?p=13814' aria-hidden='false' data-av_icon='\ue805' data-av_iconfont='entypo-fontello' title='' data-avia-related-tooltip='Compartir por correo'><span class='avia_hidden_link_text'>Compartir por correo<\/span><\/a><\/li><\/ul><\/div><\/div>\n<div  style='height:50px' class='hr hr-invisible   avia-builder-el-8  el_after_av_social_share  el_before_av_comments_list '><span class='hr-inner ' ><span class='hr-inner-style'><\/span><\/span><\/div>\n<div  class='av-buildercomment  av-blog-meta-html-info-disabled av-blog-meta-tag-disabled  '><\/div>\n","protected":false},"excerpt":{"rendered":"","protected":false},"author":1,"featured_media":13815,"comment_status":"open","ping_status":"open","sticky":false,"template":"","format":"standard","meta":{"footnotes":""},"categories":[39],"tags":[],"class_list":["post-13814","post","type-post","status-publish","format-standard","has-post-thumbnail","hentry","category-medio-ambiente"],"jetpack_featured_media_url":"https:\/\/radiorevelacionfm.cl\/wp-content\/uploads\/2022\/02\/ley-de-plasticos-2-2_optimized.jpg","_links":{"self":[{"href":"https:\/\/radiorevelacionfm.cl\/index.php?rest_route=\/wp\/v2\/posts\/13814","targetHints":{"allow":["GET"]}}],"collection":[{"href":"https:\/\/radiorevelacionfm.cl\/index.php?rest_route=\/wp\/v2\/posts"}],"about":[{"href":"https:\/\/radiorevelacionfm.cl\/index.php?rest_route=\/wp\/v2\/types\/post"}],"author":[{"embeddable":true,"href":"https:\/\/radiorevelacionfm.cl\/index.php?rest_route=\/wp\/v2\/users\/1"}],"replies":[{"embeddable":true,"href":"https:\/\/radiorevelacionfm.cl\/index.php?rest_route=%2Fwp%2Fv2%2Fcomments&post=13814"}],"version-history":[{"count":2,"href":"https:\/\/radiorevelacionfm.cl\/index.php?rest_route=\/wp\/v2\/posts\/13814\/revisions"}],"predecessor-version":[{"id":13817,"href":"https:\/\/radiorevelacionfm.cl\/index.php?rest_route=\/wp\/v2\/posts\/13814\/revisions\/13817"}],"wp:featuredmedia":[{"embeddable":true,"href":"https:\/\/radiorevelacionfm.cl\/index.php?rest_route=\/wp\/v2\/media\/13815"}],"wp:attachment":[{"href":"https:\/\/radiorevelacionfm.cl\/index.php?rest_route=%2Fwp%2Fv2%2Fmedia&parent=13814"}],"wp:term":[{"taxonomy":"category","embeddable":true,"href":"https:\/\/radiorevelacionfm.cl\/index.php?rest_route=%2Fwp%2Fv2%2Fcategories&post=13814"},{"taxonomy":"post_tag","embeddable":true,"href":"https:\/\/radiorevelacionfm.cl\/index.php?rest_route=%2Fwp%2Fv2%2Ftags&post=13814"}],"curies":[{"name":"wp","href":"https:\/\/api.w.org\/{rel}","templated":true}]}}