{"id":13808,"date":"2022-02-15T18:42:08","date_gmt":"2022-02-15T21:42:08","guid":{"rendered":"https:\/\/radiorevelacionfm.cl\/?p=13808"},"modified":"2022-02-15T18:42:08","modified_gmt":"2022-02-15T21:42:08","slug":"hospitalizados-de-gravedad-por-covid-19-no-cuentan-con-esquema-de-vacunacion-completa","status":"publish","type":"post","link":"https:\/\/radiorevelacionfm.cl\/?p=13808","title":{"rendered":"Hospitalizados de gravedad por COVID-19 no cuentan con esquema de vacunaci\u00f3n completa"},"content":{"rendered":"<div class=\"flex_column av_one_full  flex_column_div av-zero-column-padding first  avia-builder-el-0  el_before_av_one_full  avia-builder-el-first  \" style='border-radius:0px; '><div  class='avia-image-container  av-styling-    avia-builder-el-1  avia-builder-el-no-sibling  avia-align-center '  itemprop=\"image\" itemscope=\"itemscope\" itemtype=\"https:\/\/schema.org\/ImageObject\"  ><div class='avia-image-container-inner'><div class='avia-image-overlay-wrap'><img decoding=\"async\" class='wp-image-13809 avia-img-lazy-loading-not-13809 avia_image' src=\"https:\/\/radiorevelacionfm.cl\/wp-content\/uploads\/2022\/02\/vacunacion-2-2.jpg\" alt='' title='vacunaci\u00f3n-2-2' height=\"600\" width=\"910\"  itemprop=\"thumbnailUrl\" srcset=\"https:\/\/radiorevelacionfm.cl\/wp-content\/uploads\/2022\/02\/vacunacion-2-2.jpg 910w, https:\/\/radiorevelacionfm.cl\/wp-content\/uploads\/2022\/02\/vacunacion-2-2-300x198.jpg 300w, https:\/\/radiorevelacionfm.cl\/wp-content\/uploads\/2022\/02\/vacunacion-2-2-768x506.jpg 768w, https:\/\/radiorevelacionfm.cl\/wp-content\/uploads\/2022\/02\/vacunacion-2-2-705x465.jpg 705w, https:\/\/radiorevelacionfm.cl\/wp-content\/uploads\/2022\/02\/vacunacion-2-2-600x396.jpg 600w\" sizes=\"(max-width: 910px) 100vw, 910px\" \/><\/div><\/div><\/div><\/div><div class=\"flex_column av_one_full  flex_column_div av-zero-column-padding first  avia-builder-el-2  el_after_av_one_full  el_before_av_one_full  column-top-margin\" style='border-radius:0px; '><section class=\"av_textblock_section \"  itemscope=\"itemscope\" itemtype=\"https:\/\/schema.org\/BlogPosting\" itemprop=\"blogPost\" ><div class='avia_textblock  '   itemprop=\"text\" ><p style=\"text-align: center;\"><span style=\"font-size: 18pt;\"><strong>Hospitalizados de gravedad por COVID-19 no cuentan con esquema de vacunaci\u00f3n completa<\/strong><\/span><\/p>\n<div id=\"gtx-trans\" style=\"position: absolute; left: -50px; top: 4.31534px;\">\n<div class=\"gtx-trans-icon\"><\/div>\n<\/div>\n<\/div><\/section><\/div><div class=\"flex_column av_one_full  flex_column_div av-zero-column-padding first  avia-builder-el-4  el_after_av_one_full  el_before_av_hr  column-top-margin\" style='border-radius:0px; '><section class=\"av_textblock_section \"  itemscope=\"itemscope\" itemtype=\"https:\/\/schema.org\/BlogPosting\" itemprop=\"blogPost\" ><div class='avia_textblock  '   itemprop=\"text\" ><p style=\"text-align: justify;\">En el transcurso de las \u00faltimas semanas, el principal centro asistencial de la regi\u00f3n ha presentado un aumento de hospitalizaciones asociadas a COVID-19, es as\u00ed como a este martes 15 de febrero existen 28 personas hospitalizadas en el Hospital Regional Coyhaique, de los cuales 05 pacientes se encuentran conectados a ventilaci\u00f3n mec\u00e1nica invasiva; 03 de ellos no cuentan con ninguna vacuna, y los otros 02 presentan esquema incompleto.<\/p>\n<p style=\"text-align: justify;\">La informaci\u00f3n la dio a conocer la Subdirectora (S) de Gesti\u00f3n Asistencial, Doc. Natalie Duffau, quien recalc\u00f3 la importancia de acceder al proceso de vacunaci\u00f3n para evitar riesgos a la salud que puedan terminar con una hospitalizaci\u00f3n, lamentando adem\u00e1s el caso de un menor de cinco a\u00f1os que tambi\u00e9n se encuentra hospitalizado y asistido por ventilaci\u00f3n mec\u00e1nica no invasiva.\u00a0 \u201cNos encontramos con un 80% de ocupaci\u00f3n en las camas cr\u00edticas del Hospital Regional Coyhaique, existen 05 pacientes hospitalizados en la UCI, de los cuales ninguno de ellos cuenta con su esquema de vacunaci\u00f3n completo, ni su dosis de refuerzo. \u00a0Tenemos un caso de preocupaci\u00f3n que es un usuario de cinco a\u00f1os que se encuentra hospitalizado en la unidad de tratamiento intermedio pedi\u00e1trica en ventilaci\u00f3n mec\u00e1nica no invasiva, este paciente no se encuentra vacunado. Es muy relevante llamar a la comunidad a acceder al proceso de vacunaci\u00f3n, ya que queda de manifiesto que el mayor riesgo y gravedad de la enfermedad por COVID-19, se da en los pacientes que no tiene su esquema de vacunaci\u00f3n y en este momento los que no cuentan con su dosis de refuerzo\u201d.<\/p>\n<p style=\"text-align: justify;\">Por su parte, la Seremi de Salud (s), Gloria Beecher, hizo un llamado a la comunidad para que se acerque a los puntos de vacunaci\u00f3n.\u00a0 \u201cCuando hoy contamos con m\u00e1s de mil 500 casos activos en la regi\u00f3n, se hace necesario que la ciudadan\u00eda entienda los riesgos asociados a COVID-19, donde la principal herramienta que tenemos para hacer frente a esta enfermedad es el autocuidado y cumplir con el proceso de vacunaci\u00f3n que impulsa el Ministerio de Salud.\u00a0 A nivel regional, la comunidad puede acercarse a cualquier centro de salud para obtener informaci\u00f3n y acceder a completar su esquema, mientras que en las comunas con mayor n\u00famero de habitantes, como el caso de Coyhaique, se ha dispuesto de puntos fijos de vacunaci\u00f3n como el gimnasio municipal de calle Sim\u00f3n Bolivar N\u00ba400 y de vacunaci\u00f3n extramuro, cuyo recorrido se publica semanalmente por las redes sociales de la Seremi de Salud\u201d.<\/p>\n<p style=\"text-align: justify;\">En las \u00faltimas horas se han procesado 849 muestras, las cuales han arrojado un total de 404 nuevos casos asociados a COVID-19 en la regi\u00f3n. Los cuales corresponden a ex\u00e1menes de PCR y ant\u00edgeno (+) (216 de Coyhaique, 106 de Ays\u00e9n, 26 de Chile Chico, 13 en Ib\u00e1\u00f1ez, 16 de Cochrane, 04 en O\u201dHiggins, 01 en Tortel, 16 de Cisnes y 06 en Guaitecas.<\/p>\n<\/div><\/section><\/div><div  style='height:50px' class='hr hr-invisible   avia-builder-el-6  el_after_av_one_full  el_before_av_social_share '><span class='hr-inner ' ><span class='hr-inner-style'><\/span><\/span><\/div><\/p>\n<div  class='av-social-sharing-box  avia-builder-el-7  el_after_av_hr  el_before_av_hr  '><div class='av-share-box'><h5 class='av-share-link-description av-no-toc '>Compartir esta noticia<\/h5><ul class='av-share-box-list noLightbox'><li class='av-share-link av-social-link-facebook' ><a target=\"_blank\" aria-label=\"Compartir en Facebook\" href='https:\/\/www.facebook.com\/sharer.php?u=https:\/\/radiorevelacionfm.cl\/?p=13808&#038;t=Hospitalizados%20de%20gravedad%20por%20COVID-19%20no%20cuentan%20con%20esquema%20de%20vacunaci%C3%B3n%20completa' aria-hidden='false' data-av_icon='\ue8f3' data-av_iconfont='entypo-fontello' title='' data-avia-related-tooltip='Compartir en Facebook' rel=\"noopener\"><span class='avia_hidden_link_text'>Compartir en Facebook<\/span><\/a><\/li><li class='av-share-link av-social-link-twitter' ><a target=\"_blank\" aria-label=\"Compartir en Twitter\" href='https:\/\/twitter.com\/share?text=Hospitalizados%20de%20gravedad%20por%20COVID-19%20no%20cuentan%20con%20esquema%20de%20vacunaci%C3%B3n%20completa&#038;url=https:\/\/radiorevelacionfm.cl\/?p=13808' aria-hidden='false' data-av_icon='\ue8f1' data-av_iconfont='entypo-fontello' title='' data-avia-related-tooltip='Compartir en Twitter' rel=\"noopener\"><span class='avia_hidden_link_text'>Compartir en Twitter<\/span><\/a><\/li><li class='av-share-link av-social-link-whatsapp' ><a target=\"_blank\" aria-label=\"Compartir en Whatsapp\" href='https:\/\/api.whatsapp.com\/send?text=https:\/\/radiorevelacionfm.cl\/?p=13808' aria-hidden='false' data-av_icon='\uf232' data-av_iconfont='entypo-fontello' title='' data-avia-related-tooltip='Compartir en Whatsapp' rel=\"noopener\"><span class='avia_hidden_link_text'>Compartir en Whatsapp<\/span><\/a><\/li><li class='av-share-link av-social-link-linkedin' ><a target=\"_blank\" aria-label=\"Compartir en LinkedIn\" href='https:\/\/linkedin.com\/shareArticle?mini=true&#038;title=Hospitalizados%20de%20gravedad%20por%20COVID-19%20no%20cuentan%20con%20esquema%20de%20vacunaci%C3%B3n%20completa&#038;url=https:\/\/radiorevelacionfm.cl\/?p=13808' aria-hidden='false' data-av_icon='\ue8fc' data-av_iconfont='entypo-fontello' title='' data-avia-related-tooltip='Compartir en LinkedIn' rel=\"noopener\"><span class='avia_hidden_link_text'>Compartir en LinkedIn<\/span><\/a><\/li><li class='av-share-link av-social-link-mail' ><a  aria-label=\"Compartir por correo\" href='mailto:?subject=Hospitalizados%20de%20gravedad%20por%20COVID-19%20no%20cuentan%20con%20esquema%20de%20vacunaci%C3%B3n%20completa&#038;body=https:\/\/radiorevelacionfm.cl\/?p=13808' aria-hidden='false' data-av_icon='\ue805' data-av_iconfont='entypo-fontello' title='' data-avia-related-tooltip='Compartir por correo'><span class='avia_hidden_link_text'>Compartir por correo<\/span><\/a><\/li><\/ul><\/div><\/div>\n<div  style='height:50px' class='hr hr-invisible   avia-builder-el-8  el_after_av_social_share  el_before_av_comments_list '><span class='hr-inner ' ><span class='hr-inner-style'><\/span><\/span><\/div>\n<div  class='av-buildercomment  av-blog-meta-html-info-disabled av-blog-meta-tag-disabled  '><\/div>\n","protected":false},"excerpt":{"rendered":"","protected":false},"author":1,"featured_media":13809,"comment_status":"open","ping_status":"open","sticky":false,"template":"","format":"standard","meta":{"footnotes":""},"categories":[46],"tags":[],"class_list":["post-13808","post","type-post","status-publish","format-standard","has-post-thumbnail","hentry","category-salud"],"jetpack_featured_media_url":"https:\/\/radiorevelacionfm.cl\/wp-content\/uploads\/2022\/02\/vacunacion-2-2.jpg","_links":{"self":[{"href":"https:\/\/radiorevelacionfm.cl\/index.php?rest_route=\/wp\/v2\/posts\/13808","targetHints":{"allow":["GET"]}}],"collection":[{"href":"https:\/\/radiorevelacionfm.cl\/index.php?rest_route=\/wp\/v2\/posts"}],"about":[{"href":"https:\/\/radiorevelacionfm.cl\/index.php?rest_route=\/wp\/v2\/types\/post"}],"author":[{"embeddable":true,"href":"https:\/\/radiorevelacionfm.cl\/index.php?rest_route=\/wp\/v2\/users\/1"}],"replies":[{"embeddable":true,"href":"https:\/\/radiorevelacionfm.cl\/index.php?rest_route=%2Fwp%2Fv2%2Fcomments&post=13808"}],"version-history":[{"count":2,"href":"https:\/\/radiorevelacionfm.cl\/index.php?rest_route=\/wp\/v2\/posts\/13808\/revisions"}],"predecessor-version":[{"id":13811,"href":"https:\/\/radiorevelacionfm.cl\/index.php?rest_route=\/wp\/v2\/posts\/13808\/revisions\/13811"}],"wp:featuredmedia":[{"embeddable":true,"href":"https:\/\/radiorevelacionfm.cl\/index.php?rest_route=\/wp\/v2\/media\/13809"}],"wp:attachment":[{"href":"https:\/\/radiorevelacionfm.cl\/index.php?rest_route=%2Fwp%2Fv2%2Fmedia&parent=13808"}],"wp:term":[{"taxonomy":"category","embeddable":true,"href":"https:\/\/radiorevelacionfm.cl\/index.php?rest_route=%2Fwp%2Fv2%2Fcategories&post=13808"},{"taxonomy":"post_tag","embeddable":true,"href":"https:\/\/radiorevelacionfm.cl\/index.php?rest_route=%2Fwp%2Fv2%2Ftags&post=13808"}],"curies":[{"name":"wp","href":"https:\/\/api.w.org\/{rel}","templated":true}]}}