{"id":13805,"date":"2022-02-16T09:54:44","date_gmt":"2022-02-16T12:54:44","guid":{"rendered":"https:\/\/radiorevelacionfm.cl\/?p=13805"},"modified":"2022-02-16T09:54:44","modified_gmt":"2022-02-16T12:54:44","slug":"culturas-anuncia-las-obras-seleccionadas-para-la-xx-version-de-la-muestra-nacional-de-dramaturgia","status":"publish","type":"post","link":"https:\/\/radiorevelacionfm.cl\/?p=13805","title":{"rendered":"Culturas anuncia las obras seleccionadas para la XX versi\u00f3n de la Muestra Nacional de Dramaturgia"},"content":{"rendered":"<div class=\"flex_column av_one_full  flex_column_div av-zero-column-padding first  avia-builder-el-0  el_before_av_one_full  avia-builder-el-first  \" style='border-radius:0px; '><div  class='avia-image-container  av-styling-    avia-builder-el-1  avia-builder-el-no-sibling  avia-align-center '  itemprop=\"image\" itemscope=\"itemscope\" itemtype=\"https:\/\/schema.org\/ImageObject\"  ><div class='avia-image-container-inner'><div class='avia-image-overlay-wrap'><img decoding=\"async\" class='wp-image-13806 avia-img-lazy-loading-not-13806 avia_image' src=\"https:\/\/radiorevelacionfm.cl\/wp-content\/uploads\/2022\/02\/1995-viejas-christian-ortega-2_optimized.jpg\" alt='' title='1995-viejas-christian-ortega-2_optimized' height=\"600\" width=\"922\"  itemprop=\"thumbnailUrl\" srcset=\"https:\/\/radiorevelacionfm.cl\/wp-content\/uploads\/2022\/02\/1995-viejas-christian-ortega-2_optimized.jpg 922w, https:\/\/radiorevelacionfm.cl\/wp-content\/uploads\/2022\/02\/1995-viejas-christian-ortega-2_optimized-300x195.jpg 300w, https:\/\/radiorevelacionfm.cl\/wp-content\/uploads\/2022\/02\/1995-viejas-christian-ortega-2_optimized-768x500.jpg 768w, https:\/\/radiorevelacionfm.cl\/wp-content\/uploads\/2022\/02\/1995-viejas-christian-ortega-2_optimized-705x459.jpg 705w, https:\/\/radiorevelacionfm.cl\/wp-content\/uploads\/2022\/02\/1995-viejas-christian-ortega-2_optimized-600x390.jpg 600w\" sizes=\"(max-width: 922px) 100vw, 922px\" \/><\/div><\/div><\/div><\/div><div class=\"flex_column av_one_full  flex_column_div av-zero-column-padding first  avia-builder-el-2  el_after_av_one_full  el_before_av_one_full  column-top-margin\" style='border-radius:0px; '><section class=\"av_textblock_section \"  itemscope=\"itemscope\" itemtype=\"https:\/\/schema.org\/BlogPosting\" itemprop=\"blogPost\" ><div class='avia_textblock  '   itemprop=\"text\" ><p style=\"text-align: center;\"><span style=\"font-size: 18pt;\"><b>Culturas anuncia las obras seleccionadas para la XX versi\u00f3n de la Muestra Nacional de Dramaturgia<\/b><\/span><\/p>\n<div id=\"gtx-trans\" style=\"position: absolute; left: -50px; top: 4.31534px;\">\n<div class=\"gtx-trans-icon\"><\/div>\n<\/div>\n<\/div><\/section><\/div><div class=\"flex_column av_one_full  flex_column_div av-zero-column-padding first  avia-builder-el-4  el_after_av_one_full  el_before_av_hr  column-top-margin\" style='border-radius:0px; '><section class=\"av_textblock_section \"  itemscope=\"itemscope\" itemtype=\"https:\/\/schema.org\/BlogPosting\" itemprop=\"blogPost\" ><div class='avia_textblock  '   itemprop=\"text\" ><p class=\"v1x_MsoNormal\" style=\"text-align: justify;\">Ya se est\u00e1n disponibles los textos ganadores de la\u00a0<b>XX Muestra Nacional de Dramaturgia<\/b>, programa bienal impulsado por el Ministerio de las Culturas, las Artes y el Patrimonio, uno de los espacios m\u00e1s importantes para el fomento y difusi\u00f3n de la escritura teatral chilena y que en esta oportunidad contar\u00e1 con la direcci\u00f3n art\u00edstica de Carla Z\u00fa\u00f1iga y Bosco Cayo.<\/p>\n<p class=\"v1x_MsoNormal\" style=\"text-align: justify;\">Luego de la evaluaci\u00f3n de m\u00e1s de 120 postulaciones, el concurso seleccion\u00f3 en la categor\u00eda autor\/a\u00a0emergente a los textos \u00abPam Berry\u00bb,\u00a0de\u00a0Daniela Schalchli (Regi\u00f3n Metropolitana); \u00abContinuidad de las cajeras\u00bb, de Jorge Contreras (Biob\u00edo) y \u00abEl traje del novio\u00bb, de Felipe Zambrano (Regi\u00f3n Metropolitana). En tanto, en la categor\u00eda\u00a0autor\/a de trayectoria, resultaron ganadores \u00abEsto podr\u00eda durar y durar y durar y durar y durar\u00bb, de Nicol\u00e1s Lange (Los Lagos) y \u00abBlancanieves\u00bb, de Karen Bauer (Coquimbo).<\/p>\n<p class=\"v1x_MsoNormal\" style=\"text-align: justify;\">\u00abLa Muestra Nacional de Dramaturgia nos presenta, versi\u00f3n a versi\u00f3n, las nuevas reflexiones que autoras y autores plasman para llegar a distintos escenarios a lo largo del pa\u00eds y que incluso han traspasado fronteras. Da cuenta del talento, la riqueza y potencia creativa que hay en los territorios y estamos felices de anunciar a quienes participar\u00e1n en esta versi\u00f3n. Este programa estatal ha acompa\u00f1ado el desarrollo del teatro chileno y nos muestra una panor\u00e1mica de la dramaturgia nacional tanto en tem\u00e1ticas como en sus formas. Tal como en otros a\u00f1os mantiene su compromiso con la descentralizaci\u00f3n y el fomento de la dramaturgia local\u00bb, destac\u00f3 la Ministra de las Culturas, las Artes y el Patrimonio, Consuelo Vald\u00e9s.<\/p>\n<p class=\"v1x_MsoNormal\" style=\"text-align: justify;\">La elecci\u00f3n de las propuestas estuvo a cargo de un jurado compuesto por Flavia Radrig\u00e1n, Carlos Briones, Loreto Saavedra, Cristi\u00e1n Opazo y Claudia Hern\u00e1ndez, todos profesionales de\u00a0amplia trayectoria en diversas \u00e1reas vinculadas a las artes esc\u00e9nicas.<\/p>\n<p class=\"v1x_MsoNormal\" style=\"text-align: justify;\">Durante 2022, las y los seleccionados recibir\u00e1n un premio \u00fanico en dinero y la oportunidad de montar profesionalmente sus trabajos, los que se estrenar\u00e1n en el marco de la pr\u00f3xima Muestra Nacional, que adem\u00e1s celebrar\u00e1 sus 20 ediciones con actividades especiales orientadas a poner en valor la historia, autores\/as\u00a0y textos que han dado vida a este espacio a lo largo del tiempo.<\/p>\n<p class=\"v1x_MsoNormal\" style=\"text-align: justify;\">Asimismo, el programa tambi\u00e9n ofrecer\u00e1 instancias de formaci\u00f3n, di\u00e1logo y encuentro en torno a la dramaturgia, adem\u00e1s de charlas y talleres gratuitos para p\u00fablico general en distintos puntos del pa\u00eds.<\/p>\n<p class=\"v1x_MsoNormal\" style=\"text-align: justify;\">Las obras seleccionadas son las siguientes:<\/p>\n<p class=\"v1x_MsoNormal\" style=\"text-align: justify;\"><b>\u00abEsto podr\u00eda durar y durar y durar y durar y durar\u00bb, de Nicol\u00e1s Lange<\/b><\/p>\n<p class=\"v1x_MsoNormal\" style=\"text-align: justify;\">La autora lee una declaraci\u00f3n de perd\u00f3n por no escribir una historia a la altura de estos tiempos de caos.<\/p>\n<p class=\"v1x_MsoNormal\" style=\"text-align: justify;\">Ella presenta tres historias: la primera narra el registro de declaraciones de un joven homosexual suicidado en una c\u00e1rcel de La Serena. La segunda es un r\u00e9quiem de dos j\u00f3venes homosexuales inmolados en su casa en Texas. La tercera y \u00faltima es una bruja colaborando con la DINA para encontrar a un grupo disidente sexual escondido en la isla de Chilo\u00e9.<b><\/b><\/p>\n<p class=\"v1x_MsoNormal\" style=\"text-align: justify;\"><b>\u00abBlancanieves\u00bb, de Karen Bauer<\/b><\/p>\n<p class=\"v1x_MsoNormal\" style=\"text-align: justify;\">Blancanieves no es una princesa. Blancanieves es una ni\u00f1a vulnerada, refugiada, perseguida e inmigrante, cuyo entorno insoportable se transforma en un macabro cuento<\/p>\n<p class=\"v1x_MsoNormal\" style=\"text-align: justify;\">Blancanieves cae en un profundo sue\u00f1o, donde ella es la protagonista de una historia cruzada por la guerra y el acontecer mundial, Blancanieves carga con el abuso, con el desarraigo y principalmente con la incertidumbre. Frente a eso, no queda m\u00e1s que so\u00f1ar, aunque ese sue\u00f1o sea una pesadilla, es el \u00fanico lugar donde al final del camino, encuentra la paz.<\/p>\n<p class=\"v1x_MsoNormal\" style=\"text-align: justify;\">La crisis migratoria es el resultado de guerras y conflictos sociopol\u00edticos a nivel mundial, La obra intenta reflexionar acerca de la incertidumbre y el desarraigo que esto genera. Frente al horror, la \u00fanica escapatoria es adentrarse en un sue\u00f1o, en un cuento. Apagarse hasta que las cosas mejoren.<b><\/b><\/p>\n<p class=\"v1x_MsoNormal\" style=\"text-align: justify;\"><b>\u00abPam Berry\u00bb, de Daniela\u00a0Schalchli<\/b><\/p>\n<p class=\"v1x_MsoNormal\" style=\"text-align: justify;\">La obra narra la historia de Pam Berry, una lesbiana visible. Transcurre a lo largo de dos semanas, en sus sue\u00f1os, en el circo de un descampado y en una casa embrujada a medio construir. Durante este periodo y tras buscar exhaustivamente, Pam Berry llega al circo para recurrir a una bruja que la ayude a encontrar en el plano de lo espiritual, lo desconocido y lo paranormal, a la persona con que sue\u00f1a desde ni\u00f1a y que ha dado se\u00f1ales de que existe en la vida real pero que muy pronto desaparecer\u00e1.<\/p>\n<p class=\"v1x_MsoNormal\" style=\"text-align: justify;\">La obra Pam Berry habla de la composici\u00f3n de un mundo propio e intocable, cuando una persona se enfrenta a la represi\u00f3n de su identidad de g\u00e9nero, expresi\u00f3n de g\u00e9nero y orientaci\u00f3n sexual; de la violencia lesbo-odiante que significa la invisibilziaci\u00f3n de la identidad l\u00e9sbica; de romper con las imposiciones del g\u00e9nero y los patrones establecidos por un sistema heterosexual y cis g\u00e9nero, y por, sobre todo, de lo que significa la libertad para una persona disidente sexual y de g\u00e9nero.<\/p>\n<p class=\"v1x_MsoNormal\" style=\"text-align: justify;\"><b>\u00abContinuidad de las cajeras\u00bb, de Jorge Contreras<\/b><\/p>\n<p class=\"v1x_MsoNormal\" style=\"text-align: justify;\">Una cajera ha comenzado a trabajar hace algunas semanas por primera vez en una cadena de supermercados. Con ella sentada en su silla est\u00e1tica\/giratoria, vemos el mundo pasar a trav\u00e9s de la cinta transportadora que moviliza todos los productos que van a consumir.<\/p>\n<p class=\"v1x_MsoNormal\" style=\"text-align: justify;\">Toda su rutina se va alterando por la contingencia que acontece en el pa\u00eds, hasta que un d\u00eda comienza a sospechar que algo se esconde entre los pasillos y nadie da una explicaci\u00f3n.<\/p>\n<p class=\"v1x_MsoNormal\" style=\"text-align: justify;\"><b>\u00abEl traje del novio\u00bb, de Felipe Zambrano<\/b><\/p>\n<p class=\"v1x_MsoNormal\" style=\"text-align: justify;\">Olivia es una antigua costurera que detuvo su vida en una vieja sastrer\u00eda del Gran Concepci\u00f3n. Su rutina se ve alterada con la llegada de Francesco, un violinista italiano que llega a Chile para que, a toda costa, ella le confeccione su traje de novio. Lo que Olivia no sabe, es que, al hilvanar la prenda, Francesco busca retejer una relaci\u00f3n con ella: la del hijo que le fue robado en dictadura, para ser traficado en el exterior.<\/p>\n<p class=\"v1x_MsoNormal\" style=\"text-align: justify;\">La obra se presenta como un relato \u00edntimo de un reencuentro, de la reparaci\u00f3n de la relaci\u00f3n entre una madre y un hijo y los vaivenes tr\u00e1gicos de un destino que no escogieron para s\u00ed mismos.<\/p>\n<\/div><\/section><\/div><div  style='height:50px' class='hr hr-invisible   avia-builder-el-6  el_after_av_one_full  el_before_av_social_share '><span class='hr-inner ' ><span class='hr-inner-style'><\/span><\/span><\/div><\/p>\n<div  class='av-social-sharing-box  avia-builder-el-7  el_after_av_hr  el_before_av_hr  '><div class='av-share-box'><h5 class='av-share-link-description av-no-toc '>Compartir esta noticia<\/h5><ul class='av-share-box-list noLightbox'><li class='av-share-link av-social-link-facebook' ><a target=\"_blank\" aria-label=\"Compartir en Facebook\" href='https:\/\/www.facebook.com\/sharer.php?u=https:\/\/radiorevelacionfm.cl\/?p=13805&#038;t=Culturas%20anuncia%20las%20obras%20seleccionadas%20para%20la%20XX%20versi%C3%B3n%20de%20la%20Muestra%20Nacional%20de%20Dramaturgia' aria-hidden='false' data-av_icon='\ue8f3' data-av_iconfont='entypo-fontello' title='' data-avia-related-tooltip='Compartir en Facebook' rel=\"noopener\"><span class='avia_hidden_link_text'>Compartir en Facebook<\/span><\/a><\/li><li class='av-share-link av-social-link-twitter' ><a target=\"_blank\" aria-label=\"Compartir en Twitter\" href='https:\/\/twitter.com\/share?text=Culturas%20anuncia%20las%20obras%20seleccionadas%20para%20la%20XX%20versi%C3%B3n%20de%20la%20Muestra%20Nacional%20de%20Dramaturgia&#038;url=https:\/\/radiorevelacionfm.cl\/?p=13805' aria-hidden='false' data-av_icon='\ue8f1' data-av_iconfont='entypo-fontello' title='' data-avia-related-tooltip='Compartir en Twitter' rel=\"noopener\"><span class='avia_hidden_link_text'>Compartir en Twitter<\/span><\/a><\/li><li class='av-share-link av-social-link-whatsapp' ><a target=\"_blank\" aria-label=\"Compartir en Whatsapp\" href='https:\/\/api.whatsapp.com\/send?text=https:\/\/radiorevelacionfm.cl\/?p=13805' aria-hidden='false' data-av_icon='\uf232' data-av_iconfont='entypo-fontello' title='' data-avia-related-tooltip='Compartir en Whatsapp' rel=\"noopener\"><span class='avia_hidden_link_text'>Compartir en Whatsapp<\/span><\/a><\/li><li class='av-share-link av-social-link-linkedin' ><a target=\"_blank\" aria-label=\"Compartir en LinkedIn\" href='https:\/\/linkedin.com\/shareArticle?mini=true&#038;title=Culturas%20anuncia%20las%20obras%20seleccionadas%20para%20la%20XX%20versi%C3%B3n%20de%20la%20Muestra%20Nacional%20de%20Dramaturgia&#038;url=https:\/\/radiorevelacionfm.cl\/?p=13805' aria-hidden='false' data-av_icon='\ue8fc' data-av_iconfont='entypo-fontello' title='' data-avia-related-tooltip='Compartir en LinkedIn' rel=\"noopener\"><span class='avia_hidden_link_text'>Compartir en LinkedIn<\/span><\/a><\/li><li class='av-share-link av-social-link-mail' ><a  aria-label=\"Compartir por correo\" href='mailto:?subject=Culturas%20anuncia%20las%20obras%20seleccionadas%20para%20la%20XX%20versi%C3%B3n%20de%20la%20Muestra%20Nacional%20de%20Dramaturgia&#038;body=https:\/\/radiorevelacionfm.cl\/?p=13805' aria-hidden='false' data-av_icon='\ue805' data-av_iconfont='entypo-fontello' title='' data-avia-related-tooltip='Compartir por correo'><span class='avia_hidden_link_text'>Compartir por correo<\/span><\/a><\/li><\/ul><\/div><\/div>\n<div  style='height:50px' class='hr hr-invisible   avia-builder-el-8  el_after_av_social_share  el_before_av_comments_list '><span class='hr-inner ' ><span class='hr-inner-style'><\/span><\/span><\/div>\n<div  class='av-buildercomment  av-blog-meta-html-info-disabled av-blog-meta-tag-disabled  '><\/div>\n","protected":false},"excerpt":{"rendered":"","protected":false},"author":1,"featured_media":13806,"comment_status":"open","ping_status":"open","sticky":false,"template":"","format":"standard","meta":{"footnotes":""},"categories":[52],"tags":[],"class_list":["post-13805","post","type-post","status-publish","format-standard","has-post-thumbnail","hentry","category-cultura"],"jetpack_featured_media_url":"https:\/\/radiorevelacionfm.cl\/wp-content\/uploads\/2022\/02\/1995-viejas-christian-ortega-2_optimized.jpg","_links":{"self":[{"href":"https:\/\/radiorevelacionfm.cl\/index.php?rest_route=\/wp\/v2\/posts\/13805","targetHints":{"allow":["GET"]}}],"collection":[{"href":"https:\/\/radiorevelacionfm.cl\/index.php?rest_route=\/wp\/v2\/posts"}],"about":[{"href":"https:\/\/radiorevelacionfm.cl\/index.php?rest_route=\/wp\/v2\/types\/post"}],"author":[{"embeddable":true,"href":"https:\/\/radiorevelacionfm.cl\/index.php?rest_route=\/wp\/v2\/users\/1"}],"replies":[{"embeddable":true,"href":"https:\/\/radiorevelacionfm.cl\/index.php?rest_route=%2Fwp%2Fv2%2Fcomments&post=13805"}],"version-history":[{"count":2,"href":"https:\/\/radiorevelacionfm.cl\/index.php?rest_route=\/wp\/v2\/posts\/13805\/revisions"}],"predecessor-version":[{"id":13813,"href":"https:\/\/radiorevelacionfm.cl\/index.php?rest_route=\/wp\/v2\/posts\/13805\/revisions\/13813"}],"wp:featuredmedia":[{"embeddable":true,"href":"https:\/\/radiorevelacionfm.cl\/index.php?rest_route=\/wp\/v2\/media\/13806"}],"wp:attachment":[{"href":"https:\/\/radiorevelacionfm.cl\/index.php?rest_route=%2Fwp%2Fv2%2Fmedia&parent=13805"}],"wp:term":[{"taxonomy":"category","embeddable":true,"href":"https:\/\/radiorevelacionfm.cl\/index.php?rest_route=%2Fwp%2Fv2%2Fcategories&post=13805"},{"taxonomy":"post_tag","embeddable":true,"href":"https:\/\/radiorevelacionfm.cl\/index.php?rest_route=%2Fwp%2Fv2%2Ftags&post=13805"}],"curies":[{"name":"wp","href":"https:\/\/api.w.org\/{rel}","templated":true}]}}