{"id":13802,"date":"2022-02-15T20:04:48","date_gmt":"2022-02-15T23:04:48","guid":{"rendered":"https:\/\/radiorevelacionfm.cl\/?p=13802"},"modified":"2022-02-15T20:04:48","modified_gmt":"2022-02-15T23:04:48","slug":"comite-municipal-recorre-sectores-afectados-por-fallas-en-alumbrado-publico-como-medida-preventiva","status":"publish","type":"post","link":"https:\/\/radiorevelacionfm.cl\/?p=13802","title":{"rendered":"Comit\u00e9 municipal recorre sectores afectados por fallas en alumbrado p\u00fablico como medida preventiva"},"content":{"rendered":"<div class=\"flex_column av_one_full  flex_column_div av-zero-column-padding first  avia-builder-el-0  el_before_av_one_full  avia-builder-el-first  \" style='border-radius:0px; '><div  class='avia-image-container  av-styling-    avia-builder-el-1  avia-builder-el-no-sibling  avia-align-center '  itemprop=\"image\" itemscope=\"itemscope\" itemtype=\"https:\/\/schema.org\/ImageObject\"  ><div class='avia-image-container-inner'><div class='avia-image-overlay-wrap'><img decoding=\"async\" class='wp-image-13803 avia-img-lazy-loading-not-13803 avia_image' src=\"https:\/\/radiorevelacionfm.cl\/wp-content\/uploads\/2022\/02\/image-57-2-2.jpg\" alt='' title='image-57-2-2' height=\"600\" width=\"800\"  itemprop=\"thumbnailUrl\" srcset=\"https:\/\/radiorevelacionfm.cl\/wp-content\/uploads\/2022\/02\/image-57-2-2.jpg 800w, https:\/\/radiorevelacionfm.cl\/wp-content\/uploads\/2022\/02\/image-57-2-2-300x225.jpg 300w, https:\/\/radiorevelacionfm.cl\/wp-content\/uploads\/2022\/02\/image-57-2-2-768x576.jpg 768w, https:\/\/radiorevelacionfm.cl\/wp-content\/uploads\/2022\/02\/image-57-2-2-705x529.jpg 705w, https:\/\/radiorevelacionfm.cl\/wp-content\/uploads\/2022\/02\/image-57-2-2-600x450.jpg 600w\" sizes=\"(max-width: 800px) 100vw, 800px\" \/><\/div><\/div><\/div><\/div><div class=\"flex_column av_one_full  flex_column_div av-zero-column-padding first  avia-builder-el-2  el_after_av_one_full  el_before_av_one_full  column-top-margin\" style='border-radius:0px; '><section class=\"av_textblock_section \"  itemscope=\"itemscope\" itemtype=\"https:\/\/schema.org\/BlogPosting\" itemprop=\"blogPost\" ><div class='avia_textblock  '   itemprop=\"text\" ><p style=\"text-align: center;\"><span style=\"font-size: 18pt;\"><strong>Comit\u00e9 municipal recorre sectores afectados por fallas en alumbrado p\u00fablico como medida preventiva<\/strong><\/span><\/p>\n<div id=\"gtx-trans\" style=\"position: absolute; left: -50px; top: 4.31534px;\">\n<div class=\"gtx-trans-icon\"><\/div>\n<\/div>\n<\/div><\/section><\/div><div class=\"flex_column av_one_full  flex_column_div av-zero-column-padding first  avia-builder-el-4  el_after_av_one_full  el_before_av_hr  column-top-margin\" style='border-radius:0px; '><section class=\"av_textblock_section \"  itemscope=\"itemscope\" itemtype=\"https:\/\/schema.org\/BlogPosting\" itemprop=\"blogPost\" ><div class='avia_textblock  '   itemprop=\"text\" ><p style=\"text-align: justify;\">Durante la semana, tras problemas en alumbrado p\u00fablico, vecinas y vecinos del sector El Turbio y Ciruelillos dieron aviso a la Municipalidad de Ays\u00e9n preocupados por la falta de iluminaci\u00f3n. Ante el llamado, personal de la Direcci\u00f3n de Aseo, Ornato y Medio Ambiente (DAOMA), la concejala Tatiana Villaroel y el director de Seguridad P\u00fablica, Marco Co\u00f1uecar, acudieron a atender las demandas comunitarias.<\/p>\n<p style=\"text-align: justify;\">Como es habitual en el plan comunal, con el fin de garantizar seguridad y tranquilidad a la ciudadan\u00eda, las rondas nocturnas fueron la t\u00f3nica implementada por un comit\u00e9 municipal que cubri\u00f3 diferentes puntos de Ays\u00e9n, luego de registrarse falencias en luminarias correspondientes al sector de Ciruelillos y El Turbio. El despliegue en terreno permiti\u00f3 elaborar un balance m\u00e1s asertivo de los problemas enfrentados por la comunidad y, de paso, corroborar el funcionamiento \u00f3ptimo de los arreglos luego de la alerta frente a posibles accidentes por escasa iluminaci\u00f3n.<\/p>\n<p style=\"text-align: justify;\">\u201cLos requerimientos de los vecinos no paran, sobre todo cuando son temas esenciales como es el alumbrado p\u00fablico\u201d, sostuvo la concejala Villaroel, a\u00f1adiendo que el primer trayecto de la noche inici\u00f3 en el sector El Turbio para verificar que las reparaciones se llevaron a t\u00e9rmino de manera \u00f3ptima. \u201cAfortunadamente logramos darle soluci\u00f3n a una tremenda poblaci\u00f3n que se encontraba sin este servicio que es fundamental, cuando sobre todo en la noche el camino no es bueno, as\u00ed que tengan una buena luminosidad es importante\u201d.<\/p>\n<p style=\"text-align: justify;\">Adem\u00e1s, la Direcci\u00f3n de Seguridad P\u00fablica supervis\u00f3 otros puntos. En ese sentido, Co\u00f1uecar agradeci\u00f3 al personal de DAOMA y al director subrogante de la unidad, Jorge Valencia por el despliegue y r\u00e1pido actuar frente a las demandas expresadas al interior de la comuna y focos conflictivos. \u201cHemos recorrido diferentes sectores, este es un punto estrat\u00e9gico, en el sentido que nuestras planificaciones siempre terminan aqu\u00ed, en Florentino Cereceda 474, es una solicitud reiterada de los vecinos. Hemos estado ac\u00e1 junto a la PDI y Carabineros\u201d, detall\u00f3.<\/p>\n<p style=\"text-align: justify;\">La vecindad, al concluir la ronda, evalu\u00f3 de manera \u00f3ptima el r\u00e1pido desempe\u00f1o de autoridades y la comitiva municipal al corroborar soluciones concretas en materia de iluminaci\u00f3n y seguridad ciudadana.<\/p>\n<\/div><\/section><\/div><div  style='height:50px' class='hr hr-invisible   avia-builder-el-6  el_after_av_one_full  el_before_av_social_share '><span class='hr-inner ' ><span class='hr-inner-style'><\/span><\/span><\/div><\/p>\n<div  class='av-social-sharing-box  avia-builder-el-7  el_after_av_hr  el_before_av_hr  '><div class='av-share-box'><h5 class='av-share-link-description av-no-toc '>Compartir esta noticia<\/h5><ul class='av-share-box-list noLightbox'><li class='av-share-link av-social-link-facebook' ><a target=\"_blank\" aria-label=\"Compartir en Facebook\" href='https:\/\/www.facebook.com\/sharer.php?u=https:\/\/radiorevelacionfm.cl\/?p=13802&#038;t=Comit%C3%A9%20municipal%20recorre%20sectores%20afectados%20por%20fallas%20en%20alumbrado%20p%C3%BAblico%20como%20medida%20preventiva' aria-hidden='false' data-av_icon='\ue8f3' data-av_iconfont='entypo-fontello' title='' data-avia-related-tooltip='Compartir en Facebook' rel=\"noopener\"><span class='avia_hidden_link_text'>Compartir en Facebook<\/span><\/a><\/li><li class='av-share-link av-social-link-twitter' ><a target=\"_blank\" aria-label=\"Compartir en Twitter\" href='https:\/\/twitter.com\/share?text=Comit%C3%A9%20municipal%20recorre%20sectores%20afectados%20por%20fallas%20en%20alumbrado%20p%C3%BAblico%20como%20medida%20preventiva&#038;url=https:\/\/radiorevelacionfm.cl\/?p=13802' aria-hidden='false' data-av_icon='\ue8f1' data-av_iconfont='entypo-fontello' title='' data-avia-related-tooltip='Compartir en Twitter' rel=\"noopener\"><span class='avia_hidden_link_text'>Compartir en Twitter<\/span><\/a><\/li><li class='av-share-link av-social-link-whatsapp' ><a target=\"_blank\" aria-label=\"Compartir en Whatsapp\" href='https:\/\/api.whatsapp.com\/send?text=https:\/\/radiorevelacionfm.cl\/?p=13802' aria-hidden='false' data-av_icon='\uf232' data-av_iconfont='entypo-fontello' title='' data-avia-related-tooltip='Compartir en Whatsapp' rel=\"noopener\"><span class='avia_hidden_link_text'>Compartir en Whatsapp<\/span><\/a><\/li><li class='av-share-link av-social-link-linkedin' ><a target=\"_blank\" aria-label=\"Compartir en LinkedIn\" href='https:\/\/linkedin.com\/shareArticle?mini=true&#038;title=Comit%C3%A9%20municipal%20recorre%20sectores%20afectados%20por%20fallas%20en%20alumbrado%20p%C3%BAblico%20como%20medida%20preventiva&#038;url=https:\/\/radiorevelacionfm.cl\/?p=13802' aria-hidden='false' data-av_icon='\ue8fc' data-av_iconfont='entypo-fontello' title='' data-avia-related-tooltip='Compartir en LinkedIn' rel=\"noopener\"><span class='avia_hidden_link_text'>Compartir en LinkedIn<\/span><\/a><\/li><li class='av-share-link av-social-link-mail' ><a  aria-label=\"Compartir por correo\" href='mailto:?subject=Comit%C3%A9%20municipal%20recorre%20sectores%20afectados%20por%20fallas%20en%20alumbrado%20p%C3%BAblico%20como%20medida%20preventiva&#038;body=https:\/\/radiorevelacionfm.cl\/?p=13802' aria-hidden='false' data-av_icon='\ue805' data-av_iconfont='entypo-fontello' title='' data-avia-related-tooltip='Compartir por correo'><span class='avia_hidden_link_text'>Compartir por correo<\/span><\/a><\/li><\/ul><\/div><\/div>\n<div  style='height:50px' class='hr hr-invisible   avia-builder-el-8  el_after_av_social_share  el_before_av_comments_list '><span class='hr-inner ' ><span class='hr-inner-style'><\/span><\/span><\/div>\n<div  class='av-buildercomment  av-blog-meta-html-info-disabled av-blog-meta-tag-disabled  '><\/div>\n","protected":false},"excerpt":{"rendered":"","protected":false},"author":1,"featured_media":13803,"comment_status":"open","ping_status":"open","sticky":false,"template":"","format":"standard","meta":{"footnotes":""},"categories":[38],"tags":[],"class_list":["post-13802","post","type-post","status-publish","format-standard","has-post-thumbnail","hentry","category-regional"],"jetpack_featured_media_url":"https:\/\/radiorevelacionfm.cl\/wp-content\/uploads\/2022\/02\/image-57-2-2.jpg","_links":{"self":[{"href":"https:\/\/radiorevelacionfm.cl\/index.php?rest_route=\/wp\/v2\/posts\/13802","targetHints":{"allow":["GET"]}}],"collection":[{"href":"https:\/\/radiorevelacionfm.cl\/index.php?rest_route=\/wp\/v2\/posts"}],"about":[{"href":"https:\/\/radiorevelacionfm.cl\/index.php?rest_route=\/wp\/v2\/types\/post"}],"author":[{"embeddable":true,"href":"https:\/\/radiorevelacionfm.cl\/index.php?rest_route=\/wp\/v2\/users\/1"}],"replies":[{"embeddable":true,"href":"https:\/\/radiorevelacionfm.cl\/index.php?rest_route=%2Fwp%2Fv2%2Fcomments&post=13802"}],"version-history":[{"count":2,"href":"https:\/\/radiorevelacionfm.cl\/index.php?rest_route=\/wp\/v2\/posts\/13802\/revisions"}],"predecessor-version":[{"id":13812,"href":"https:\/\/radiorevelacionfm.cl\/index.php?rest_route=\/wp\/v2\/posts\/13802\/revisions\/13812"}],"wp:featuredmedia":[{"embeddable":true,"href":"https:\/\/radiorevelacionfm.cl\/index.php?rest_route=\/wp\/v2\/media\/13803"}],"wp:attachment":[{"href":"https:\/\/radiorevelacionfm.cl\/index.php?rest_route=%2Fwp%2Fv2%2Fmedia&parent=13802"}],"wp:term":[{"taxonomy":"category","embeddable":true,"href":"https:\/\/radiorevelacionfm.cl\/index.php?rest_route=%2Fwp%2Fv2%2Fcategories&post=13802"},{"taxonomy":"post_tag","embeddable":true,"href":"https:\/\/radiorevelacionfm.cl\/index.php?rest_route=%2Fwp%2Fv2%2Ftags&post=13802"}],"curies":[{"name":"wp","href":"https:\/\/api.w.org\/{rel}","templated":true}]}}