{"id":13783,"date":"2022-02-15T14:21:38","date_gmt":"2022-02-15T17:21:38","guid":{"rendered":"https:\/\/radiorevelacionfm.cl\/?p=13783"},"modified":"2022-02-15T14:21:38","modified_gmt":"2022-02-15T17:21:38","slug":"pasareleando-entre-ciencia-y-cultura-en-caleta-tortel-un-proyecto-unico-de-vinculacion-con-la-comunidad-al-sur-del-mundo","status":"publish","type":"post","link":"https:\/\/radiorevelacionfm.cl\/?p=13783","title":{"rendered":"\u201cPasareleando entre Ciencia y Cultura en Caleta Tortel\u201d: Un proyecto \u00fanico de vinculaci\u00f3n con la comunidad al sur del mundo"},"content":{"rendered":"<div class=\"flex_column av_one_full  flex_column_div av-zero-column-padding first  avia-builder-el-0  el_before_av_one_full  avia-builder-el-first  \" style='border-radius:0px; '><div  class='avia-image-container  av-styling-    avia-builder-el-1  avia-builder-el-no-sibling  avia-align-center '  itemprop=\"image\" itemscope=\"itemscope\" itemtype=\"https:\/\/schema.org\/ImageObject\"  ><div class='avia-image-container-inner'><div class='avia-image-overlay-wrap'><img decoding=\"async\" class='wp-image-13784 avia-img-lazy-loading-not-13784 avia_image' src=\"https:\/\/radiorevelacionfm.cl\/wp-content\/uploads\/2022\/02\/image-55_optimized.jpg\" alt='' title='image-55_optimized' height=\"600\" width=\"776\"  itemprop=\"thumbnailUrl\" srcset=\"https:\/\/radiorevelacionfm.cl\/wp-content\/uploads\/2022\/02\/image-55_optimized.jpg 776w, https:\/\/radiorevelacionfm.cl\/wp-content\/uploads\/2022\/02\/image-55_optimized-300x232.jpg 300w, https:\/\/radiorevelacionfm.cl\/wp-content\/uploads\/2022\/02\/image-55_optimized-768x594.jpg 768w, https:\/\/radiorevelacionfm.cl\/wp-content\/uploads\/2022\/02\/image-55_optimized-705x545.jpg 705w, https:\/\/radiorevelacionfm.cl\/wp-content\/uploads\/2022\/02\/image-55_optimized-600x464.jpg 600w\" sizes=\"(max-width: 776px) 100vw, 776px\" \/><\/div><\/div><\/div><\/div><div class=\"flex_column av_one_full  flex_column_div av-zero-column-padding first  avia-builder-el-2  el_after_av_one_full  el_before_av_one_full  column-top-margin\" style='border-radius:0px; '><section class=\"av_textblock_section \"  itemscope=\"itemscope\" itemtype=\"https:\/\/schema.org\/BlogPosting\" itemprop=\"blogPost\" ><div class='avia_textblock  '   itemprop=\"text\" ><p style=\"text-align: center;\"><span style=\"font-size: 18pt;\"><strong>\u201cPasareleando entre Ciencia y Cultura en Caleta Tortel\u201d: Un proyecto \u00fanico de vinculaci\u00f3n con la comunidad al sur del mundo.<\/strong><\/span><\/p>\n<p><strong>\u00a0<\/strong><\/p>\n<div id=\"gtx-trans\" style=\"position: absolute; left: -50px; top: 4.31534px;\">\n<div class=\"gtx-trans-icon\"><\/div>\n<\/div>\n<\/div><\/section><\/div><div class=\"flex_column av_one_full  flex_column_div av-zero-column-padding first  avia-builder-el-4  el_after_av_one_full  el_before_av_hr  column-top-margin\" style='border-radius:0px; '><section class=\"av_textblock_section \"  itemscope=\"itemscope\" itemtype=\"https:\/\/schema.org\/BlogPosting\" itemprop=\"blogPost\" ><div class='avia_textblock  '   itemprop=\"text\" ><p style=\"text-align: justify;\">Como todo un \u00e9xito fue calificada la primera jornada en terreno del equipo de Copas, en el marco del proyecto \u201cPasareleando entre Ciencia y Cultura en Caleta Tortel\u201d, financiado por el programa Ciencia P\u00fablica del Ministerio de Ciencia, Tecnolog\u00eda, Conocimiento e Innovaci\u00f3n, el cual est\u00e1 dirigido a la comunidad local y regional, estudiantes, funcionarios p\u00fablicos, operadores de turismo, y visitantes nacionales e internacionales.<\/p>\n<p style=\"text-align: justify;\">Con esta iniciativa se favorecer\u00e1\u0301 la transferencia de valioso patrimonio cultural y conocimiento cient\u00edfico del lugar.<\/p>\n<p style=\"text-align: justify;\">En este marco, se implementar\u00e1 un Espacio P\u00fablico Regional de Divulgaci\u00f3n y Socializaci\u00f3n del Conocimiento, correspondiente a un t\u00fanel transparente emplazado sobre una pasarela actualmente en desuso, respetando la identidad arquitect\u00f3nica y paisaj\u00edstica, que permita la transferencia de conocimiento cient\u00edfico y tecnol\u00f3gico, y contribuya al turismo sustentable, proporcionando una experiencia memorable para visitantes de este ic\u00f3nico lugar de la Patagonia.<\/p>\n<p style=\"text-align: justify;\">Los contenidos versar\u00e1n sobre la ecolog\u00eda, geomorfolog\u00eda, la biolog\u00eda marina y oceanograf\u00eda, aspectos bioculturales y de cambio clim\u00e1tico, ayudando a comprender el valor extraordinario de este habitar entre los Campos de Hielo Patag\u00f3nico, fiordos, glaciares y el r\u00edo Baker, el m\u00e1s caudaloso de Chile.<\/p>\n<p style=\"text-align: justify;\">Este es el primer paso para crear un Centro de Interpretaci\u00f3n Ambiental, y de Turismo en Tortel con la participaci\u00f3n de la comunidad.<\/p>\n<p style=\"text-align: justify;\">Es importante destacar que las instituciones asociadas al proyecto del Centro COPAS Sur Austral de la Universidad de Concepci\u00f3n (UdeC), son la Ilustre Municipalidad de Tortel, la Escuela Comandante Luis Bravo Bravo, Asociaci\u00f3n Gremial C\u00e1mara de Turismo y Servicios de Tortel, la Escuela de Kayac Tortel y el Centro de Investigaci\u00f3n en Ecosistemas de la Patagonia (CIEP).<\/p>\n<p style=\"text-align: justify;\">Durante este primer viaje de promoci\u00f3n, la iniciativa ha sido muy bien recibida por las autoridades regionales de la Gobernaci\u00f3n Regional, el Sernatur, la CONAF, el PER Turismo Ays\u00e9n, el Ministerio de Medio Ambiente y representantes de las ONG Ays\u00e9n Mira el Mar y AUMEN.<\/p>\n<p style=\"text-align: justify;\"><strong>Experiencias<\/strong><\/p>\n<p style=\"text-align: justify;\">Silvio Pantoja, director del Centro COPAS Sur Austral, expres\u00f3 que \u201cPasareleando\u201d reunir\u00e1 intereses de la comunidad de Caleta Tortel por entender otros aspectos de su entorno y as\u00ed educar a visitantes sobre una pasarela de divulgaci\u00f3n cient\u00edfica marina.<\/p>\n<p style=\"text-align: justify;\">\u201cCOPAS Sur-Austral pondr\u00e1 a disposici\u00f3n el conocimiento cient\u00edfico desarrollado a lo largo de 13 a\u00f1os de investigaci\u00f3n, para facilitar este encuentro con la participaci\u00f3n de los vecinos y vecinas de Caleta Tortel\u201d, enfatiz\u00f3 el Dr. Pantoja.<\/p>\n<p style=\"text-align: justify;\">En la misma l\u00ednea, Mitzi Acevedo, directora alterna y creativa de la iniciativa, manifest\u00f3 que, en este primer terreno, el prop\u00f3sito\u00a0era comunicar presencialmente, tanto a los colaboradores como a las autoridades regionales, de la adjudicaci\u00f3n por parte del concurso de Ciencia P\u00fablica\u00a0del Ministerio de Ciencia de este hermoso proyecto\u201d.<\/p>\n<p style=\"text-align: justify;\">Agreg\u00f3 que, al socializar\u00a0esta noticia, el segundo prop\u00f3sito fue\u00a0recoger impresiones,\u00a0intereses y preocupaciones de la comunidad, y as\u00ed ir haciendo part\u00edcipe a los \u201cdue\u00f1os de casa\u201d de la iniciativa.<\/p>\n<p style=\"text-align: justify;\">\u201cAdem\u00e1s, un prop\u00f3sito\u00a0muy relevante de este viaje era\u00a0estar en el lugar en el que instalaremos el Centro\u00a0(T\u00fanel) y realizar las mediciones en la pasarela, para tener mayor precisi\u00f3n de las estaciones de\u00a0interpretaci\u00f3n, la luz, la vista, la pendiente y la seguridad, que nos permita ajustar el trabajo de dise\u00f1o, elaboraci\u00f3n de contenidos y formas de exposiciones, para lo cual tenemos tiempos muy acotados. El terreno era indispensable\u201d, asegur\u00f3 Acevedo.<\/p>\n<p style=\"text-align: justify;\">Por su parte, el alcalde de Tortel, Abel Becerra, dijo que, en esta primera visita, pudieron ver en terreno la localizaci\u00f3n del proyecto adjudicado a trav\u00e9s del concurso de Ciencia P\u00fablica del Ministerio de Ciencia.<\/p>\n<p style=\"text-align: justify;\">\u201cEl Centro COPAS lleva a\u00f1os trabajando en nuestro territorio realizando investigaci\u00f3n y divulgaci\u00f3n cient\u00edfica, principalmente con los ni\u00f1os, por lo tanto, este trabajo adem\u00e1s de ir en esa misma l\u00ednea nos permitir\u00e1 ofrecer una nueva actividad a los visitantes para que conozcan nuestra comuna, no s\u00f3lo desde una mirada arquitect\u00f3nica de las pasarelas, sino que tambi\u00e9n desde la riqueza del patrimonio cient\u00edfico y cultural de Tortel\u201d.<\/p>\n<p style=\"text-align: justify;\"><strong>Proyecto<\/strong><\/p>\n<p style=\"text-align: justify;\">El alcalde Becerra destac\u00f3 adem\u00e1s la muy buena disposici\u00f3n del equipo del Centro Copas para la materializaci\u00f3n de este proyecto, que seg\u00fan el edil permitir\u00e1 contar con un espacio interactivo tanto para residentes como para los visitantes.<\/p>\n<p style=\"text-align: justify;\">\u201cEl conocimiento cient\u00edfico estar\u00e1 al alcance de todos y todas las que vayan al t\u00fanel, es decir esta iniciativa disminuye las brechas en acceso al conocimiento\u201d, asegur\u00f3 la primera autoridad local.<\/p>\n<p style=\"text-align: justify;\">Finalmente, Mitzi Acevedo, destac\u00f3 que la transferencia de informaci\u00f3n cient\u00edfica a la comunidad \u201ces muy esperada por la gente y puede contribuir a mejorar la econom\u00eda local y el orgullo por el territorio en que se habita\u201d.<\/p>\n<p style=\"text-align: justify;\">Ser\u00e1 un lugar para compartir el conocimiento, asever\u00f3 Acevedo, a trav\u00e9s\u00a0de una peque\u00f1a muestra museogr\u00e1fica, una exposici\u00f3n al alcance de todos y todas, en la que tanto los habitantes locales como los visitantes de Tortel, podr\u00e1n\u00a0valorar m\u00e1s a\u00fan, este ecosistema \u00fanico en el mundo.<\/p>\n<p style=\"text-align: justify;\">La pasarela conecta el sector de la Casa de la Cultura de Tortel con el laboratorio de Oceanograf\u00eda Costera de COPAS Sur Austral de la Universidad de Concepcio\u0301n (UdeC) y con un laboratorio modular, el Ice-Lab, desarrollado por el Karlsruher Institut fu\u0308r Technologie (KIT) de Alemania, en colaboraci\u00f3n con la Facultad de Ciencias Ambientales y el Centro EULA de la UdeC.<\/p>\n<p style=\"text-align: justify;\">Se espera que la muestra est\u00e9 implementada y abierta al p\u00fablico hacia fines del a\u00f1o 2022.<\/p>\n<\/div><\/section><\/div><div  style='height:50px' class='hr hr-invisible   avia-builder-el-6  el_after_av_one_full  el_before_av_social_share '><span class='hr-inner ' ><span class='hr-inner-style'><\/span><\/span><\/div><\/p>\n<div  class='av-social-sharing-box  avia-builder-el-7  el_after_av_hr  el_before_av_hr  '><div class='av-share-box'><h5 class='av-share-link-description av-no-toc '>Compartir esta noticia<\/h5><ul class='av-share-box-list noLightbox'><li class='av-share-link av-social-link-facebook' ><a target=\"_blank\" aria-label=\"Compartir en Facebook\" href='https:\/\/www.facebook.com\/sharer.php?u=https:\/\/radiorevelacionfm.cl\/?p=13783&#038;t=%E2%80%9CPasareleando%20entre%20Ciencia%20y%20Cultura%20en%20Caleta%20Tortel%E2%80%9D%3A%20Un%20proyecto%20%C3%BAnico%20de%20vinculaci%C3%B3n%20con%20la%20comunidad%20al%20sur%20del%20mundo' aria-hidden='false' data-av_icon='\ue8f3' data-av_iconfont='entypo-fontello' title='' data-avia-related-tooltip='Compartir en Facebook' rel=\"noopener\"><span class='avia_hidden_link_text'>Compartir en Facebook<\/span><\/a><\/li><li class='av-share-link av-social-link-twitter' ><a target=\"_blank\" aria-label=\"Compartir en Twitter\" href='https:\/\/twitter.com\/share?text=%E2%80%9CPasareleando%20entre%20Ciencia%20y%20Cultura%20en%20Caleta%20Tortel%E2%80%9D%3A%20Un%20proyecto%20%C3%BAnico%20de%20vinculaci%C3%B3n%20con%20la%20comunidad%20al%20sur%20del%20mundo&#038;url=https:\/\/radiorevelacionfm.cl\/?p=13783' aria-hidden='false' data-av_icon='\ue8f1' data-av_iconfont='entypo-fontello' title='' data-avia-related-tooltip='Compartir en Twitter' rel=\"noopener\"><span class='avia_hidden_link_text'>Compartir en Twitter<\/span><\/a><\/li><li class='av-share-link av-social-link-whatsapp' ><a target=\"_blank\" aria-label=\"Compartir en Whatsapp\" href='https:\/\/api.whatsapp.com\/send?text=https:\/\/radiorevelacionfm.cl\/?p=13783' aria-hidden='false' data-av_icon='\uf232' data-av_iconfont='entypo-fontello' title='' data-avia-related-tooltip='Compartir en Whatsapp' rel=\"noopener\"><span class='avia_hidden_link_text'>Compartir en Whatsapp<\/span><\/a><\/li><li class='av-share-link av-social-link-linkedin' ><a target=\"_blank\" aria-label=\"Compartir en LinkedIn\" href='https:\/\/linkedin.com\/shareArticle?mini=true&#038;title=%E2%80%9CPasareleando%20entre%20Ciencia%20y%20Cultura%20en%20Caleta%20Tortel%E2%80%9D%3A%20Un%20proyecto%20%C3%BAnico%20de%20vinculaci%C3%B3n%20con%20la%20comunidad%20al%20sur%20del%20mundo&#038;url=https:\/\/radiorevelacionfm.cl\/?p=13783' aria-hidden='false' data-av_icon='\ue8fc' data-av_iconfont='entypo-fontello' title='' data-avia-related-tooltip='Compartir en LinkedIn' rel=\"noopener\"><span class='avia_hidden_link_text'>Compartir en LinkedIn<\/span><\/a><\/li><li class='av-share-link av-social-link-mail' ><a  aria-label=\"Compartir por correo\" href='mailto:?subject=%E2%80%9CPasareleando%20entre%20Ciencia%20y%20Cultura%20en%20Caleta%20Tortel%E2%80%9D%3A%20Un%20proyecto%20%C3%BAnico%20de%20vinculaci%C3%B3n%20con%20la%20comunidad%20al%20sur%20del%20mundo&#038;body=https:\/\/radiorevelacionfm.cl\/?p=13783' aria-hidden='false' data-av_icon='\ue805' data-av_iconfont='entypo-fontello' title='' data-avia-related-tooltip='Compartir por correo'><span class='avia_hidden_link_text'>Compartir por correo<\/span><\/a><\/li><\/ul><\/div><\/div>\n<div  style='height:50px' class='hr hr-invisible   avia-builder-el-8  el_after_av_social_share  el_before_av_comments_list '><span class='hr-inner ' ><span class='hr-inner-style'><\/span><\/span><\/div>\n<div  class='av-buildercomment  av-blog-meta-html-info-disabled av-blog-meta-tag-disabled  '><\/div>\n","protected":false},"excerpt":{"rendered":"","protected":false},"author":1,"featured_media":13784,"comment_status":"open","ping_status":"open","sticky":false,"template":"","format":"standard","meta":{"footnotes":""},"categories":[53],"tags":[],"class_list":["post-13783","post","type-post","status-publish","format-standard","has-post-thumbnail","hentry","category-ciencia"],"jetpack_featured_media_url":"https:\/\/radiorevelacionfm.cl\/wp-content\/uploads\/2022\/02\/image-55_optimized.jpg","_links":{"self":[{"href":"https:\/\/radiorevelacionfm.cl\/index.php?rest_route=\/wp\/v2\/posts\/13783","targetHints":{"allow":["GET"]}}],"collection":[{"href":"https:\/\/radiorevelacionfm.cl\/index.php?rest_route=\/wp\/v2\/posts"}],"about":[{"href":"https:\/\/radiorevelacionfm.cl\/index.php?rest_route=\/wp\/v2\/types\/post"}],"author":[{"embeddable":true,"href":"https:\/\/radiorevelacionfm.cl\/index.php?rest_route=\/wp\/v2\/users\/1"}],"replies":[{"embeddable":true,"href":"https:\/\/radiorevelacionfm.cl\/index.php?rest_route=%2Fwp%2Fv2%2Fcomments&post=13783"}],"version-history":[{"count":2,"href":"https:\/\/radiorevelacionfm.cl\/index.php?rest_route=\/wp\/v2\/posts\/13783\/revisions"}],"predecessor-version":[{"id":13786,"href":"https:\/\/radiorevelacionfm.cl\/index.php?rest_route=\/wp\/v2\/posts\/13783\/revisions\/13786"}],"wp:featuredmedia":[{"embeddable":true,"href":"https:\/\/radiorevelacionfm.cl\/index.php?rest_route=\/wp\/v2\/media\/13784"}],"wp:attachment":[{"href":"https:\/\/radiorevelacionfm.cl\/index.php?rest_route=%2Fwp%2Fv2%2Fmedia&parent=13783"}],"wp:term":[{"taxonomy":"category","embeddable":true,"href":"https:\/\/radiorevelacionfm.cl\/index.php?rest_route=%2Fwp%2Fv2%2Fcategories&post=13783"},{"taxonomy":"post_tag","embeddable":true,"href":"https:\/\/radiorevelacionfm.cl\/index.php?rest_route=%2Fwp%2Fv2%2Ftags&post=13783"}],"curies":[{"name":"wp","href":"https:\/\/api.w.org\/{rel}","templated":true}]}}