{"id":13777,"date":"2022-02-15T10:06:05","date_gmt":"2022-02-15T13:06:05","guid":{"rendered":"https:\/\/radiorevelacionfm.cl\/?p=13777"},"modified":"2022-02-15T10:06:05","modified_gmt":"2022-02-15T13:06:05","slug":"en-chile-chico-finalizo-el-proceso-de-inspeccion-y-certificacion-de-cerezas-de-la-temporada-2022","status":"publish","type":"post","link":"https:\/\/radiorevelacionfm.cl\/?p=13777","title":{"rendered":"En Chile Chico finaliz\u00f3 el proceso de inspecci\u00f3n y certificaci\u00f3n de cerezas de la temporada 2022"},"content":{"rendered":"<div class=\"flex_column av_one_full  flex_column_div av-zero-column-padding first  avia-builder-el-0  el_before_av_one_full  avia-builder-el-first  \" style='border-radius:0px; '><div  class='avia-image-container  av-styling-    avia-builder-el-1  avia-builder-el-no-sibling  avia-align-center '  itemprop=\"image\" itemscope=\"itemscope\" itemtype=\"https:\/\/schema.org\/ImageObject\"  ><div class='avia-image-container-inner'><div class='avia-image-overlay-wrap'><img decoding=\"async\" class='wp-image-13778 avia-img-lazy-loading-not-13778 avia_image' src=\"https:\/\/radiorevelacionfm.cl\/wp-content\/uploads\/2022\/02\/cerezas-1-2_optimized.jpg\" alt='' title='cerezas-1-2_optimized' height=\"600\" width=\"800\"  itemprop=\"thumbnailUrl\" srcset=\"https:\/\/radiorevelacionfm.cl\/wp-content\/uploads\/2022\/02\/cerezas-1-2_optimized.jpg 800w, https:\/\/radiorevelacionfm.cl\/wp-content\/uploads\/2022\/02\/cerezas-1-2_optimized-300x225.jpg 300w, https:\/\/radiorevelacionfm.cl\/wp-content\/uploads\/2022\/02\/cerezas-1-2_optimized-768x576.jpg 768w, https:\/\/radiorevelacionfm.cl\/wp-content\/uploads\/2022\/02\/cerezas-1-2_optimized-705x529.jpg 705w, https:\/\/radiorevelacionfm.cl\/wp-content\/uploads\/2022\/02\/cerezas-1-2_optimized-600x450.jpg 600w\" sizes=\"(max-width: 800px) 100vw, 800px\" \/><\/div><\/div><\/div><\/div><div class=\"flex_column av_one_full  flex_column_div av-zero-column-padding first  avia-builder-el-2  el_after_av_one_full  el_before_av_one_full  column-top-margin\" style='border-radius:0px; '><section class=\"av_textblock_section \"  itemscope=\"itemscope\" itemtype=\"https:\/\/schema.org\/BlogPosting\" itemprop=\"blogPost\" ><div class='avia_textblock  '   itemprop=\"text\" ><h2 class=\"title\" style=\"text-align: center;\"><b>En Chile Chico finaliz\u00f3 el proceso de inspecci\u00f3n y certificaci\u00f3n de cerezas de la temporada 2022<\/b><\/h2>\n<div id=\"gtx-trans\" style=\"position: absolute; left: -50px; top: 4.31534px;\">\n<div class=\"gtx-trans-icon\"><\/div>\n<\/div>\n<\/div><\/section><\/div><div class=\"flex_column av_one_full  flex_column_div av-zero-column-padding first  avia-builder-el-4  el_after_av_one_full  el_before_av_hr  column-top-margin\" style='border-radius:0px; '><section class=\"av_textblock_section \"  itemscope=\"itemscope\" itemtype=\"https:\/\/schema.org\/BlogPosting\" itemprop=\"blogPost\" ><div class='avia_textblock  '   itemprop=\"text\" ><p style=\"text-align: justify;\">Desde fines del mes de diciembre del a\u00f1o pasado, hasta la primera quincena de febrero 2022, se inspeccionaron un total de 230.480 kilos de cerezas y un total de 182.000 kilos fueron certificados con destino a los mercados de China, Corea, Rusia y Uni\u00f3n Europea.<\/p>\n<p style=\"text-align: justify;\">\u201cUna temporada muy buena desde el punto de vista productivo se registr\u00f3 un fuerte incremento de un 204.9% en la producci\u00f3n de cerezas del valle de Chile Chico y Bah\u00eda Jara, esto se debe fundamentalmente por la entrada en producci\u00f3n de nuevos huertos, mejoras en manejos y buenas condiciones clim\u00e1ticas de la Provincia\u00a0de\u00a0General Carrera\u201d. Mat\u00edas Vial Orueta, Director Regional SAG.<\/p>\n<p style=\"text-align: justify;\">Seremi de Agricultura, Felipe Henr\u00edquez Raglianti, se\u00f1alo \u201cvemos que se ha logrado producir m\u00e1s de dos mil toneladas,\u00a0 duplicando lo que obtuvo el a\u00f1o anterior, tambi\u00e9n evaluamos como se dio el proceso de inspecci\u00f3n y vemos que el Servicio Agr\u00edcola y Ganadero ha ejercido su rol fiscalizador dando garant\u00edas a los mercados de destino y a la vez facilitando y apoyando a los productores para que puedan lograr sus procesos de manera \u00f3ptima y sigan aportando a la econom\u00eda nacional, por otro lado el funcionamiento del paso fronterizo Jeinimeni, para el transporte de la fruta se dio de manera expedita, generando resultados concretos positivos de este trabajo p\u00fablico privado que realizamos con el sector cerecero\u201d.<\/p>\n<p style=\"text-align: justify;\">\u201cLa temporada fue particularmente desafiante desde el punto de vista de la contingencia COVID, donde hubo que coordinar y organizar un funcionamiento especial en el control fronterizo, contando con la colaboraci\u00f3n de las instituciones fiscalizadoras de Chile y Argentina, as\u00ed como del trabajo estrecho con la contraparte privada. Adem\u00e1s, este a\u00f1o se debi\u00f3 dar cumplimiento a una serie de nuevas exigencias impuestas por el mercado chino, lo que nos llev\u00f3 a implementar una serie de acciones en conjunto con los usuarios. Finalmente, es importante tener presente el desaf\u00edo de evaluar a nivel regional la implementaci\u00f3n de un laboratorio que permita efectuar el an\u00e1lisis de fruta diaria para el Prunus necrotic ringspot virus (PNRSV) en cada packing que se encuentre embalando cerezas para China\u201d coment\u00f3, Cristi\u00e1n Lozano, Jefe Oficina Sectorial, Chile Chico.<\/p>\n<p style=\"text-align: justify;\">\u201cEstamos satisfechos porque las pol\u00edticas p\u00fablicas y la orientaci\u00f3n de nuestros Servicios han permito entregar un soporte importante al sector productivo y de esta manera aportar a la recuperaci\u00f3n econ\u00f3mica, que es lo que ha mandatado el Presidente Sebastian Pi\u00f1era y esperamos que las pr\u00f3ximas temporadas est\u00e9 sector pueda seguir contando con un soporte para que pueda seguir creciendo y aportando al crecimiento del pa\u00eds\u201d finaliz\u00f3 Seremi de Agricultura.<\/p>\n<\/div><\/section><\/div><div  style='height:50px' class='hr hr-invisible   avia-builder-el-6  el_after_av_one_full  el_before_av_social_share '><span class='hr-inner ' ><span class='hr-inner-style'><\/span><\/span><\/div><\/p>\n<div  class='av-social-sharing-box  avia-builder-el-7  el_after_av_hr  el_before_av_hr  '><div class='av-share-box'><h5 class='av-share-link-description av-no-toc '>Compartir esta noticia<\/h5><ul class='av-share-box-list noLightbox'><li class='av-share-link av-social-link-facebook' ><a target=\"_blank\" aria-label=\"Compartir en Facebook\" href='https:\/\/www.facebook.com\/sharer.php?u=https:\/\/radiorevelacionfm.cl\/?p=13777&#038;t=En%20Chile%20Chico%20finaliz%C3%B3%20el%20proceso%20de%20inspecci%C3%B3n%20y%20certificaci%C3%B3n%20de%20cerezas%20de%20la%20temporada%202022' aria-hidden='false' data-av_icon='\ue8f3' data-av_iconfont='entypo-fontello' title='' data-avia-related-tooltip='Compartir en Facebook' rel=\"noopener\"><span class='avia_hidden_link_text'>Compartir en Facebook<\/span><\/a><\/li><li class='av-share-link av-social-link-twitter' ><a target=\"_blank\" aria-label=\"Compartir en Twitter\" href='https:\/\/twitter.com\/share?text=En%20Chile%20Chico%20finaliz%C3%B3%20el%20proceso%20de%20inspecci%C3%B3n%20y%20certificaci%C3%B3n%20de%20cerezas%20de%20la%20temporada%202022&#038;url=https:\/\/radiorevelacionfm.cl\/?p=13777' aria-hidden='false' data-av_icon='\ue8f1' data-av_iconfont='entypo-fontello' title='' data-avia-related-tooltip='Compartir en Twitter' rel=\"noopener\"><span class='avia_hidden_link_text'>Compartir en Twitter<\/span><\/a><\/li><li class='av-share-link av-social-link-whatsapp' ><a target=\"_blank\" aria-label=\"Compartir en Whatsapp\" href='https:\/\/api.whatsapp.com\/send?text=https:\/\/radiorevelacionfm.cl\/?p=13777' aria-hidden='false' data-av_icon='\uf232' data-av_iconfont='entypo-fontello' title='' data-avia-related-tooltip='Compartir en Whatsapp' rel=\"noopener\"><span class='avia_hidden_link_text'>Compartir en Whatsapp<\/span><\/a><\/li><li class='av-share-link av-social-link-linkedin' ><a target=\"_blank\" aria-label=\"Compartir en LinkedIn\" href='https:\/\/linkedin.com\/shareArticle?mini=true&#038;title=En%20Chile%20Chico%20finaliz%C3%B3%20el%20proceso%20de%20inspecci%C3%B3n%20y%20certificaci%C3%B3n%20de%20cerezas%20de%20la%20temporada%202022&#038;url=https:\/\/radiorevelacionfm.cl\/?p=13777' aria-hidden='false' data-av_icon='\ue8fc' data-av_iconfont='entypo-fontello' title='' data-avia-related-tooltip='Compartir en LinkedIn' rel=\"noopener\"><span class='avia_hidden_link_text'>Compartir en LinkedIn<\/span><\/a><\/li><li class='av-share-link av-social-link-mail' ><a  aria-label=\"Compartir por correo\" href='mailto:?subject=En%20Chile%20Chico%20finaliz%C3%B3%20el%20proceso%20de%20inspecci%C3%B3n%20y%20certificaci%C3%B3n%20de%20cerezas%20de%20la%20temporada%202022&#038;body=https:\/\/radiorevelacionfm.cl\/?p=13777' aria-hidden='false' data-av_icon='\ue805' data-av_iconfont='entypo-fontello' title='' data-avia-related-tooltip='Compartir por correo'><span class='avia_hidden_link_text'>Compartir por correo<\/span><\/a><\/li><\/ul><\/div><\/div>\n<div  style='height:50px' class='hr hr-invisible   avia-builder-el-8  el_after_av_social_share  el_before_av_comments_list '><span class='hr-inner ' ><span class='hr-inner-style'><\/span><\/span><\/div>\n<div  class='av-buildercomment  av-blog-meta-html-info-disabled av-blog-meta-tag-disabled  '><\/div>\n","protected":false},"excerpt":{"rendered":"","protected":false},"author":1,"featured_media":13778,"comment_status":"open","ping_status":"open","sticky":false,"template":"","format":"standard","meta":{"footnotes":""},"categories":[58],"tags":[],"class_list":["post-13777","post","type-post","status-publish","format-standard","has-post-thumbnail","hentry","category-agricultura"],"jetpack_featured_media_url":"https:\/\/radiorevelacionfm.cl\/wp-content\/uploads\/2022\/02\/cerezas-1-2_optimized.jpg","_links":{"self":[{"href":"https:\/\/radiorevelacionfm.cl\/index.php?rest_route=\/wp\/v2\/posts\/13777","targetHints":{"allow":["GET"]}}],"collection":[{"href":"https:\/\/radiorevelacionfm.cl\/index.php?rest_route=\/wp\/v2\/posts"}],"about":[{"href":"https:\/\/radiorevelacionfm.cl\/index.php?rest_route=\/wp\/v2\/types\/post"}],"author":[{"embeddable":true,"href":"https:\/\/radiorevelacionfm.cl\/index.php?rest_route=\/wp\/v2\/users\/1"}],"replies":[{"embeddable":true,"href":"https:\/\/radiorevelacionfm.cl\/index.php?rest_route=%2Fwp%2Fv2%2Fcomments&post=13777"}],"version-history":[{"count":2,"href":"https:\/\/radiorevelacionfm.cl\/index.php?rest_route=\/wp\/v2\/posts\/13777\/revisions"}],"predecessor-version":[{"id":13780,"href":"https:\/\/radiorevelacionfm.cl\/index.php?rest_route=\/wp\/v2\/posts\/13777\/revisions\/13780"}],"wp:featuredmedia":[{"embeddable":true,"href":"https:\/\/radiorevelacionfm.cl\/index.php?rest_route=\/wp\/v2\/media\/13778"}],"wp:attachment":[{"href":"https:\/\/radiorevelacionfm.cl\/index.php?rest_route=%2Fwp%2Fv2%2Fmedia&parent=13777"}],"wp:term":[{"taxonomy":"category","embeddable":true,"href":"https:\/\/radiorevelacionfm.cl\/index.php?rest_route=%2Fwp%2Fv2%2Fcategories&post=13777"},{"taxonomy":"post_tag","embeddable":true,"href":"https:\/\/radiorevelacionfm.cl\/index.php?rest_route=%2Fwp%2Fv2%2Ftags&post=13777"}],"curies":[{"name":"wp","href":"https:\/\/api.w.org\/{rel}","templated":true}]}}