{"id":13769,"date":"2022-02-15T09:40:49","date_gmt":"2022-02-15T12:40:49","guid":{"rendered":"https:\/\/radiorevelacionfm.cl\/?p=13769"},"modified":"2022-02-15T10:18:37","modified_gmt":"2022-02-15T13:18:37","slug":"casi-un-centenar-de-funcionarios-as-de-salud-rural-son-capacitados-tras-exitosa-alianza-con-sernameg","status":"publish","type":"post","link":"https:\/\/radiorevelacionfm.cl\/?p=13769","title":{"rendered":"Casi un centenar de funcionarios\/as de salud rural son capacitados tras exitosa alianza con la Seremi de la Mujer y la Equidad de G\u00e9nero"},"content":{"rendered":"<div class=\"flex_column av_one_full  flex_column_div av-zero-column-padding first  avia-builder-el-0  el_before_av_one_full  avia-builder-el-first  \" style='border-radius:0px; '><div  class='avia-image-container  av-styling-    avia-builder-el-1  avia-builder-el-no-sibling  avia-align-center '  itemprop=\"image\" itemscope=\"itemscope\" itemtype=\"https:\/\/schema.org\/ImageObject\"  ><div class='avia-image-container-inner'><div class='avia-image-overlay-wrap'><img decoding=\"async\" class='wp-image-13770 avia-img-lazy-loading-not-13770 avia_image' src=\"https:\/\/radiorevelacionfm.cl\/wp-content\/uploads\/2022\/02\/GIGANTOGRAFIA-LA-JUNTA-2-2.jpg\" alt='' title='GIGANTOGRAF\u00cdA LA JUNTA-2-2' height=\"600\" width=\"800\"  itemprop=\"thumbnailUrl\" srcset=\"https:\/\/radiorevelacionfm.cl\/wp-content\/uploads\/2022\/02\/GIGANTOGRAFIA-LA-JUNTA-2-2.jpg 800w, https:\/\/radiorevelacionfm.cl\/wp-content\/uploads\/2022\/02\/GIGANTOGRAFIA-LA-JUNTA-2-2-300x225.jpg 300w, https:\/\/radiorevelacionfm.cl\/wp-content\/uploads\/2022\/02\/GIGANTOGRAFIA-LA-JUNTA-2-2-768x576.jpg 768w, https:\/\/radiorevelacionfm.cl\/wp-content\/uploads\/2022\/02\/GIGANTOGRAFIA-LA-JUNTA-2-2-705x529.jpg 705w, https:\/\/radiorevelacionfm.cl\/wp-content\/uploads\/2022\/02\/GIGANTOGRAFIA-LA-JUNTA-2-2-600x450.jpg 600w\" sizes=\"(max-width: 800px) 100vw, 800px\" \/><\/div><\/div><\/div><\/div>\n<div class=\"flex_column av_one_full  flex_column_div av-zero-column-padding first  avia-builder-el-2  el_after_av_one_full  el_before_av_one_full  column-top-margin\" style='border-radius:0px; '><section class=\"av_textblock_section \"  itemscope=\"itemscope\" itemtype=\"https:\/\/schema.org\/BlogPosting\" itemprop=\"blogPost\" ><div class='avia_textblock  '   itemprop=\"text\" ><div style=\"text-align: center;\"><span style=\"font-size: 18pt;\"><strong>Casi un centenar de funcionarios\/as de salud rural son capacitados tras exitosa alianza con\u00a0la Seremi de la Mujer y la Equidad de G\u00e9nero<\/strong><\/span><\/div>\n<div id=\"gtx-trans\" style=\"position: absolute; left: -50px; top: 4.31534px;\">\n<div class=\"gtx-trans-icon\"><\/div>\n<\/div>\n<\/div><\/section><\/div><div class=\"flex_column av_one_full  flex_column_div av-zero-column-padding first  avia-builder-el-4  el_after_av_one_full  el_before_av_hr  column-top-margin\" style='border-radius:0px; '><section class=\"av_textblock_section \"  itemscope=\"itemscope\" itemtype=\"https:\/\/schema.org\/BlogPosting\" itemprop=\"blogPost\" ><div class='avia_textblock  '   itemprop=\"text\" ><p style=\"text-align: justify;\">Desde Abril del a\u00f1o pasado y durante 10 meses se extendi\u00f3 la alianza que, entre la Secretar\u00eda Regional Ministerial de la Mujer y la Equidad de G\u00e9nero y la Direcci\u00f3n de Salud Rural regional, favoreci\u00f3 la capacitaci\u00f3n y entrega de material de difusi\u00f3n a funcionarios y funcionarias, principalmente, de las Postas Rurales, espacios fundamentales para la comunidad de la regi\u00f3n de Ays\u00e9n. \u201cHablamos de T\u00e9cnicos Param\u00e9dicos, Matronas, TENS, Cirujanos Dentistas, M\u00e9dicos y muchas otras personas que con compromiso desempe\u00f1an labores en localidades tan apartadas como Puerto Gala, Melinka y, Puerto S\u00e1nchez, entre otros. Y con las cuales pudimos desarrollar un di\u00e1logo cercano que adem\u00e1s permiti\u00f3 dotarlos de conocimientos en \u00e1mbitos tan importantes como los dispositivos de apoyo disponibles en nuestra regi\u00f3n frente a casos de violencia contra la mujer, que mayoritariamente eran desconocidos por estos profesionales. Adem\u00e1s los dotamos de material gr\u00e1fico que permitan, que estos espacios de salud, sean nuestros aliados al ser un medio de acceso a nuestros n\u00fameros y medios de apoyo existentes para estos casos\u201d se\u00f1al\u00f3 la Secretaria Regional Ministerial B\u00e1rbara Ort\u00fazar, quien desde la cartera de la Mujer y la Equidad de G\u00e9nero lider\u00f3 este despliegue que permiti\u00f3 trabajar con centros de Salud; Desde el CESFAM de la localidad de \u201c La Junta\u201d el cual luce por estos d\u00edas una gigantograf\u00eda con informaci\u00f3n clave en casos de violencia contra la mujer, hasta Villa O\u00b4Higgins.<\/p>\n<p style=\"text-align: justify;\">En suma, son 24 centros de salud alcanzados, incluyendo los Hospitales de Coyhaique, Cochrane y Puerto Ays\u00e9n, as\u00ed como Centros Familiares de Salud y principalmente Postas de Salud Rural \u201cLa decisi\u00f3n de centrar esta alianza en los dispositivos de salud rural fue motivada por el rol clave que tienen estos centros en las comunidades, especialmente las alejadas. Como Seremi nuestro rol es contribuir con la erradicaci\u00f3n de todas las formas de violencia y consideramos que la falta de apoyo o ayuda oportuna, por no tener acceso a la informaci\u00f3n por parte de mujeres que viven en zonas apartadas, es tambi\u00e9n una forma de violencia. Por esto, hicimos los esfuerzos necesarios, que sabemos, se deben mantener en el tiempo, pero que sin duda hoy permiten que muchas m\u00e1s personas conozcan nuestros medios de apoyo y puedan ayudarnos en la protecci\u00f3n y atenci\u00f3n oportuna de las v\u00edctimas de violencia contra la mujer\u201dconcluy\u00f3 la Seremi.<\/p>\n<p style=\"text-align: justify;\">Para la encargada de la Posta de Puerto Bertrand \u201cQue se nos acerque informaci\u00f3n tan importante como los medios de apoyo y los centros que existen en casos de violencia contra la mujer es fundamental. Y es que muchas veces en localidades alejadas como la nuestra cuesta acceder a este tipo de informaci\u00f3n, la cual es clave porque le puede salvar la vida a una mujer. Adem\u00e1s, como funcionaria de la salud en una localidad tan peque\u00f1a es super importante que nosotros como Posta tengamos estas capacitaciones y as\u00ed colaborar de mejor manera con la prevenci\u00f3n de la violencia contra la mujer\u201d indic\u00f3 Cris Torres.<\/p>\n<p style=\"text-align: justify;\">La alianza que permiti\u00f3 distribuir material de difusi\u00f3n sobre mecanismos de orientaci\u00f3n y apoyo a v\u00edctimas y testigos, como el n\u00famero 1455 y el WhatsApp Mujer +569 9700 7000, entreg\u00f3 adem\u00e1s informaci\u00f3n sobre los Centros de la mujer, el apoyo psicosocial y jur\u00eddico que ofrecen, as\u00ed como otros servicios clave en estos casos. Con el prop\u00f3sito de sensibilizar y capacitar a los funcionarios\/as de la salud y favorecer la detecci\u00f3n temprana, contribuyendo de esta manera con la entrega de informaci\u00f3n adecuada ante situaciones de violencia contra la mujer.<\/p>\n<\/div><\/section><\/div><\/p>\n<div  style='height:50px' class='hr hr-invisible   avia-builder-el-6  el_after_av_one_full  el_before_av_social_share '><span class='hr-inner ' ><span class='hr-inner-style'><\/span><\/span><\/div>\n<div  class='av-social-sharing-box  avia-builder-el-7  el_after_av_hr  el_before_av_hr  '><div class='av-share-box'><h5 class='av-share-link-description av-no-toc '>Compartir esta noticia<\/h5><ul class='av-share-box-list noLightbox'><li class='av-share-link av-social-link-facebook' ><a target=\"_blank\" aria-label=\"Compartir en Facebook\" href='https:\/\/www.facebook.com\/sharer.php?u=https:\/\/radiorevelacionfm.cl\/?p=13769&#038;t=Casi%20un%20centenar%20de%20funcionarios%2Fas%20de%20salud%20rural%20son%20capacitados%20tras%20exitosa%20alianza%20con%20la%20Seremi%20de%20la%20Mujer%20y%20la%20Equidad%20de%20G%C3%A9nero' aria-hidden='false' data-av_icon='\ue8f3' data-av_iconfont='entypo-fontello' title='' data-avia-related-tooltip='Compartir en Facebook' rel=\"noopener\"><span class='avia_hidden_link_text'>Compartir en Facebook<\/span><\/a><\/li><li class='av-share-link av-social-link-twitter' ><a target=\"_blank\" aria-label=\"Compartir en Twitter\" href='https:\/\/twitter.com\/share?text=Casi%20un%20centenar%20de%20funcionarios%2Fas%20de%20salud%20rural%20son%20capacitados%20tras%20exitosa%20alianza%20con%20la%20Seremi%20de%20la%20Mujer%20y%20la%20Equidad%20de%20G%C3%A9nero&#038;url=https:\/\/radiorevelacionfm.cl\/?p=13769' aria-hidden='false' data-av_icon='\ue8f1' data-av_iconfont='entypo-fontello' title='' data-avia-related-tooltip='Compartir en Twitter' rel=\"noopener\"><span class='avia_hidden_link_text'>Compartir en Twitter<\/span><\/a><\/li><li class='av-share-link av-social-link-whatsapp' ><a target=\"_blank\" aria-label=\"Compartir en Whatsapp\" href='https:\/\/api.whatsapp.com\/send?text=https:\/\/radiorevelacionfm.cl\/?p=13769' aria-hidden='false' data-av_icon='\uf232' data-av_iconfont='entypo-fontello' title='' data-avia-related-tooltip='Compartir en Whatsapp' rel=\"noopener\"><span class='avia_hidden_link_text'>Compartir en Whatsapp<\/span><\/a><\/li><li class='av-share-link av-social-link-linkedin' ><a target=\"_blank\" aria-label=\"Compartir en LinkedIn\" href='https:\/\/linkedin.com\/shareArticle?mini=true&#038;title=Casi%20un%20centenar%20de%20funcionarios%2Fas%20de%20salud%20rural%20son%20capacitados%20tras%20exitosa%20alianza%20con%20la%20Seremi%20de%20la%20Mujer%20y%20la%20Equidad%20de%20G%C3%A9nero&#038;url=https:\/\/radiorevelacionfm.cl\/?p=13769' aria-hidden='false' data-av_icon='\ue8fc' data-av_iconfont='entypo-fontello' title='' data-avia-related-tooltip='Compartir en LinkedIn' rel=\"noopener\"><span class='avia_hidden_link_text'>Compartir en LinkedIn<\/span><\/a><\/li><li class='av-share-link av-social-link-mail' ><a  aria-label=\"Compartir por correo\" href='mailto:?subject=Casi%20un%20centenar%20de%20funcionarios%2Fas%20de%20salud%20rural%20son%20capacitados%20tras%20exitosa%20alianza%20con%20la%20Seremi%20de%20la%20Mujer%20y%20la%20Equidad%20de%20G%C3%A9nero&#038;body=https:\/\/radiorevelacionfm.cl\/?p=13769' aria-hidden='false' data-av_icon='\ue805' data-av_iconfont='entypo-fontello' title='' data-avia-related-tooltip='Compartir por correo'><span class='avia_hidden_link_text'>Compartir por correo<\/span><\/a><\/li><\/ul><\/div><\/div>\n<div  style='height:50px' class='hr hr-invisible   avia-builder-el-8  el_after_av_social_share  el_before_av_comments_list '><span class='hr-inner ' ><span class='hr-inner-style'><\/span><\/span><\/div>\n<div  class='av-buildercomment  av-blog-meta-html-info-disabled av-blog-meta-tag-disabled  '><\/div>\n","protected":false},"excerpt":{"rendered":"","protected":false},"author":1,"featured_media":13770,"comment_status":"open","ping_status":"open","sticky":false,"template":"","format":"standard","meta":{"footnotes":""},"categories":[38],"tags":[],"class_list":["post-13769","post","type-post","status-publish","format-standard","has-post-thumbnail","hentry","category-regional"],"jetpack_featured_media_url":"https:\/\/radiorevelacionfm.cl\/wp-content\/uploads\/2022\/02\/GIGANTOGRAFIA-LA-JUNTA-2-2.jpg","_links":{"self":[{"href":"https:\/\/radiorevelacionfm.cl\/index.php?rest_route=\/wp\/v2\/posts\/13769","targetHints":{"allow":["GET"]}}],"collection":[{"href":"https:\/\/radiorevelacionfm.cl\/index.php?rest_route=\/wp\/v2\/posts"}],"about":[{"href":"https:\/\/radiorevelacionfm.cl\/index.php?rest_route=\/wp\/v2\/types\/post"}],"author":[{"embeddable":true,"href":"https:\/\/radiorevelacionfm.cl\/index.php?rest_route=\/wp\/v2\/users\/1"}],"replies":[{"embeddable":true,"href":"https:\/\/radiorevelacionfm.cl\/index.php?rest_route=%2Fwp%2Fv2%2Fcomments&post=13769"}],"version-history":[{"count":3,"href":"https:\/\/radiorevelacionfm.cl\/index.php?rest_route=\/wp\/v2\/posts\/13769\/revisions"}],"predecessor-version":[{"id":13781,"href":"https:\/\/radiorevelacionfm.cl\/index.php?rest_route=\/wp\/v2\/posts\/13769\/revisions\/13781"}],"wp:featuredmedia":[{"embeddable":true,"href":"https:\/\/radiorevelacionfm.cl\/index.php?rest_route=\/wp\/v2\/media\/13770"}],"wp:attachment":[{"href":"https:\/\/radiorevelacionfm.cl\/index.php?rest_route=%2Fwp%2Fv2%2Fmedia&parent=13769"}],"wp:term":[{"taxonomy":"category","embeddable":true,"href":"https:\/\/radiorevelacionfm.cl\/index.php?rest_route=%2Fwp%2Fv2%2Fcategories&post=13769"},{"taxonomy":"post_tag","embeddable":true,"href":"https:\/\/radiorevelacionfm.cl\/index.php?rest_route=%2Fwp%2Fv2%2Ftags&post=13769"}],"curies":[{"name":"wp","href":"https:\/\/api.w.org\/{rel}","templated":true}]}}