{"id":13765,"date":"2022-02-14T20:08:14","date_gmt":"2022-02-14T23:08:14","guid":{"rendered":"https:\/\/radiorevelacionfm.cl\/?p=13765"},"modified":"2022-02-14T20:08:14","modified_gmt":"2022-02-14T23:08:14","slug":"artesanos-de-puerto-aysen-valoraron-gestion-del-municipio-para-impulsar-el-comercio-local-previo-a-san-valentin","status":"publish","type":"post","link":"https:\/\/radiorevelacionfm.cl\/?p=13765","title":{"rendered":"Artesanos de Puerto Ays\u00e9n valoraron gesti\u00f3n del municipio para impulsar el comercio local previo a San Valent\u00edn"},"content":{"rendered":"<div class=\"flex_column av_one_full  flex_column_div av-zero-column-padding first  avia-builder-el-0  el_before_av_one_full  avia-builder-el-first  \" style='border-radius:0px; '><div  class='avia-image-container  av-styling-    avia-builder-el-1  avia-builder-el-no-sibling  avia-align-center '  itemprop=\"image\" itemscope=\"itemscope\" itemtype=\"https:\/\/schema.org\/ImageObject\"  ><div class='avia-image-container-inner'><div class='avia-image-overlay-wrap'><img decoding=\"async\" class='wp-image-13766 avia-img-lazy-loading-not-13766 avia_image' src=\"https:\/\/radiorevelacionfm.cl\/wp-content\/uploads\/2022\/02\/feriaartesanal-archivo2-2_optimized.jpeg\" alt='' title='feriaartesanal-archivo2-2_optimized' height=\"600\" width=\"800\"  itemprop=\"thumbnailUrl\" srcset=\"https:\/\/radiorevelacionfm.cl\/wp-content\/uploads\/2022\/02\/feriaartesanal-archivo2-2_optimized.jpeg 800w, https:\/\/radiorevelacionfm.cl\/wp-content\/uploads\/2022\/02\/feriaartesanal-archivo2-2_optimized-300x225.jpeg 300w, https:\/\/radiorevelacionfm.cl\/wp-content\/uploads\/2022\/02\/feriaartesanal-archivo2-2_optimized-768x576.jpeg 768w, https:\/\/radiorevelacionfm.cl\/wp-content\/uploads\/2022\/02\/feriaartesanal-archivo2-2_optimized-705x529.jpeg 705w, https:\/\/radiorevelacionfm.cl\/wp-content\/uploads\/2022\/02\/feriaartesanal-archivo2-2_optimized-600x450.jpeg 600w\" sizes=\"(max-width: 800px) 100vw, 800px\" \/><\/div><\/div><\/div><\/div><div class=\"flex_column av_one_full  flex_column_div av-zero-column-padding first  avia-builder-el-2  el_after_av_one_full  el_before_av_one_full  column-top-margin\" style='border-radius:0px; '><section class=\"av_textblock_section \"  itemscope=\"itemscope\" itemtype=\"https:\/\/schema.org\/BlogPosting\" itemprop=\"blogPost\" ><div class='avia_textblock  '   itemprop=\"text\" ><p style=\"text-align: center;\"><strong><span style=\"font-size: 18pt;\">Artesanos de Puerto Ays\u00e9n valoraron gesti\u00f3n del municipio para impulsar el comercio local previo a San Valent\u00edn<\/span><\/strong><\/p>\n<div id=\"gtx-trans\" style=\"position: absolute; left: -50px; top: 4.31534px;\">\n<div class=\"gtx-trans-icon\"><\/div>\n<\/div>\n<\/div><\/section><\/div><div class=\"flex_column av_one_full  flex_column_div av-zero-column-padding first  avia-builder-el-4  el_after_av_one_full  el_before_av_hr  column-top-margin\" style='border-radius:0px; '><section class=\"av_textblock_section \"  itemscope=\"itemscope\" itemtype=\"https:\/\/schema.org\/BlogPosting\" itemprop=\"blogPost\" ><div class='avia_textblock  '   itemprop=\"text\" ><p style=\"text-align: justify;\">Como una jornada exitosa y positiva fue calificada por los m\u00e1s de 20 artesanos locales de Puerto Ays\u00e9n que participaron de la instancia destinada al impulso del comercio local \u00abRegala amor: hecho a mano\u00bb como antesala al D\u00eda de los Enamorados en la Plaza de Armas. Espacio que fue solicitado por los mismos creadores locales que participaron en la Semana de la Artesan\u00eda efectuada en enero en el contexto de la celebraci\u00f3n del verano en la localidad porte\u00f1a y que cont\u00f3 con el respaldo de la Unidad de Turismo del municipio. Para su materializaci\u00f3n, los emprendedores adoptaron todas las medidas establecidas en el Plan Paso a Paso en etapa de Transici\u00f3n.<\/p>\n<p style=\"text-align: justify;\">Al respecto, una de las representantes de rubro artesanal \u201cRa\u00edces de la Patagonia\u201d, Nancy Molina, mencion\u00f3 que \u00abHemos recibido muchos halagos del trabajo que aqu\u00ed se muestra, as\u00ed como del orden y de las bonitas presentaciones realizadas y ellos (emprendedores) felices por los trabajos que la mayor parte son hechos a mano, con materia prima local, as\u00ed es que felices\u00bb.<\/p>\n<p style=\"text-align: justify;\">En tanto, su par, Isabel Vidaurre Mora, reconocida en el \u00e1mbito local tambi\u00e9n detall\u00f3 un balance positivo al participar de esta instancia, as\u00ed mismo, valorando la dedicaci\u00f3n y esfuerzo por mejorar t\u00e9cnicas y diversificar en la materialidad de estos trabajos \u201csin duda es interesante conocer a otras artesanas, conocer sus trabajos, compartir experiencias, muy bien\u00bb.<\/p>\n<p style=\"text-align: justify;\">Por su parte, el profesional de la Unidad de Turismo del municipio, Julio Rossel, destac\u00f3 el factor clim\u00e1tico que jug\u00f3 de manera positiva con temperaturas c\u00e1lidas y que permiti\u00f3 no tan s\u00f3lo contar con visitantes a esta actividad, sino que, esto se inclina como un puntapi\u00e9 \u201cpara visitar otros atractivos naturales como Bah\u00eda Acantilada y practicar algunos deportes como la pesca a orillas del Rio Simpson y acciones de terapia y relajaci\u00f3n como los distintos servicios de tinajas rodeados de vegetaci\u00f3n aut\u00f3ctona que ofrecen algunos prestadores de servicios en Ays\u00e9n\u201d.<\/p>\n<p style=\"text-align: justify;\">En la jornada fue posible adquirir elementos personalizados en los m\u00e1s variados materiales pasando desde la lana hasta el cuero curtido en dise\u00f1os originales. As\u00ed mismo, elementos provenientes del reciclaje de vidrio. Algo que desde el municipio valoran enormemente por la contribuci\u00f3n que desarrolla para la identidad local exponer estas creaciones a los turistas y visitantes.<\/p>\n<\/div><\/section><\/div><div  style='height:50px' class='hr hr-invisible   avia-builder-el-6  el_after_av_one_full  el_before_av_social_share '><span class='hr-inner ' ><span class='hr-inner-style'><\/span><\/span><\/div><\/p>\n<div  class='av-social-sharing-box  avia-builder-el-7  el_after_av_hr  el_before_av_hr  '><div class='av-share-box'><h5 class='av-share-link-description av-no-toc '>Compartir esta noticia<\/h5><ul class='av-share-box-list noLightbox'><li class='av-share-link av-social-link-facebook' ><a target=\"_blank\" aria-label=\"Compartir en Facebook\" href='https:\/\/www.facebook.com\/sharer.php?u=https:\/\/radiorevelacionfm.cl\/?p=13765&#038;t=Artesanos%20de%20Puerto%20Ays%C3%A9n%20valoraron%20gesti%C3%B3n%20del%20municipio%20para%20impulsar%20el%20comercio%20local%20previo%20a%20San%20Valent%C3%ADn' aria-hidden='false' data-av_icon='\ue8f3' data-av_iconfont='entypo-fontello' title='' data-avia-related-tooltip='Compartir en Facebook' rel=\"noopener\"><span class='avia_hidden_link_text'>Compartir en Facebook<\/span><\/a><\/li><li class='av-share-link av-social-link-twitter' ><a target=\"_blank\" aria-label=\"Compartir en Twitter\" href='https:\/\/twitter.com\/share?text=Artesanos%20de%20Puerto%20Ays%C3%A9n%20valoraron%20gesti%C3%B3n%20del%20municipio%20para%20impulsar%20el%20comercio%20local%20previo%20a%20San%20Valent%C3%ADn&#038;url=https:\/\/radiorevelacionfm.cl\/?p=13765' aria-hidden='false' data-av_icon='\ue8f1' data-av_iconfont='entypo-fontello' title='' data-avia-related-tooltip='Compartir en Twitter' rel=\"noopener\"><span class='avia_hidden_link_text'>Compartir en Twitter<\/span><\/a><\/li><li class='av-share-link av-social-link-whatsapp' ><a target=\"_blank\" aria-label=\"Compartir en Whatsapp\" href='https:\/\/api.whatsapp.com\/send?text=https:\/\/radiorevelacionfm.cl\/?p=13765' aria-hidden='false' data-av_icon='\uf232' data-av_iconfont='entypo-fontello' title='' data-avia-related-tooltip='Compartir en Whatsapp' rel=\"noopener\"><span class='avia_hidden_link_text'>Compartir en Whatsapp<\/span><\/a><\/li><li class='av-share-link av-social-link-linkedin' ><a target=\"_blank\" aria-label=\"Compartir en LinkedIn\" href='https:\/\/linkedin.com\/shareArticle?mini=true&#038;title=Artesanos%20de%20Puerto%20Ays%C3%A9n%20valoraron%20gesti%C3%B3n%20del%20municipio%20para%20impulsar%20el%20comercio%20local%20previo%20a%20San%20Valent%C3%ADn&#038;url=https:\/\/radiorevelacionfm.cl\/?p=13765' aria-hidden='false' data-av_icon='\ue8fc' data-av_iconfont='entypo-fontello' title='' data-avia-related-tooltip='Compartir en LinkedIn' rel=\"noopener\"><span class='avia_hidden_link_text'>Compartir en LinkedIn<\/span><\/a><\/li><li class='av-share-link av-social-link-mail' ><a  aria-label=\"Compartir por correo\" href='mailto:?subject=Artesanos%20de%20Puerto%20Ays%C3%A9n%20valoraron%20gesti%C3%B3n%20del%20municipio%20para%20impulsar%20el%20comercio%20local%20previo%20a%20San%20Valent%C3%ADn&#038;body=https:\/\/radiorevelacionfm.cl\/?p=13765' aria-hidden='false' data-av_icon='\ue805' data-av_iconfont='entypo-fontello' title='' data-avia-related-tooltip='Compartir por correo'><span class='avia_hidden_link_text'>Compartir por correo<\/span><\/a><\/li><\/ul><\/div><\/div>\n<div  style='height:50px' class='hr hr-invisible   avia-builder-el-8  el_after_av_social_share  el_before_av_comments_list '><span class='hr-inner ' ><span class='hr-inner-style'><\/span><\/span><\/div>\n<div  class='av-buildercomment  av-blog-meta-html-info-disabled av-blog-meta-tag-disabled  '><\/div>\n","protected":false},"excerpt":{"rendered":"","protected":false},"author":1,"featured_media":13766,"comment_status":"open","ping_status":"open","sticky":false,"template":"","format":"standard","meta":{"footnotes":""},"categories":[38],"tags":[],"class_list":["post-13765","post","type-post","status-publish","format-standard","has-post-thumbnail","hentry","category-regional"],"jetpack_featured_media_url":"https:\/\/radiorevelacionfm.cl\/wp-content\/uploads\/2022\/02\/feriaartesanal-archivo2-2_optimized.jpeg","_links":{"self":[{"href":"https:\/\/radiorevelacionfm.cl\/index.php?rest_route=\/wp\/v2\/posts\/13765","targetHints":{"allow":["GET"]}}],"collection":[{"href":"https:\/\/radiorevelacionfm.cl\/index.php?rest_route=\/wp\/v2\/posts"}],"about":[{"href":"https:\/\/radiorevelacionfm.cl\/index.php?rest_route=\/wp\/v2\/types\/post"}],"author":[{"embeddable":true,"href":"https:\/\/radiorevelacionfm.cl\/index.php?rest_route=\/wp\/v2\/users\/1"}],"replies":[{"embeddable":true,"href":"https:\/\/radiorevelacionfm.cl\/index.php?rest_route=%2Fwp%2Fv2%2Fcomments&post=13765"}],"version-history":[{"count":2,"href":"https:\/\/radiorevelacionfm.cl\/index.php?rest_route=\/wp\/v2\/posts\/13765\/revisions"}],"predecessor-version":[{"id":13768,"href":"https:\/\/radiorevelacionfm.cl\/index.php?rest_route=\/wp\/v2\/posts\/13765\/revisions\/13768"}],"wp:featuredmedia":[{"embeddable":true,"href":"https:\/\/radiorevelacionfm.cl\/index.php?rest_route=\/wp\/v2\/media\/13766"}],"wp:attachment":[{"href":"https:\/\/radiorevelacionfm.cl\/index.php?rest_route=%2Fwp%2Fv2%2Fmedia&parent=13765"}],"wp:term":[{"taxonomy":"category","embeddable":true,"href":"https:\/\/radiorevelacionfm.cl\/index.php?rest_route=%2Fwp%2Fv2%2Fcategories&post=13765"},{"taxonomy":"post_tag","embeddable":true,"href":"https:\/\/radiorevelacionfm.cl\/index.php?rest_route=%2Fwp%2Fv2%2Ftags&post=13765"}],"curies":[{"name":"wp","href":"https:\/\/api.w.org\/{rel}","templated":true}]}}