{"id":13762,"date":"2022-02-14T17:33:22","date_gmt":"2022-02-14T20:33:22","guid":{"rendered":"https:\/\/radiorevelacionfm.cl\/?p=13762"},"modified":"2022-02-14T17:33:22","modified_gmt":"2022-02-14T20:33:22","slug":"alinco-critico-posible-designacion-de-julio-nanco-como-delegado-presidencial-de-aysen","status":"publish","type":"post","link":"https:\/\/radiorevelacionfm.cl\/?p=13762","title":{"rendered":"Alinco critic\u00f3 posible designaci\u00f3n de Julio \u00d1anco como Delegado Presidencial de Ays\u00e9n"},"content":{"rendered":"<div class=\"flex_column av_one_full  flex_column_div av-zero-column-padding first  avia-builder-el-0  el_before_av_one_full  avia-builder-el-first  \" style='border-radius:0px; '><div  class='avia-image-container  av-styling-    avia-builder-el-1  avia-builder-el-no-sibling  avia-align-center '  itemprop=\"image\" itemscope=\"itemscope\" itemtype=\"https:\/\/schema.org\/ImageObject\"  ><div class='avia-image-container-inner'><div class='avia-image-overlay-wrap'><img decoding=\"async\" class='wp-image-8730 avia-img-lazy-loading-not-8730 avia_image' src=\"https:\/\/radiorevelacionfm.cl\/wp-content\/uploads\/2021\/09\/Diputado-Alinco-14-09a-1-1.jpg\" alt='' title='Diputado Alinco 14-09a (1) (1)' height=\"600\" width=\"796\"  itemprop=\"thumbnailUrl\" srcset=\"https:\/\/radiorevelacionfm.cl\/wp-content\/uploads\/2021\/09\/Diputado-Alinco-14-09a-1-1.jpg 796w, https:\/\/radiorevelacionfm.cl\/wp-content\/uploads\/2021\/09\/Diputado-Alinco-14-09a-1-1-300x226.jpg 300w, https:\/\/radiorevelacionfm.cl\/wp-content\/uploads\/2021\/09\/Diputado-Alinco-14-09a-1-1-768x579.jpg 768w, https:\/\/radiorevelacionfm.cl\/wp-content\/uploads\/2021\/09\/Diputado-Alinco-14-09a-1-1-705x531.jpg 705w, https:\/\/radiorevelacionfm.cl\/wp-content\/uploads\/2021\/09\/Diputado-Alinco-14-09a-1-1-600x452.jpg 600w\" sizes=\"(max-width: 796px) 100vw, 796px\" \/><\/div><\/div><\/div><\/div><div class=\"flex_column av_one_full  flex_column_div av-zero-column-padding first  avia-builder-el-2  el_after_av_one_full  el_before_av_one_full  column-top-margin\" style='border-radius:0px; '><section class=\"av_textblock_section \"  itemscope=\"itemscope\" itemtype=\"https:\/\/schema.org\/BlogPosting\" itemprop=\"blogPost\" ><div class='avia_textblock  '   itemprop=\"text\" ><p style=\"text-align: center;\"><span style=\"font-size: 18pt;\"><strong>Alinco critic\u00f3 posible designaci\u00f3n de Julio \u00d1anco como Delegado Presidencial de Ays\u00e9n<\/strong><\/span><\/p>\n<div id=\"gtx-trans\" style=\"position: absolute; left: -50px; top: 4.31534px;\">\n<div class=\"gtx-trans-icon\"><\/div>\n<\/div>\n<\/div><\/section><\/div><div class=\"flex_column av_one_full  flex_column_div av-zero-column-padding first  avia-builder-el-4  el_after_av_one_full  el_before_av_hr  column-top-margin\" style='border-radius:0px; '><section class=\"av_textblock_section \"  itemscope=\"itemscope\" itemtype=\"https:\/\/schema.org\/BlogPosting\" itemprop=\"blogPost\" ><div class='avia_textblock  '   itemprop=\"text\" ><p style=\"text-align: justify;\">Una fuerte cr\u00edtica realiz\u00f3 el parlamentario Ren\u00e9 Alinco Bustos respecto de la posible designaci\u00f3n del excandidato a diputado, Julio \u00d1anco, como futuro delegado regional presidencial de Ays\u00e9n en el gobierno que asumir\u00e1 Gabriel Boric a partir del pr\u00f3ximo 11 de marzo.<\/p>\n<p style=\"text-align: justify;\">Seg\u00fan Alinco, la cr\u00edtica se da en el contexto de un informe emitido por Contralor\u00eda hace algunas semanas, donde se orden\u00f3 el 27 de enero pasado, \u201cla sugerencia de destituci\u00f3n -entre otros funcionarios- de \u00d1anco del Gobierno Regional -lugar donde se desempe\u00f1a en la Divisi\u00f3n de Presupuesto e Inversi\u00f3n Regional- debido a irregularidades en la construcci\u00f3n de la mini central hidroel\u00e9ctrica de la localidad de Puerto Gaviota\u201d, dijo el diputado aysenino, agregando \u201cla generaci\u00f3n de un sumario administrativo por dichas irregularidades encontradas por Contralor\u00eda donde se deducen problemas estructurales en instalaciones el\u00e9ctricas, pagos duplicados y trabajos pagados pero no realizados por el proyecto\u201d.<\/p>\n<p style=\"text-align: justify;\">De acuerdo a lo expuesto por los propios medios de comunicaci\u00f3n respecto al informe, el parlamentario Alinco sostuvo que \u201cser\u00eda una muy mala se\u00f1al que (\u00d1anco) sea delegado del Presidente a partir del pr\u00f3ximo 11 de marzo pues no se condice con los principios y valores que el compa\u00f1ero Gabriel Boric ha se\u00f1alado sustentas\u201d, sentenci\u00f3.<\/p>\n<\/div><\/section><\/div><div  style='height:50px' class='hr hr-invisible   avia-builder-el-6  el_after_av_one_full  el_before_av_social_share '><span class='hr-inner ' ><span class='hr-inner-style'><\/span><\/span><\/div><\/p>\n<div  class='av-social-sharing-box  avia-builder-el-7  el_after_av_hr  el_before_av_hr  '><div class='av-share-box'><h5 class='av-share-link-description av-no-toc '>Compartir esta noticia<\/h5><ul class='av-share-box-list noLightbox'><li class='av-share-link av-social-link-facebook' ><a target=\"_blank\" aria-label=\"Compartir en Facebook\" href='https:\/\/www.facebook.com\/sharer.php?u=https:\/\/radiorevelacionfm.cl\/?p=13762&#038;t=Alinco%20critic%C3%B3%20posible%20designaci%C3%B3n%20de%20Julio%20%C3%91anco%20como%20Delegado%20Presidencial%20de%20Ays%C3%A9n' aria-hidden='false' data-av_icon='\ue8f3' data-av_iconfont='entypo-fontello' title='' data-avia-related-tooltip='Compartir en Facebook' rel=\"noopener\"><span class='avia_hidden_link_text'>Compartir en Facebook<\/span><\/a><\/li><li class='av-share-link av-social-link-twitter' ><a target=\"_blank\" aria-label=\"Compartir en Twitter\" href='https:\/\/twitter.com\/share?text=Alinco%20critic%C3%B3%20posible%20designaci%C3%B3n%20de%20Julio%20%C3%91anco%20como%20Delegado%20Presidencial%20de%20Ays%C3%A9n&#038;url=https:\/\/radiorevelacionfm.cl\/?p=13762' aria-hidden='false' data-av_icon='\ue8f1' data-av_iconfont='entypo-fontello' title='' data-avia-related-tooltip='Compartir en Twitter' rel=\"noopener\"><span class='avia_hidden_link_text'>Compartir en Twitter<\/span><\/a><\/li><li class='av-share-link av-social-link-whatsapp' ><a target=\"_blank\" aria-label=\"Compartir en Whatsapp\" href='https:\/\/api.whatsapp.com\/send?text=https:\/\/radiorevelacionfm.cl\/?p=13762' aria-hidden='false' data-av_icon='\uf232' data-av_iconfont='entypo-fontello' title='' data-avia-related-tooltip='Compartir en Whatsapp' rel=\"noopener\"><span class='avia_hidden_link_text'>Compartir en Whatsapp<\/span><\/a><\/li><li class='av-share-link av-social-link-linkedin' ><a target=\"_blank\" aria-label=\"Compartir en LinkedIn\" href='https:\/\/linkedin.com\/shareArticle?mini=true&#038;title=Alinco%20critic%C3%B3%20posible%20designaci%C3%B3n%20de%20Julio%20%C3%91anco%20como%20Delegado%20Presidencial%20de%20Ays%C3%A9n&#038;url=https:\/\/radiorevelacionfm.cl\/?p=13762' aria-hidden='false' data-av_icon='\ue8fc' data-av_iconfont='entypo-fontello' title='' data-avia-related-tooltip='Compartir en LinkedIn' rel=\"noopener\"><span class='avia_hidden_link_text'>Compartir en LinkedIn<\/span><\/a><\/li><li class='av-share-link av-social-link-mail' ><a  aria-label=\"Compartir por correo\" href='mailto:?subject=Alinco%20critic%C3%B3%20posible%20designaci%C3%B3n%20de%20Julio%20%C3%91anco%20como%20Delegado%20Presidencial%20de%20Ays%C3%A9n&#038;body=https:\/\/radiorevelacionfm.cl\/?p=13762' aria-hidden='false' data-av_icon='\ue805' data-av_iconfont='entypo-fontello' title='' data-avia-related-tooltip='Compartir por correo'><span class='avia_hidden_link_text'>Compartir por correo<\/span><\/a><\/li><\/ul><\/div><\/div>\n<div  style='height:50px' class='hr hr-invisible   avia-builder-el-8  el_after_av_social_share  el_before_av_comments_list '><span class='hr-inner ' ><span class='hr-inner-style'><\/span><\/span><\/div>\n<div  class='av-buildercomment  av-blog-meta-html-info-disabled av-blog-meta-tag-disabled  '><\/div>\n","protected":false},"excerpt":{"rendered":"","protected":false},"author":1,"featured_media":8730,"comment_status":"open","ping_status":"open","sticky":false,"template":"","format":"standard","meta":{"footnotes":""},"categories":[35],"tags":[],"class_list":["post-13762","post","type-post","status-publish","format-standard","has-post-thumbnail","hentry","category-politica"],"jetpack_featured_media_url":"https:\/\/radiorevelacionfm.cl\/wp-content\/uploads\/2021\/09\/Diputado-Alinco-14-09a-1-1.jpg","_links":{"self":[{"href":"https:\/\/radiorevelacionfm.cl\/index.php?rest_route=\/wp\/v2\/posts\/13762","targetHints":{"allow":["GET"]}}],"collection":[{"href":"https:\/\/radiorevelacionfm.cl\/index.php?rest_route=\/wp\/v2\/posts"}],"about":[{"href":"https:\/\/radiorevelacionfm.cl\/index.php?rest_route=\/wp\/v2\/types\/post"}],"author":[{"embeddable":true,"href":"https:\/\/radiorevelacionfm.cl\/index.php?rest_route=\/wp\/v2\/users\/1"}],"replies":[{"embeddable":true,"href":"https:\/\/radiorevelacionfm.cl\/index.php?rest_route=%2Fwp%2Fv2%2Fcomments&post=13762"}],"version-history":[{"count":2,"href":"https:\/\/radiorevelacionfm.cl\/index.php?rest_route=\/wp\/v2\/posts\/13762\/revisions"}],"predecessor-version":[{"id":13764,"href":"https:\/\/radiorevelacionfm.cl\/index.php?rest_route=\/wp\/v2\/posts\/13762\/revisions\/13764"}],"wp:featuredmedia":[{"embeddable":true,"href":"https:\/\/radiorevelacionfm.cl\/index.php?rest_route=\/wp\/v2\/media\/8730"}],"wp:attachment":[{"href":"https:\/\/radiorevelacionfm.cl\/index.php?rest_route=%2Fwp%2Fv2%2Fmedia&parent=13762"}],"wp:term":[{"taxonomy":"category","embeddable":true,"href":"https:\/\/radiorevelacionfm.cl\/index.php?rest_route=%2Fwp%2Fv2%2Fcategories&post=13762"},{"taxonomy":"post_tag","embeddable":true,"href":"https:\/\/radiorevelacionfm.cl\/index.php?rest_route=%2Fwp%2Fv2%2Ftags&post=13762"}],"curies":[{"name":"wp","href":"https:\/\/api.w.org\/{rel}","templated":true}]}}