{"id":13758,"date":"2022-02-14T16:17:50","date_gmt":"2022-02-14T19:17:50","guid":{"rendered":"https:\/\/radiorevelacionfm.cl\/?p=13758"},"modified":"2022-02-14T16:17:50","modified_gmt":"2022-02-14T19:17:50","slug":"alcalde-uribe-encabezo-firma-de-convenio-para-nueva-zona-de-avistamiento-turistico-en-puerto-chacabuco","status":"publish","type":"post","link":"https:\/\/radiorevelacionfm.cl\/?p=13758","title":{"rendered":"Alcalde Uribe encabez\u00f3 firma de convenio para nueva zona de avistamiento tur\u00edstico en Puerto Chacabuco"},"content":{"rendered":"<div class=\"flex_column av_one_full  flex_column_div av-zero-column-padding first  avia-builder-el-0  el_before_av_one_full  avia-builder-el-first  \" style='border-radius:0px; '><div  class='avia-image-container  av-styling-    avia-builder-el-1  avia-builder-el-no-sibling  avia-align-center '  itemprop=\"image\" itemscope=\"itemscope\" itemtype=\"https:\/\/schema.org\/ImageObject\"  ><div class='avia-image-container-inner'><div class='avia-image-overlay-wrap'><img decoding=\"async\" class='wp-image-13759 avia-img-lazy-loading-not-13759 avia_image' src=\"https:\/\/radiorevelacionfm.cl\/wp-content\/uploads\/2022\/02\/aves-glaceares3-2-2.jpeg\" alt='' title='aves-glaceares3-2-2' height=\"600\" width=\"800\"  itemprop=\"thumbnailUrl\" srcset=\"https:\/\/radiorevelacionfm.cl\/wp-content\/uploads\/2022\/02\/aves-glaceares3-2-2.jpeg 800w, https:\/\/radiorevelacionfm.cl\/wp-content\/uploads\/2022\/02\/aves-glaceares3-2-2-300x225.jpeg 300w, https:\/\/radiorevelacionfm.cl\/wp-content\/uploads\/2022\/02\/aves-glaceares3-2-2-768x576.jpeg 768w, https:\/\/radiorevelacionfm.cl\/wp-content\/uploads\/2022\/02\/aves-glaceares3-2-2-705x529.jpeg 705w, https:\/\/radiorevelacionfm.cl\/wp-content\/uploads\/2022\/02\/aves-glaceares3-2-2-600x450.jpeg 600w\" sizes=\"(max-width: 800px) 100vw, 800px\" \/><\/div><\/div><\/div><\/div><div class=\"flex_column av_one_full  flex_column_div av-zero-column-padding first  avia-builder-el-2  el_after_av_one_full  el_before_av_one_full  column-top-margin\" style='border-radius:0px; '><section class=\"av_textblock_section \"  itemscope=\"itemscope\" itemtype=\"https:\/\/schema.org\/BlogPosting\" itemprop=\"blogPost\" ><div class='avia_textblock  '   itemprop=\"text\" ><p style=\"text-align: center;\"><span style=\"font-size: 18pt;\"><strong>Alcalde Uribe encabez\u00f3 firma de convenio para nueva zona de avistamiento tur\u00edstico en Puerto Chacabuco<\/strong><\/span><\/p>\n<div id=\"gtx-trans\" style=\"position: absolute; left: -50px; top: 4.31534px;\">\n<div class=\"gtx-trans-icon\"><\/div>\n<\/div>\n<\/div><\/section><\/div><div class=\"flex_column av_one_full  flex_column_div av-zero-column-padding first  avia-builder-el-4  el_after_av_one_full  el_before_av_hr  column-top-margin\" style='border-radius:0px; '><section class=\"av_textblock_section \"  itemscope=\"itemscope\" itemtype=\"https:\/\/schema.org\/BlogPosting\" itemprop=\"blogPost\" ><div class='avia_textblock  '   itemprop=\"text\" ><p style=\"text-align: justify;\">\u201cConstrucci\u00f3n Mirador Aves y Glaciares San Sebasti\u00e1n\u201d es el nombre del proyecto que buscar\u00e1 dar un realce importante del patrimonio natural con el que cuenta la comuna de Ays\u00e9n desde la localidad de Puerto Chacabuco. Intervenci\u00f3n que forma parte integra de la carpeta de proyectos de la actual administraci\u00f3n del municipio porte\u00f1o, liderado por Julio Uribe Alvarado y que cuenta con un financiamiento por m\u00e1s de 120 millones de pesos provenientes del Fondo Regional de Iniciativa Local del Gobierno Regional de Ays\u00e9n y su Consejo. La construcci\u00f3n contempla faenas por ocho meses.<\/p>\n<p style=\"text-align: justify;\">La primera autoridad de la comuna de Ays\u00e9n, Julio Uribe Alvarado, destac\u00f3 con orgullo el trabajo efectuado para lograr esta intervenci\u00f3n, \u201ces impresionante cuando tenemos los glaciares o los cisnes que est\u00e1n rondando en el lugar, la gente viene a pescar, es un lugar especial y adem\u00e1s, est\u00e1 San Sebasti\u00e1n el cual es visitado por muchas personas. Es un lugar para darle vida, hoy no est\u00e1 en las mejores condiciones tanto de limpieza como de estacionamiento\u201d.<\/p>\n<p style=\"text-align: justify;\">Por lo cual, el l\u00edder comunal agreg\u00f3 que con esta medida se busca dar soluci\u00f3n a varias tem\u00e1ticas entre las que sobresale, resolver la ausencia espacial de lugares tur\u00edsticos. Apuntado, a su juicio al \u201cvalor agregado\u201d que poseen estos sitios enclavados en medio de patrimonio natural poco frecuente en Chile continental y que permiten embellecer la ciudad.<\/p>\n<p style=\"text-align: justify;\">Finalmente, el Secretario Comunal de Planificaci\u00f3n, Juan Carlos C\u00e1rdenas, ahond\u00f3 en la g\u00e9nesis de la iniciativa complementando que \u201cPuerto Chacabuco es una comunidad que anhela poner en valor sus recursos naturales y este es un primer proyecto que viene a dar cuenta de aquello e invitarlos a todos a que se unan al trabajo del municipio y de esta alcald\u00eda para ir realzando las bellezas invitando a los visitantes a que disfruten de aquello. Seguramente esto se transformar\u00e1 en un hito a visitar en nuestra comuna\u201d, puntualiz\u00f3 el directivo municipal.<\/p>\n<\/div><\/section><\/div><div  style='height:50px' class='hr hr-invisible   avia-builder-el-6  el_after_av_one_full  el_before_av_social_share '><span class='hr-inner ' ><span class='hr-inner-style'><\/span><\/span><\/div><\/p>\n<div  class='av-social-sharing-box  avia-builder-el-7  el_after_av_hr  el_before_av_hr  '><div class='av-share-box'><h5 class='av-share-link-description av-no-toc '>Compartir esta noticia<\/h5><ul class='av-share-box-list noLightbox'><li class='av-share-link av-social-link-facebook' ><a target=\"_blank\" aria-label=\"Compartir en Facebook\" href='https:\/\/www.facebook.com\/sharer.php?u=https:\/\/radiorevelacionfm.cl\/?p=13758&#038;t=Alcalde%20Uribe%20encabez%C3%B3%20firma%20de%20convenio%20para%20nueva%20zona%20de%20avistamiento%20tur%C3%ADstico%20en%20Puerto%20Chacabuco' aria-hidden='false' data-av_icon='\ue8f3' data-av_iconfont='entypo-fontello' title='' data-avia-related-tooltip='Compartir en Facebook' rel=\"noopener\"><span class='avia_hidden_link_text'>Compartir en Facebook<\/span><\/a><\/li><li class='av-share-link av-social-link-twitter' ><a target=\"_blank\" aria-label=\"Compartir en Twitter\" href='https:\/\/twitter.com\/share?text=Alcalde%20Uribe%20encabez%C3%B3%20firma%20de%20convenio%20para%20nueva%20zona%20de%20avistamiento%20tur%C3%ADstico%20en%20Puerto%20Chacabuco&#038;url=https:\/\/radiorevelacionfm.cl\/?p=13758' aria-hidden='false' data-av_icon='\ue8f1' data-av_iconfont='entypo-fontello' title='' data-avia-related-tooltip='Compartir en Twitter' rel=\"noopener\"><span class='avia_hidden_link_text'>Compartir en Twitter<\/span><\/a><\/li><li class='av-share-link av-social-link-whatsapp' ><a target=\"_blank\" aria-label=\"Compartir en Whatsapp\" href='https:\/\/api.whatsapp.com\/send?text=https:\/\/radiorevelacionfm.cl\/?p=13758' aria-hidden='false' data-av_icon='\uf232' data-av_iconfont='entypo-fontello' title='' data-avia-related-tooltip='Compartir en Whatsapp' rel=\"noopener\"><span class='avia_hidden_link_text'>Compartir en Whatsapp<\/span><\/a><\/li><li class='av-share-link av-social-link-linkedin' ><a target=\"_blank\" aria-label=\"Compartir en LinkedIn\" href='https:\/\/linkedin.com\/shareArticle?mini=true&#038;title=Alcalde%20Uribe%20encabez%C3%B3%20firma%20de%20convenio%20para%20nueva%20zona%20de%20avistamiento%20tur%C3%ADstico%20en%20Puerto%20Chacabuco&#038;url=https:\/\/radiorevelacionfm.cl\/?p=13758' aria-hidden='false' data-av_icon='\ue8fc' data-av_iconfont='entypo-fontello' title='' data-avia-related-tooltip='Compartir en LinkedIn' rel=\"noopener\"><span class='avia_hidden_link_text'>Compartir en LinkedIn<\/span><\/a><\/li><li class='av-share-link av-social-link-mail' ><a  aria-label=\"Compartir por correo\" href='mailto:?subject=Alcalde%20Uribe%20encabez%C3%B3%20firma%20de%20convenio%20para%20nueva%20zona%20de%20avistamiento%20tur%C3%ADstico%20en%20Puerto%20Chacabuco&#038;body=https:\/\/radiorevelacionfm.cl\/?p=13758' aria-hidden='false' data-av_icon='\ue805' data-av_iconfont='entypo-fontello' title='' data-avia-related-tooltip='Compartir por correo'><span class='avia_hidden_link_text'>Compartir por correo<\/span><\/a><\/li><\/ul><\/div><\/div>\n<div  style='height:50px' class='hr hr-invisible   avia-builder-el-8  el_after_av_social_share  el_before_av_comments_list '><span class='hr-inner ' ><span class='hr-inner-style'><\/span><\/span><\/div>\n<div  class='av-buildercomment  av-blog-meta-html-info-disabled av-blog-meta-tag-disabled  '><\/div>\n","protected":false},"excerpt":{"rendered":"","protected":false},"author":1,"featured_media":13759,"comment_status":"open","ping_status":"open","sticky":false,"template":"","format":"standard","meta":{"footnotes":""},"categories":[38],"tags":[],"class_list":["post-13758","post","type-post","status-publish","format-standard","has-post-thumbnail","hentry","category-regional"],"jetpack_featured_media_url":"https:\/\/radiorevelacionfm.cl\/wp-content\/uploads\/2022\/02\/aves-glaceares3-2-2.jpeg","_links":{"self":[{"href":"https:\/\/radiorevelacionfm.cl\/index.php?rest_route=\/wp\/v2\/posts\/13758","targetHints":{"allow":["GET"]}}],"collection":[{"href":"https:\/\/radiorevelacionfm.cl\/index.php?rest_route=\/wp\/v2\/posts"}],"about":[{"href":"https:\/\/radiorevelacionfm.cl\/index.php?rest_route=\/wp\/v2\/types\/post"}],"author":[{"embeddable":true,"href":"https:\/\/radiorevelacionfm.cl\/index.php?rest_route=\/wp\/v2\/users\/1"}],"replies":[{"embeddable":true,"href":"https:\/\/radiorevelacionfm.cl\/index.php?rest_route=%2Fwp%2Fv2%2Fcomments&post=13758"}],"version-history":[{"count":2,"href":"https:\/\/radiorevelacionfm.cl\/index.php?rest_route=\/wp\/v2\/posts\/13758\/revisions"}],"predecessor-version":[{"id":13761,"href":"https:\/\/radiorevelacionfm.cl\/index.php?rest_route=\/wp\/v2\/posts\/13758\/revisions\/13761"}],"wp:featuredmedia":[{"embeddable":true,"href":"https:\/\/radiorevelacionfm.cl\/index.php?rest_route=\/wp\/v2\/media\/13759"}],"wp:attachment":[{"href":"https:\/\/radiorevelacionfm.cl\/index.php?rest_route=%2Fwp%2Fv2%2Fmedia&parent=13758"}],"wp:term":[{"taxonomy":"category","embeddable":true,"href":"https:\/\/radiorevelacionfm.cl\/index.php?rest_route=%2Fwp%2Fv2%2Fcategories&post=13758"},{"taxonomy":"post_tag","embeddable":true,"href":"https:\/\/radiorevelacionfm.cl\/index.php?rest_route=%2Fwp%2Fv2%2Ftags&post=13758"}],"curies":[{"name":"wp","href":"https:\/\/api.w.org\/{rel}","templated":true}]}}