{"id":13750,"date":"2022-02-14T11:38:41","date_gmt":"2022-02-14T14:38:41","guid":{"rendered":"https:\/\/radiorevelacionfm.cl\/?p=13750"},"modified":"2022-02-14T11:38:41","modified_gmt":"2022-02-14T14:38:41","slug":"adjudican-construccion-de-ampliacion-de-caleta-de-pescadores-en-melinka","status":"publish","type":"post","link":"https:\/\/radiorevelacionfm.cl\/?p=13750","title":{"rendered":"Adjudican construcci\u00f3n de ampliaci\u00f3n de Caleta de Pescadores en Melinka"},"content":{"rendered":"<div class=\"flex_column av_one_full  flex_column_div av-zero-column-padding first  avia-builder-el-0  el_before_av_one_full  avia-builder-el-first  \" style='border-radius:0px; '><div  class='avia-image-container  av-styling-    avia-builder-el-1  avia-builder-el-no-sibling  avia-align-center '  itemprop=\"image\" itemscope=\"itemscope\" itemtype=\"https:\/\/schema.org\/ImageObject\"  ><div class='avia-image-container-inner'><div class='avia-image-overlay-wrap'><img decoding=\"async\" class='wp-image-13751 avia-img-lazy-loading-not-13751 avia_image' src=\"https:\/\/radiorevelacionfm.cl\/wp-content\/uploads\/2022\/02\/melinka_dos-2_optimized.jpg\" alt='' title='melinka_dos-2_optimized' height=\"600\" width=\"1370\"  itemprop=\"thumbnailUrl\" srcset=\"https:\/\/radiorevelacionfm.cl\/wp-content\/uploads\/2022\/02\/melinka_dos-2_optimized.jpg 1370w, https:\/\/radiorevelacionfm.cl\/wp-content\/uploads\/2022\/02\/melinka_dos-2_optimized-300x131.jpg 300w, https:\/\/radiorevelacionfm.cl\/wp-content\/uploads\/2022\/02\/melinka_dos-2_optimized-1030x451.jpg 1030w, https:\/\/radiorevelacionfm.cl\/wp-content\/uploads\/2022\/02\/melinka_dos-2_optimized-768x336.jpg 768w, https:\/\/radiorevelacionfm.cl\/wp-content\/uploads\/2022\/02\/melinka_dos-2_optimized-705x309.jpg 705w, https:\/\/radiorevelacionfm.cl\/wp-content\/uploads\/2022\/02\/melinka_dos-2_optimized-600x263.jpg 600w\" sizes=\"(max-width: 1370px) 100vw, 1370px\" \/><\/div><\/div><\/div><\/div><div class=\"flex_column av_one_full  flex_column_div av-zero-column-padding first  avia-builder-el-2  el_after_av_one_full  el_before_av_one_full  column-top-margin\" style='border-radius:0px; '><section class=\"av_textblock_section \"  itemscope=\"itemscope\" itemtype=\"https:\/\/schema.org\/BlogPosting\" itemprop=\"blogPost\" ><div class='avia_textblock  '   itemprop=\"text\" ><p style=\"text-align: center;\"><strong><span style=\"font-size: 18pt;\">Adjudican construcci\u00f3n de ampliaci\u00f3n de Caleta de Pescadores en Melinka<\/span><\/strong><\/p>\n<div id=\"gtx-trans\" style=\"position: absolute; left: -50px; top: 4.31534px;\">\n<div class=\"gtx-trans-icon\"><\/div>\n<\/div>\n<\/div><\/section><\/div><div class=\"flex_column av_one_full  flex_column_div av-zero-column-padding first  avia-builder-el-4  el_after_av_one_full  el_before_av_hr  column-top-margin\" style='border-radius:0px; '><section class=\"av_textblock_section \"  itemscope=\"itemscope\" itemtype=\"https:\/\/schema.org\/BlogPosting\" itemprop=\"blogPost\" ><div class='avia_textblock  '   itemprop=\"text\" ><p style=\"text-align: justify;\">El Secretario Regional Ministerial de Obras P\u00fablicas (S) El\u00edas Fern\u00e1ndez Ni\u00f1o hoy anunci\u00f3 que fue adjudicada la construcci\u00f3n de la ampliaci\u00f3n de la Caleta de Pescadores en Melinka, isla ubicada en el extremo norte de la regi\u00f3n de Ays\u00e9n.<\/p>\n<p style=\"text-align: justify;\">Las obras que estaba construyendo la empresa constructora Brotec tuvieron un 5% de avance antes de que se pusiera t\u00e9rmino anticipado al contrato producto del atraso en la ejecuci\u00f3n de las obras de acuerdo al Reglamento de Contratos de Obras P\u00fablicas, DS N\u00b075. \u201cHoy podemos anunciar que acabamos de adjudicar estos trabajos a la empresa Sicomaq quienes tendr\u00e1n 600 d\u00edas de plazo para terminar las obras\u201d, anunci\u00f3 el SEREMI del MOP (S).<\/p>\n<p style=\"text-align: justify;\">\u201cEstas \u00a0obras que se encuentran incluidas en el Plan Paso a Paso Chile se Recupera cuentan con una inversi\u00f3n del gobierno del presidente Sebasti\u00e1n Pi\u00f1era a trav\u00e9s de la Direcci\u00f3n Regional de Obras Portuarias del MOP de $7.497 millones y entregar\u00e1n empleo a 60 personas promedio mensual, cumpliendo el prop\u00f3sito de mejorar las condiciones de conectividad de la Isla con una infraestructura acorde a sus necesidades que potencie su desarrollo productivo, tur\u00edstico, y econ\u00f3mico -con la entrega de empleo y utilizaci\u00f3n de servicios propios de la Isla dinamizando su econom\u00eda local- mejorando en forma integral la calidad de vida de los m\u00e1s de 2 mil habitantes de Melinka\u201d, afirm\u00f3 El\u00edas Fern\u00e1ndez Ni\u00f1o Az\u00f3car.<\/p>\n<p style=\"text-align: justify;\">La ampliaci\u00f3n de la Caleta de Pescadores considera la pavimentaci\u00f3n del acceso y explanada actual y la ampliaci\u00f3n del cabezo y muelle existente para aumentar los metros lineales de frente de atraque; se instalar\u00e1n dos pescantes con capacidad de levante de 1.500 Kg y la implementaci\u00f3n de un sistema sobre la base de defensas elastom\u00e9ricas, la mantenci\u00f3n del sistema de protecci\u00f3n anticorrosiva de la estructura met\u00e1lica, la construcci\u00f3n de una explanada de 865 m2 con la instalaci\u00f3n de un winche y un carro de arrastre para sacar del agua las embarcaciones, la instalaci\u00f3n de un varadero para la reparaci\u00f3n de naves de hasta 80 toneladas (sin carga), la construcci\u00f3n de una rampa embarcadero de 1858m2 para el estacionamiento de botes y muelle para descarga de erizos de 1.001 m2, con elementos de seguridad como soleras perimetrales con tachas reflectantes, la instalaci\u00f3n de sistema de iluminaci\u00f3n LED, se\u00f1alizaci\u00f3n vial, sistema de evacuaci\u00f3n de aguas lluvias, alcantarillado y cierre perimetral.<\/p>\n<\/div><\/section><\/div><div  style='height:50px' class='hr hr-invisible   avia-builder-el-6  el_after_av_one_full  el_before_av_social_share '><span class='hr-inner ' ><span class='hr-inner-style'><\/span><\/span><\/div><\/p>\n<div  class='av-social-sharing-box  avia-builder-el-7  el_after_av_hr  el_before_av_hr  '><div class='av-share-box'><h5 class='av-share-link-description av-no-toc '>Compartir esta noticia<\/h5><ul class='av-share-box-list noLightbox'><li class='av-share-link av-social-link-facebook' ><a target=\"_blank\" aria-label=\"Compartir en Facebook\" href='https:\/\/www.facebook.com\/sharer.php?u=https:\/\/radiorevelacionfm.cl\/?p=13750&#038;t=Adjudican%20construcci%C3%B3n%20de%20ampliaci%C3%B3n%20de%20Caleta%20de%20Pescadores%20en%20Melinka' aria-hidden='false' data-av_icon='\ue8f3' data-av_iconfont='entypo-fontello' title='' data-avia-related-tooltip='Compartir en Facebook' rel=\"noopener\"><span class='avia_hidden_link_text'>Compartir en Facebook<\/span><\/a><\/li><li class='av-share-link av-social-link-twitter' ><a target=\"_blank\" aria-label=\"Compartir en Twitter\" href='https:\/\/twitter.com\/share?text=Adjudican%20construcci%C3%B3n%20de%20ampliaci%C3%B3n%20de%20Caleta%20de%20Pescadores%20en%20Melinka&#038;url=https:\/\/radiorevelacionfm.cl\/?p=13750' aria-hidden='false' data-av_icon='\ue8f1' data-av_iconfont='entypo-fontello' title='' data-avia-related-tooltip='Compartir en Twitter' rel=\"noopener\"><span class='avia_hidden_link_text'>Compartir en Twitter<\/span><\/a><\/li><li class='av-share-link av-social-link-whatsapp' ><a target=\"_blank\" aria-label=\"Compartir en Whatsapp\" href='https:\/\/api.whatsapp.com\/send?text=https:\/\/radiorevelacionfm.cl\/?p=13750' aria-hidden='false' data-av_icon='\uf232' data-av_iconfont='entypo-fontello' title='' data-avia-related-tooltip='Compartir en Whatsapp' rel=\"noopener\"><span class='avia_hidden_link_text'>Compartir en Whatsapp<\/span><\/a><\/li><li class='av-share-link av-social-link-linkedin' ><a target=\"_blank\" aria-label=\"Compartir en LinkedIn\" href='https:\/\/linkedin.com\/shareArticle?mini=true&#038;title=Adjudican%20construcci%C3%B3n%20de%20ampliaci%C3%B3n%20de%20Caleta%20de%20Pescadores%20en%20Melinka&#038;url=https:\/\/radiorevelacionfm.cl\/?p=13750' aria-hidden='false' data-av_icon='\ue8fc' data-av_iconfont='entypo-fontello' title='' data-avia-related-tooltip='Compartir en LinkedIn' rel=\"noopener\"><span class='avia_hidden_link_text'>Compartir en LinkedIn<\/span><\/a><\/li><li class='av-share-link av-social-link-mail' ><a  aria-label=\"Compartir por correo\" href='mailto:?subject=Adjudican%20construcci%C3%B3n%20de%20ampliaci%C3%B3n%20de%20Caleta%20de%20Pescadores%20en%20Melinka&#038;body=https:\/\/radiorevelacionfm.cl\/?p=13750' aria-hidden='false' data-av_icon='\ue805' data-av_iconfont='entypo-fontello' title='' data-avia-related-tooltip='Compartir por correo'><span class='avia_hidden_link_text'>Compartir por correo<\/span><\/a><\/li><\/ul><\/div><\/div>\n<div  style='height:50px' class='hr hr-invisible   avia-builder-el-8  el_after_av_social_share  el_before_av_comments_list '><span class='hr-inner ' ><span class='hr-inner-style'><\/span><\/span><\/div>\n<div  class='av-buildercomment  av-blog-meta-html-info-disabled av-blog-meta-tag-disabled  '><\/div>\n","protected":false},"excerpt":{"rendered":"","protected":false},"author":1,"featured_media":13751,"comment_status":"open","ping_status":"open","sticky":false,"template":"","format":"standard","meta":{"footnotes":""},"categories":[38],"tags":[],"class_list":["post-13750","post","type-post","status-publish","format-standard","has-post-thumbnail","hentry","category-regional"],"jetpack_featured_media_url":"https:\/\/radiorevelacionfm.cl\/wp-content\/uploads\/2022\/02\/melinka_dos-2_optimized.jpg","_links":{"self":[{"href":"https:\/\/radiorevelacionfm.cl\/index.php?rest_route=\/wp\/v2\/posts\/13750","targetHints":{"allow":["GET"]}}],"collection":[{"href":"https:\/\/radiorevelacionfm.cl\/index.php?rest_route=\/wp\/v2\/posts"}],"about":[{"href":"https:\/\/radiorevelacionfm.cl\/index.php?rest_route=\/wp\/v2\/types\/post"}],"author":[{"embeddable":true,"href":"https:\/\/radiorevelacionfm.cl\/index.php?rest_route=\/wp\/v2\/users\/1"}],"replies":[{"embeddable":true,"href":"https:\/\/radiorevelacionfm.cl\/index.php?rest_route=%2Fwp%2Fv2%2Fcomments&post=13750"}],"version-history":[{"count":2,"href":"https:\/\/radiorevelacionfm.cl\/index.php?rest_route=\/wp\/v2\/posts\/13750\/revisions"}],"predecessor-version":[{"id":13753,"href":"https:\/\/radiorevelacionfm.cl\/index.php?rest_route=\/wp\/v2\/posts\/13750\/revisions\/13753"}],"wp:featuredmedia":[{"embeddable":true,"href":"https:\/\/radiorevelacionfm.cl\/index.php?rest_route=\/wp\/v2\/media\/13751"}],"wp:attachment":[{"href":"https:\/\/radiorevelacionfm.cl\/index.php?rest_route=%2Fwp%2Fv2%2Fmedia&parent=13750"}],"wp:term":[{"taxonomy":"category","embeddable":true,"href":"https:\/\/radiorevelacionfm.cl\/index.php?rest_route=%2Fwp%2Fv2%2Fcategories&post=13750"},{"taxonomy":"post_tag","embeddable":true,"href":"https:\/\/radiorevelacionfm.cl\/index.php?rest_route=%2Fwp%2Fv2%2Ftags&post=13750"}],"curies":[{"name":"wp","href":"https:\/\/api.w.org\/{rel}","templated":true}]}}