{"id":13745,"date":"2022-02-14T11:10:41","date_gmt":"2022-02-14T14:10:41","guid":{"rendered":"https:\/\/radiorevelacionfm.cl\/?p=13745"},"modified":"2022-02-14T11:12:37","modified_gmt":"2022-02-14T14:12:37","slug":"balance-control-fronterizo-10-624-controlados-reporto-pdi-en-pasos-habilitados-de-la-region-durante-2021","status":"publish","type":"post","link":"https:\/\/radiorevelacionfm.cl\/?p=13745","title":{"rendered":"Balance control fronterizo: 10.624 controlados report\u00f3 PDI en pasos habilitados de la regi\u00f3n durante 2021"},"content":{"rendered":"<div class=\"flex_column av_one_full  flex_column_div av-zero-column-padding first  avia-builder-el-0  el_before_av_one_full  avia-builder-el-first  \" style='border-radius:0px; '><div  class='avia-image-container  av-styling-    avia-builder-el-1  avia-builder-el-no-sibling  avia-align-center '  itemprop=\"image\" itemscope=\"itemscope\" itemtype=\"https:\/\/schema.org\/ImageObject\"  ><div class='avia-image-container-inner'><div class='avia-image-overlay-wrap'><img decoding=\"async\" class='wp-image-13746 avia-img-lazy-loading-not-13746 avia_image' src=\"https:\/\/radiorevelacionfm.cl\/wp-content\/uploads\/2022\/02\/MIGRACIONES-PASOS-FRONTERIZOS-3-2-2.jpg\" alt='' title='MIGRACIONES PASOS FRONTERIZOS 3-2-2' height=\"600\" width=\"900\"  itemprop=\"thumbnailUrl\" srcset=\"https:\/\/radiorevelacionfm.cl\/wp-content\/uploads\/2022\/02\/MIGRACIONES-PASOS-FRONTERIZOS-3-2-2.jpg 900w, https:\/\/radiorevelacionfm.cl\/wp-content\/uploads\/2022\/02\/MIGRACIONES-PASOS-FRONTERIZOS-3-2-2-300x200.jpg 300w, https:\/\/radiorevelacionfm.cl\/wp-content\/uploads\/2022\/02\/MIGRACIONES-PASOS-FRONTERIZOS-3-2-2-768x512.jpg 768w, https:\/\/radiorevelacionfm.cl\/wp-content\/uploads\/2022\/02\/MIGRACIONES-PASOS-FRONTERIZOS-3-2-2-705x470.jpg 705w, https:\/\/radiorevelacionfm.cl\/wp-content\/uploads\/2022\/02\/MIGRACIONES-PASOS-FRONTERIZOS-3-2-2-600x400.jpg 600w\" sizes=\"(max-width: 900px) 100vw, 900px\" \/><\/div><\/div><\/div><\/div>\n<div class=\"flex_column av_one_full  flex_column_div av-zero-column-padding first  avia-builder-el-2  el_after_av_one_full  el_before_av_one_full  column-top-margin\" style='border-radius:0px; '><section class=\"av_textblock_section \"  itemscope=\"itemscope\" itemtype=\"https:\/\/schema.org\/BlogPosting\" itemprop=\"blogPost\" ><div class='avia_textblock  '   itemprop=\"text\" ><p style=\"text-align: center;\"><strong><span style=\"font-size: 18pt;\">Balance control fronterizo: 10.624 controlados report\u00f3 PDI en pasos habilitados de la regi\u00f3n durante 2021<\/span><\/strong><\/p>\n<div id=\"gtx-trans\" style=\"position: absolute; left: -50px; top: 4.31534px;\">\n<div class=\"gtx-trans-icon\"><\/div>\n<\/div>\n<\/div><\/section><\/div><div class=\"flex_column av_one_full  flex_column_div av-zero-column-padding first  avia-builder-el-4  el_after_av_one_full  el_before_av_hr  column-top-margin\" style='border-radius:0px; '><section class=\"av_textblock_section \"  itemscope=\"itemscope\" itemtype=\"https:\/\/schema.org\/BlogPosting\" itemprop=\"blogPost\" ><div class='avia_textblock  '   itemprop=\"text\" ><p style=\"text-align: justify;\">Debido a las medidas adoptadas para el control de la pandemia a nivel nacional, una de las \u00e1reas que experiment\u00f3 grandes cambios durante el 2020 y 2021 producto de la crisis sanitaria fue la de Migraciones y Polic\u00eda Internacional, teniendo que reorientar el trabajo para apoyar el control en las barreras sanitarias y continuar resguardando el control en los pasos fronterizos habilitados de la regi\u00f3n.<\/p>\n<p style=\"text-align: justify;\">En ese sentido, a nivel regional, tras el cierre de las fronteras terrestres para el ingreso y salida de ciudadanos desde y hacia Argentina, como medida preventiva para evitar la propagaci\u00f3n del coronavirus a nivel nacional, la subcomisaria Cynthia Berm\u00fadez, jefa del Departamento de Migraciones y Polic\u00eda Internacional Coyhaique, record\u00f3 que \u201cdurante el a\u00f1o 2021 los pasos fronterizos Huemules y Jeinimeni fueron los \u00fanicos que estuvieron habilitados de manera excepcional para asegurar el abastecimiento de la regi\u00f3n de Ays\u00e9n\u201d.<\/p>\n<p style=\"text-align: justify;\">As\u00ed, la subcomisaria Berm\u00fadez destac\u00f3 que \u201cdesde enero a diciembre los detectives y funcionarios del Departamento de Migraciones y Polic\u00eda Internacional, estuvieron presentes en estos pasos fronterizos controlando el flujo migratorio bajo las exigencias establecidas por nuestra reglamentaci\u00f3n\u201d.<\/p>\n<p style=\"text-align: justify;\">Ahora bien, a modo de balance, la jefa de la unidad especializada indic\u00f3 que \u201cdurante el a\u00f1o 2021 se control\u00f3 un total de 10.624 personas entre entrados y salidos de ambos pasos, la gran mayor\u00eda de estos controlados se registr\u00f3 en el paso Huemules con 9.875 personas, esto se debe a que Huemules era el \u00fanico paso habilitado en la regi\u00f3n para ingreso y salida de casos humanitarios ante el cierre de fronteras\u201d.<\/p>\n<p style=\"text-align: justify;\">\u201cSi lo comparamos con el a\u00f1o 2020, espec\u00edficamente entre enero y marzo fecha en la cual se decret\u00f3 el cierre de fronteras, registramos una gran disminuci\u00f3n, ya que en estos tres meses se contabilizaron un total de 115.369 personas, ahora bien, si nos vamos m\u00e1s atr\u00e1s al 2019 el cual era un a\u00f1o normal, entre enero y marzo se control\u00f3 una cantidad de 337.037 personas\u201d, puntualiz\u00f3 la subcomisaria Cynthia Berm\u00fadez.<\/p>\n<p style=\"text-align: justify;\">Cabe recordar que, \u201choy en d\u00eda los detectives y funcionarios del Departamento de Migraciones y Polic\u00eda Internacional Coyhaique contin\u00faan controlando los pasos fronterizos Huemules y Jeinimeni, realizando el control de las personas que ingresan y salen de nuestro territorio nacional por estos pasos los cuales son unos de los pocos pasos habilitados a nivel nacional para el ingreso y salida de personas y turistas de nuestro pa\u00eds\u201d, finaliz\u00f3 la jefa de Migraciones Coyhaique.<\/p>\n<p style=\"text-align: justify;\"><strong>Algunos de los requisitos son:<\/strong><\/p>\n<ul style=\"text-align: justify;\">\n<li>Horario de atenci\u00f3n de 8:00 a 16:00 horas<\/li>\n<li>Vacunaci\u00f3n completa<\/li>\n<li>Pase movilidad<\/li>\n<li>PCR negativo<\/li>\n<li>Carnet vigente<\/li>\n<li>Cumplir con requisitos y exigencias de las autoridades<\/li>\n<\/ul>\n<\/div><\/section><\/div><\/p>\n<div  style='height:50px' class='hr hr-invisible   avia-builder-el-6  el_after_av_one_full  el_before_av_social_share '><span class='hr-inner ' ><span class='hr-inner-style'><\/span><\/span><\/div>\n<div  class='av-social-sharing-box  avia-builder-el-7  el_after_av_hr  el_before_av_hr  '><div class='av-share-box'><h5 class='av-share-link-description av-no-toc '>Compartir esta noticia<\/h5><ul class='av-share-box-list noLightbox'><li class='av-share-link av-social-link-facebook' ><a target=\"_blank\" aria-label=\"Compartir en Facebook\" href='https:\/\/www.facebook.com\/sharer.php?u=https:\/\/radiorevelacionfm.cl\/?p=13745&#038;t=Balance%20control%20fronterizo%3A%2010.624%20controlados%20report%C3%B3%20PDI%20en%20pasos%20habilitados%20de%20la%20regi%C3%B3n%20durante%202021' aria-hidden='false' data-av_icon='\ue8f3' data-av_iconfont='entypo-fontello' title='' data-avia-related-tooltip='Compartir en Facebook' rel=\"noopener\"><span class='avia_hidden_link_text'>Compartir en Facebook<\/span><\/a><\/li><li class='av-share-link av-social-link-twitter' ><a target=\"_blank\" aria-label=\"Compartir en Twitter\" href='https:\/\/twitter.com\/share?text=Balance%20control%20fronterizo%3A%2010.624%20controlados%20report%C3%B3%20PDI%20en%20pasos%20habilitados%20de%20la%20regi%C3%B3n%20durante%202021&#038;url=https:\/\/radiorevelacionfm.cl\/?p=13745' aria-hidden='false' data-av_icon='\ue8f1' data-av_iconfont='entypo-fontello' title='' data-avia-related-tooltip='Compartir en Twitter' rel=\"noopener\"><span class='avia_hidden_link_text'>Compartir en Twitter<\/span><\/a><\/li><li class='av-share-link av-social-link-whatsapp' ><a target=\"_blank\" aria-label=\"Compartir en Whatsapp\" href='https:\/\/api.whatsapp.com\/send?text=https:\/\/radiorevelacionfm.cl\/?p=13745' aria-hidden='false' data-av_icon='\uf232' data-av_iconfont='entypo-fontello' title='' data-avia-related-tooltip='Compartir en Whatsapp' rel=\"noopener\"><span class='avia_hidden_link_text'>Compartir en Whatsapp<\/span><\/a><\/li><li class='av-share-link av-social-link-linkedin' ><a target=\"_blank\" aria-label=\"Compartir en LinkedIn\" href='https:\/\/linkedin.com\/shareArticle?mini=true&#038;title=Balance%20control%20fronterizo%3A%2010.624%20controlados%20report%C3%B3%20PDI%20en%20pasos%20habilitados%20de%20la%20regi%C3%B3n%20durante%202021&#038;url=https:\/\/radiorevelacionfm.cl\/?p=13745' aria-hidden='false' data-av_icon='\ue8fc' data-av_iconfont='entypo-fontello' title='' data-avia-related-tooltip='Compartir en LinkedIn' rel=\"noopener\"><span class='avia_hidden_link_text'>Compartir en LinkedIn<\/span><\/a><\/li><li class='av-share-link av-social-link-mail' ><a  aria-label=\"Compartir por correo\" href='mailto:?subject=Balance%20control%20fronterizo%3A%2010.624%20controlados%20report%C3%B3%20PDI%20en%20pasos%20habilitados%20de%20la%20regi%C3%B3n%20durante%202021&#038;body=https:\/\/radiorevelacionfm.cl\/?p=13745' aria-hidden='false' data-av_icon='\ue805' data-av_iconfont='entypo-fontello' title='' data-avia-related-tooltip='Compartir por correo'><span class='avia_hidden_link_text'>Compartir por correo<\/span><\/a><\/li><\/ul><\/div><\/div>\n<div  style='height:50px' class='hr hr-invisible   avia-builder-el-8  el_after_av_social_share  el_before_av_comments_list '><span class='hr-inner ' ><span class='hr-inner-style'><\/span><\/span><\/div>\n<div  class='av-buildercomment  av-blog-meta-html-info-disabled av-blog-meta-tag-disabled  '><\/div>\n","protected":false},"excerpt":{"rendered":"","protected":false},"author":1,"featured_media":13746,"comment_status":"open","ping_status":"open","sticky":false,"template":"","format":"standard","meta":{"footnotes":""},"categories":[36],"tags":[],"class_list":["post-13745","post","type-post","status-publish","format-standard","has-post-thumbnail","hentry","category-policial"],"jetpack_featured_media_url":"https:\/\/radiorevelacionfm.cl\/wp-content\/uploads\/2022\/02\/MIGRACIONES-PASOS-FRONTERIZOS-3-2-2.jpg","_links":{"self":[{"href":"https:\/\/radiorevelacionfm.cl\/index.php?rest_route=\/wp\/v2\/posts\/13745","targetHints":{"allow":["GET"]}}],"collection":[{"href":"https:\/\/radiorevelacionfm.cl\/index.php?rest_route=\/wp\/v2\/posts"}],"about":[{"href":"https:\/\/radiorevelacionfm.cl\/index.php?rest_route=\/wp\/v2\/types\/post"}],"author":[{"embeddable":true,"href":"https:\/\/radiorevelacionfm.cl\/index.php?rest_route=\/wp\/v2\/users\/1"}],"replies":[{"embeddable":true,"href":"https:\/\/radiorevelacionfm.cl\/index.php?rest_route=%2Fwp%2Fv2%2Fcomments&post=13745"}],"version-history":[{"count":3,"href":"https:\/\/radiorevelacionfm.cl\/index.php?rest_route=\/wp\/v2\/posts\/13745\/revisions"}],"predecessor-version":[{"id":13748,"href":"https:\/\/radiorevelacionfm.cl\/index.php?rest_route=\/wp\/v2\/posts\/13745\/revisions\/13748"}],"wp:featuredmedia":[{"embeddable":true,"href":"https:\/\/radiorevelacionfm.cl\/index.php?rest_route=\/wp\/v2\/media\/13746"}],"wp:attachment":[{"href":"https:\/\/radiorevelacionfm.cl\/index.php?rest_route=%2Fwp%2Fv2%2Fmedia&parent=13745"}],"wp:term":[{"taxonomy":"category","embeddable":true,"href":"https:\/\/radiorevelacionfm.cl\/index.php?rest_route=%2Fwp%2Fv2%2Fcategories&post=13745"},{"taxonomy":"post_tag","embeddable":true,"href":"https:\/\/radiorevelacionfm.cl\/index.php?rest_route=%2Fwp%2Fv2%2Ftags&post=13745"}],"curies":[{"name":"wp","href":"https:\/\/api.w.org\/{rel}","templated":true}]}}