{"id":13730,"date":"2022-02-13T23:27:57","date_gmt":"2022-02-14T02:27:57","guid":{"rendered":"https:\/\/radiorevelacionfm.cl\/?p=13730"},"modified":"2022-02-13T23:27:57","modified_gmt":"2022-02-14T02:27:57","slug":"puerto-aysen-menor-de-14-anos-es-encontrado-sin-vida-en-desembocadura-de-lago-riesco","status":"publish","type":"post","link":"https:\/\/radiorevelacionfm.cl\/?p=13730","title":{"rendered":"Puerto Ays\u00e9n: Menor de 14 a\u00f1os es encontrado sin vida en desembocadura de Lago Riesco"},"content":{"rendered":"<div class=\"flex_column av_one_full  flex_column_div av-zero-column-padding first  avia-builder-el-0  el_before_av_one_full  avia-builder-el-first  \" style='border-radius:0px; '><div  class='avia-image-container  av-styling-    avia-builder-el-1  avia-builder-el-no-sibling  avia-align-center '  itemprop=\"image\" itemscope=\"itemscope\" itemtype=\"https:\/\/schema.org\/ImageObject\"  ><div class='avia-image-container-inner'><div class='avia-image-overlay-wrap'><img decoding=\"async\" class='wp-image-0 avia-img-lazy-loading-not-0 avia_image' src=\"http:\/\/radiorevelacionfm.cl\/wp-content\/uploads\/2020\/12\/7ee21_th2.jpg\" alt='' title=''   itemprop=\"thumbnailUrl\"  \/><\/div><\/div><\/div><\/div>\n<div class=\"flex_column av_one_full  flex_column_div av-zero-column-padding first  avia-builder-el-2  el_after_av_one_full  el_before_av_one_full  column-top-margin\" style='border-radius:0px; '><section class=\"av_textblock_section \"  itemscope=\"itemscope\" itemtype=\"https:\/\/schema.org\/BlogPosting\" itemprop=\"blogPost\" ><div class='avia_textblock  '   itemprop=\"text\" ><p style=\"text-align: center;\"><strong><span style=\"font-size: 18pt;\">Puerto Ays\u00e9n: Menor de 14 a\u00f1os es encontrado sin vida en desembocadura de Lago Riesco<\/span><\/strong><\/p>\n<div id=\"gtx-trans\" style=\"position: absolute; left: -50px; top: 4.31534px;\">\n<div class=\"gtx-trans-icon\"><\/div>\n<\/div>\n<\/div><\/section><\/div><div class=\"flex_column av_one_full  flex_column_div av-zero-column-padding first  avia-builder-el-4  el_after_av_one_full  el_before_av_hr  column-top-margin\" style='border-radius:0px; '><section class=\"av_textblock_section \"  itemscope=\"itemscope\" itemtype=\"https:\/\/schema.org\/BlogPosting\" itemprop=\"blogPost\" ><div class='avia_textblock  '   itemprop=\"text\" ><p style=\"text-align: justify;\">En la jornada de este domingo &#8211; 13 de febrero &#8211; en Puerto Ays\u00e9n se \u00a0activaron las alarmas, dando cuenta de una emergencia en el sector de Lago Riesco, donde se informaba la desaparici\u00f3n de una persona.<\/p>\n<p style=\"text-align: justify;\">Posteriormente los antecedentes indicaban que se trataba de un menor de edad, el cual se encontraba desaparecido, en el sector desembocadura del Lago Riesco, tras activarse el ABC las Unidades de Emergencia se abocaron a la b\u00fasqueda, con el trabajo de Bomberos, Carabineros y la Armada que se unieron a la b\u00fasqueda del menor de tan solo 14 a\u00f1os de edad, de sexo masculino.<\/p>\n<p style=\"text-align: justify;\">Tras el intenso trabajo con equipamiento especializado (robot), horas mas tarde el equipo del Grupo Especial de Rescate Subacu\u00e1tico, GERSA, del Cuerpo de Bomberos de Ays\u00e9n, logr\u00f3 encontrar el cuerpo del menor, fallecido.<\/p>\n<p style=\"text-align: justify;\">Informaci\u00f3n que confirmada por el 2do. Comandante, Mauret, se\u00f1alando que el hallazgo se realiz\u00f3 en la desembocadura del Lago Riesco. \u201cLamentablemente tenemos que informar de la tragedia que afecta a una familia de Ays\u00e9n, estamos nosotros trabajando aqu\u00ed en la desembocadura del Lago Riesco y lamentablemente se encontr\u00f3 el cuerpo de un joven menor de edad sin vida\u201d.<\/p>\n<p style=\"text-align: justify;\">Los antecedentes fueron puestos a disposici\u00f3n de la Fiscal\u00eda de Ays\u00e9n, en tanto el\u00a0cuerpo del menor derivado al Servicio M\u00e9dico Legal, para la respectiva autopsia.<\/p>\n<\/div><\/section><\/div><div  style='height:50px' class='hr hr-invisible   avia-builder-el-6  el_after_av_one_full  el_before_av_social_share '><span class='hr-inner ' ><span class='hr-inner-style'><\/span><\/span><\/div><\/p>\n<div  class='av-social-sharing-box  avia-builder-el-7  el_after_av_hr  el_before_av_hr  '><div class='av-share-box'><h5 class='av-share-link-description av-no-toc '>Compartir esta noticia<\/h5><ul class='av-share-box-list noLightbox'><li class='av-share-link av-social-link-facebook' ><a target=\"_blank\" aria-label=\"Compartir en Facebook\" href='https:\/\/www.facebook.com\/sharer.php?u=https:\/\/radiorevelacionfm.cl\/?p=13730&#038;t=Puerto%20Ays%C3%A9n%3A%20Menor%20de%2014%20a%C3%B1os%20es%20encontrado%20sin%20vida%20en%20desembocadura%20de%20Lago%20Riesco' aria-hidden='false' data-av_icon='\ue8f3' data-av_iconfont='entypo-fontello' title='' data-avia-related-tooltip='Compartir en Facebook' rel=\"noopener\"><span class='avia_hidden_link_text'>Compartir en Facebook<\/span><\/a><\/li><li class='av-share-link av-social-link-twitter' ><a target=\"_blank\" aria-label=\"Compartir en Twitter\" href='https:\/\/twitter.com\/share?text=Puerto%20Ays%C3%A9n%3A%20Menor%20de%2014%20a%C3%B1os%20es%20encontrado%20sin%20vida%20en%20desembocadura%20de%20Lago%20Riesco&#038;url=https:\/\/radiorevelacionfm.cl\/?p=13730' aria-hidden='false' data-av_icon='\ue8f1' data-av_iconfont='entypo-fontello' title='' data-avia-related-tooltip='Compartir en Twitter' rel=\"noopener\"><span class='avia_hidden_link_text'>Compartir en Twitter<\/span><\/a><\/li><li class='av-share-link av-social-link-whatsapp' ><a target=\"_blank\" aria-label=\"Compartir en Whatsapp\" href='https:\/\/api.whatsapp.com\/send?text=https:\/\/radiorevelacionfm.cl\/?p=13730' aria-hidden='false' data-av_icon='\uf232' data-av_iconfont='entypo-fontello' title='' data-avia-related-tooltip='Compartir en Whatsapp' rel=\"noopener\"><span class='avia_hidden_link_text'>Compartir en Whatsapp<\/span><\/a><\/li><li class='av-share-link av-social-link-linkedin' ><a target=\"_blank\" aria-label=\"Compartir en LinkedIn\" href='https:\/\/linkedin.com\/shareArticle?mini=true&#038;title=Puerto%20Ays%C3%A9n%3A%20Menor%20de%2014%20a%C3%B1os%20es%20encontrado%20sin%20vida%20en%20desembocadura%20de%20Lago%20Riesco&#038;url=https:\/\/radiorevelacionfm.cl\/?p=13730' aria-hidden='false' data-av_icon='\ue8fc' data-av_iconfont='entypo-fontello' title='' data-avia-related-tooltip='Compartir en LinkedIn' rel=\"noopener\"><span class='avia_hidden_link_text'>Compartir en LinkedIn<\/span><\/a><\/li><li class='av-share-link av-social-link-mail' ><a  aria-label=\"Compartir por correo\" href='mailto:?subject=Puerto%20Ays%C3%A9n%3A%20Menor%20de%2014%20a%C3%B1os%20es%20encontrado%20sin%20vida%20en%20desembocadura%20de%20Lago%20Riesco&#038;body=https:\/\/radiorevelacionfm.cl\/?p=13730' aria-hidden='false' data-av_icon='\ue805' data-av_iconfont='entypo-fontello' title='' data-avia-related-tooltip='Compartir por correo'><span class='avia_hidden_link_text'>Compartir por correo<\/span><\/a><\/li><\/ul><\/div><\/div>\n<div  style='height:50px' class='hr hr-invisible   avia-builder-el-8  el_after_av_social_share  el_before_av_comments_list '><span class='hr-inner ' ><span class='hr-inner-style'><\/span><\/span><\/div>\n<div  class='av-buildercomment  av-blog-meta-html-info-disabled av-blog-meta-tag-disabled  '><\/div>\n","protected":false},"excerpt":{"rendered":"","protected":false},"author":1,"featured_media":13731,"comment_status":"open","ping_status":"open","sticky":false,"template":"","format":"standard","meta":{"footnotes":""},"categories":[38],"tags":[],"class_list":["post-13730","post","type-post","status-publish","format-standard","has-post-thumbnail","hentry","category-regional"],"jetpack_featured_media_url":"https:\/\/radiorevelacionfm.cl\/wp-content\/uploads\/2022\/02\/image-52-2_optimized.jpg","_links":{"self":[{"href":"https:\/\/radiorevelacionfm.cl\/index.php?rest_route=\/wp\/v2\/posts\/13730","targetHints":{"allow":["GET"]}}],"collection":[{"href":"https:\/\/radiorevelacionfm.cl\/index.php?rest_route=\/wp\/v2\/posts"}],"about":[{"href":"https:\/\/radiorevelacionfm.cl\/index.php?rest_route=\/wp\/v2\/types\/post"}],"author":[{"embeddable":true,"href":"https:\/\/radiorevelacionfm.cl\/index.php?rest_route=\/wp\/v2\/users\/1"}],"replies":[{"embeddable":true,"href":"https:\/\/radiorevelacionfm.cl\/index.php?rest_route=%2Fwp%2Fv2%2Fcomments&post=13730"}],"version-history":[{"count":2,"href":"https:\/\/radiorevelacionfm.cl\/index.php?rest_route=\/wp\/v2\/posts\/13730\/revisions"}],"predecessor-version":[{"id":13733,"href":"https:\/\/radiorevelacionfm.cl\/index.php?rest_route=\/wp\/v2\/posts\/13730\/revisions\/13733"}],"wp:featuredmedia":[{"embeddable":true,"href":"https:\/\/radiorevelacionfm.cl\/index.php?rest_route=\/wp\/v2\/media\/13731"}],"wp:attachment":[{"href":"https:\/\/radiorevelacionfm.cl\/index.php?rest_route=%2Fwp%2Fv2%2Fmedia&parent=13730"}],"wp:term":[{"taxonomy":"category","embeddable":true,"href":"https:\/\/radiorevelacionfm.cl\/index.php?rest_route=%2Fwp%2Fv2%2Fcategories&post=13730"},{"taxonomy":"post_tag","embeddable":true,"href":"https:\/\/radiorevelacionfm.cl\/index.php?rest_route=%2Fwp%2Fv2%2Ftags&post=13730"}],"curies":[{"name":"wp","href":"https:\/\/api.w.org\/{rel}","templated":true}]}}