{"id":13723,"date":"2022-02-13T17:49:19","date_gmt":"2022-02-13T20:49:19","guid":{"rendered":"https:\/\/radiorevelacionfm.cl\/?p=13723"},"modified":"2022-02-13T17:49:19","modified_gmt":"2022-02-13T20:49:19","slug":"luego-de-10-anos-de-trabajo-resonador-nuclear-magnetico-arribo-a-la-region-de-aysen","status":"publish","type":"post","link":"https:\/\/radiorevelacionfm.cl\/?p=13723","title":{"rendered":"Luego de 10 a\u00f1os de trabajo: Resonador nuclear magn\u00e9tico arrib\u00f3 a la regi\u00f3n de Ays\u00e9n"},"content":{"rendered":"<div class=\"flex_column av_one_full  flex_column_div av-zero-column-padding first  avia-builder-el-0  el_before_av_one_full  avia-builder-el-first  \" style='border-radius:0px; '><div  class='avia-image-container  av-styling-    avia-builder-el-1  avia-builder-el-no-sibling  avia-align-center '  itemprop=\"image\" itemscope=\"itemscope\" itemtype=\"https:\/\/schema.org\/ImageObject\"  ><div class='avia-image-container-inner'><div class='avia-image-overlay-wrap'><img decoding=\"async\" class='wp-image-13724 avia-img-lazy-loading-not-13724 avia_image' src=\"https:\/\/radiorevelacionfm.cl\/wp-content\/uploads\/2022\/02\/resonador_5_130222-2_optimized.jpg\" alt='' title='resonador_5_130222-2_optimized' height=\"600\" width=\"800\"  itemprop=\"thumbnailUrl\" srcset=\"https:\/\/radiorevelacionfm.cl\/wp-content\/uploads\/2022\/02\/resonador_5_130222-2_optimized.jpg 800w, https:\/\/radiorevelacionfm.cl\/wp-content\/uploads\/2022\/02\/resonador_5_130222-2_optimized-300x225.jpg 300w, https:\/\/radiorevelacionfm.cl\/wp-content\/uploads\/2022\/02\/resonador_5_130222-2_optimized-768x576.jpg 768w, https:\/\/radiorevelacionfm.cl\/wp-content\/uploads\/2022\/02\/resonador_5_130222-2_optimized-705x529.jpg 705w, https:\/\/radiorevelacionfm.cl\/wp-content\/uploads\/2022\/02\/resonador_5_130222-2_optimized-600x450.jpg 600w\" sizes=\"(max-width: 800px) 100vw, 800px\" \/><\/div><\/div><\/div><\/div><div class=\"flex_column av_one_full  flex_column_div av-zero-column-padding first  avia-builder-el-2  el_after_av_one_full  el_before_av_one_full  column-top-margin\" style='border-radius:0px; '><section class=\"av_textblock_section \"  itemscope=\"itemscope\" itemtype=\"https:\/\/schema.org\/BlogPosting\" itemprop=\"blogPost\" ><div class='avia_textblock  '   itemprop=\"text\" ><h2 class=\"title\" style=\"text-align: center;\"><span style=\"font-size: 18pt;\"><b><span lang=\"ES-TRAD\">Luego de 10 a\u00f1os de trabajo: Resonador nuclear magn<\/span><\/b><b><span lang=\"FR\">\u00e9<\/span><\/b><b><span lang=\"ES-TRAD\">tico arrib<\/span><\/b><b>\u00f3 <\/b><b><span lang=\"IT\">a la regi<\/span><\/b><b><span lang=\"ES-TRAD\">\u00f3n de Ays<\/span><\/b><b><span lang=\"FR\">\u00e9<\/span><\/b><b>n<\/b><\/span><\/h2>\n<div>\n<p class=\"Predeterminado\">\n<\/div>\n<div id=\"gtx-trans\" style=\"position: absolute; left: -50px; top: 4.31534px;\">\n<div class=\"gtx-trans-icon\"><\/div>\n<\/div>\n<\/div><\/section><\/div><div class=\"flex_column av_one_full  flex_column_div av-zero-column-padding first  avia-builder-el-4  el_after_av_one_full  el_before_av_hr  column-top-margin\" style='border-radius:0px; '><section class=\"av_textblock_section \"  itemscope=\"itemscope\" itemtype=\"https:\/\/schema.org\/BlogPosting\" itemprop=\"blogPost\" ><div class='avia_textblock  '   itemprop=\"text\" ><div style=\"text-align: justify;\"><span lang=\"ES-TRAD\">Un importante avance para la salud p<\/span>\u00fa<span lang=\"ES-TRAD\">blica de la regi\u00f3n de Ays<\/span><span lang=\"FR\">\u00e9<\/span><span lang=\"ES-TRAD\">n se vivi<\/span>\u00f3 <span lang=\"ES-TRAD\">este fin de semana, tras el arribo del equipamiento que dar<\/span>\u00e1 <span lang=\"ES-TRAD\">vida a la Unidad de Resonancia Magn<\/span><span lang=\"FR\">\u00e9<\/span><span lang=\"ES-TRAD\">tica del Hospital Regional Coyhaique; la cual permitir<\/span>\u00e1 <span lang=\"PT\">entregar diagn<\/span><span lang=\"ES-TRAD\">\u00f3<\/span><span lang=\"PT\">sticos m<\/span>\u00e1<span lang=\"ES-TRAD\">s oportunos a los miles de pacientes que anualmente necesitan hacerse este examen.<\/span><\/div>\n<div style=\"text-align: justify;\">\n<p class=\"Predeterminado\"><span lang=\"ES-TRAD\">El proyecto, anclado en el Hospital Regional Coyhaique, que contempla una superficie de acci\u00f3n de 182 metros cuadrados, ampliar<\/span>\u00e1 <span lang=\"ES-TRAD\">la cartera de prestaciones del <\/span>\u00fa<span lang=\"ES-TRAD\">nico hospital de alta complejidad de la regi\u00f3n de Ays<\/span><span lang=\"FR\">\u00e9<\/span><span lang=\"PT\">n, evitando as<\/span>\u00ed <span lang=\"ES-TRAD\">el desarraigo de cientos de personas que deben salir fuera de la regi\u00f3n para ser atendidos, lo que, en tiempos de pandemia, se ha vuelto un proceso a<\/span>\u00fan m\u00e1<span lang=\"ES-TRAD\">s complejo.<\/span><\/p>\n<\/div>\n<div style=\"text-align: justify;\">\n<p class=\"Predeterminado\"><span dir=\"RTL\" lang=\"AR-SA\">\u201c<\/span><span lang=\"ES-TRAD\">Hoy d<\/span>\u00ed<span lang=\"ES-TRAD\">a ha llegado el resonador para poder implementarse y esperamos a fines de este semestre o inicios del pr\u00f3ximo que comience sus atenciones. Esta es una necesidad sentida de la poblaci\u00f3n de poder contar con este tipo de ex<\/span>\u00e1<span lang=\"ES-TRAD\">menes, ya que deb<\/span>\u00ed<span lang=\"ES-TRAD\">an salir fuera de la regi\u00f3n por lo cual es muy importante entregarles este tipo de acceso y con ello, la posibilidad de solucionarles cada una de las patolog<\/span>\u00ed<span lang=\"PT\">as a trav<\/span><span lang=\"FR\">\u00e9<\/span><span lang=\"ES-TRAD\">s de un diagn\u00f3<\/span><span lang=\"PT\">stico oportuno;<\/span>\u00a0 raz<span lang=\"ES-TRAD\">\u00f3n por la cual agradecemos el trabajo realizado por cada uno de los equipos del <\/span>\u00e1rea t<span lang=\"FR\">\u00e9<\/span><span lang=\"IT\">cnica m<\/span><span lang=\"FR\">\u00e9<\/span><span lang=\"ES-TRAD\">dica y de la empresa, porque ha habido un trabajo mancomunado de todo el intersector y por supuesto, al Gobierno Regional.<\/span>\u201d<span lang=\"PT\">, indic<\/span>\u00f3 <span lang=\"ES-TRAD\">Gabriel Burgos, Director del Servicio de Salud Ays<\/span><span lang=\"FR\">\u00e9<\/span><span lang=\"ES-TRAD\">n, valorando el Convenio de Programaci\u00f3n GORE-MINSAL, que hizo posible la adquisici\u00f3n y habilitaci\u00f3n de la Unidad de Resonancia Magn<\/span><span lang=\"FR\">\u00e9<\/span><span lang=\"ES-TRAD\">tica del HRC, cuya inversi\u00f3<\/span><span lang=\"EN-US\">n es de $2.300.750 millones.<\/span><\/p>\n<\/div>\n<div style=\"text-align: justify;\">\n<p class=\"Predeterminado\"><span lang=\"ES-TRAD\">Al respecto, el Gobernador Regional (S) de Ays<\/span><span lang=\"FR\">\u00e9<\/span><span lang=\"PT\">n, Francisco Lara, destac<\/span>\u00f3 c<span lang=\"ES-TRAD\">\u00f3<\/span><span lang=\"IT\">mo la tecnolog<\/span>\u00ed<span lang=\"IT\">a e innovaci<\/span><span lang=\"ES-TRAD\">\u00f3n en salud son un aporte invaluable en la descentralizaci\u00f3n y calidad de vida de los habitantes de la regi\u00f3n de Ays<\/span><span lang=\"FR\">\u00e9<\/span>n.<\/p>\n<\/div>\n<div style=\"text-align: justify;\">\n<p class=\"Predeterminado\"><span dir=\"RTL\" lang=\"AR-SA\">\u201c<\/span><span lang=\"ES-TRAD\">Manifestar la alegr<\/span>\u00ed<span lang=\"ES-TRAD\">a por parte del Gobierno Regional, que este proyecto del Resonador Magn<\/span><span lang=\"FR\">\u00e9<\/span><span lang=\"ES-TRAD\">tico para el Hospital Regional de Coyhaique y para toda la regi\u00f3n, est<\/span><span lang=\"FR\">\u00e9 <\/span><span lang=\"ES-TRAD\">llegando a su lugar definitivo y que sea un gran aporte para solucionar las brechas que existen en materia de salud, puntualmente para tomar decisiones cl<\/span>\u00ed<span lang=\"ES-TRAD\">nicas y tener im<\/span>\u00e1<span lang=\"ES-TRAD\">genes, ganando as<\/span>\u00ed<span lang=\"ES-TRAD\">, el tiempo necesario evitando que nuestros pacientes vayan fuera de la regi\u00f3<\/span>n\u201d<span lang=\"ES-TRAD\">, recalc<\/span>\u00f3 <span lang=\"PT\">la autoridad.<\/span><\/p>\n<\/div>\n<div style=\"text-align: justify;\">\n<p class=\"Predeterminado\"><b>EL PROYECTO: <\/b><b><span lang=\"ES-TRAD\">\u00bf<\/span><\/b><b>C\u00d3<\/b><b><span lang=\"DE\">MO BENEFICIAR<\/span><\/b><b>\u00c1 <\/b><b><span lang=\"ES-TRAD\">A LA COMUNIDAD?<\/span><\/b><\/p>\n<\/div>\n<div style=\"text-align: justify;\">\n<p class=\"Predeterminado\">\n<\/div>\n<div style=\"text-align: justify;\">\n<p class=\"Predeterminado\"><span lang=\"ES-TRAD\">Tal como lo describi<\/span>\u00f3 <span lang=\"ES-TRAD\">el Director del Hospital Regional Coyhaique, Jaime L\u00f3pez, el pasado s<\/span>\u00e1<span lang=\"ES-TRAD\">bado 12 de febrero en la ceremonia de recepci\u00f3n del equipamiento ante las autoridades, representantes de la sociedad civil y trabajadores de la salud presentes, los inicios de este proyecto se remontan al a\u00f1o 2013, cuando los equipos de salud plasmaron la necesidad de contar con un Resonador Magn<\/span><span lang=\"FR\">\u00e9<\/span>tico. El a<span lang=\"ES-TRAD\">\u00f1<\/span><span lang=\"IT\">o 2017 se present<\/span>\u00f3 <span lang=\"ES-TRAD\">el proyecto al Gobierno Regional de Ays<\/span><span lang=\"FR\">\u00e9<\/span>n, asign\u00e1<span lang=\"ES-TRAD\">ndose los fondos necesarios. Debido a la pandemia, hubo un importante atraso en el comienzo de las obras de habilitaci\u00f3n, que finalmente comenzaron en julio de 2022, siendo adjudicado el proyecto a la empresa Philips S.A, con la adquisici\u00f3n del equipo Ingenia Ambici\u00f3n de 1,5 Tesla (potencial de campo magn<\/span><span lang=\"FR\">\u00e9<\/span><span lang=\"ES-TRAD\">tico). Al ser un equipo de <\/span>\u00fa<span lang=\"ES-TRAD\">ltima generaci\u00f3n, el HRC se convierte en el segundo<\/span> <span lang=\"PT\">hospital p<\/span>\u00fa<span lang=\"IT\">blico del pa<\/span>\u00ed<span lang=\"ES-TRAD\">s en contar con esta importante tecnolog<\/span>\u00ed<span lang=\"ES-TRAD\">a, apoyando el diagn\u00f3<\/span><span lang=\"IT\">stico m<\/span>\u00e1<span lang=\"ES-TRAD\">s certero y oportuno de patolog<\/span>\u00ed<span lang=\"ES-TRAD\">as derivadas de las distintas especialidades, como Neurolog<\/span>\u00ed<span lang=\"NL\">a, Neurocirug<\/span>\u00ed<span lang=\"PT\">a, Pediatr<\/span>\u00ed<span lang=\"IT\">a, Cardiolog<\/span>\u00ed<span lang=\"ES-TRAD\">a, Obstetricia y Ginecolog<\/span>\u00ed<span lang=\"ES-TRAD\">a y Oncolog<\/span>\u00ed<span lang=\"ES-TRAD\">a, lo que, sin duda, permitir<\/span>\u00e1 <span lang=\"PT\">atender a m<\/span>\u00e1<span lang=\"ES-TRAD\">s de 2000 personas al a\u00f1o y, por ende, salvar vidas.<\/span><\/p>\n<\/div>\n<div style=\"text-align: justify;\">\n<p class=\"Predeterminado\"><span lang=\"ES-TRAD\">En cuanto a su funcionamiento, desde el <\/span>\u00e1<span lang=\"IT\">mbito t<\/span><span lang=\"FR\">\u00e9<\/span><span lang=\"ES-TRAD\">cnico y del recurso humano requerido, el M<\/span><span lang=\"FR\">\u00e9<\/span><span lang=\"IT\">dico Radi<\/span><span lang=\"ES-TRAD\">\u00f3logo y jefe de la Unidad de Imagenolog<\/span>\u00eda, Iv\u00e1<span lang=\"IT\">n Mera, inform<\/span>\u00f3 <span lang=\"ES-TRAD\">que se consideran capacitaciones, para todo el personal contratado.<\/span><\/p>\n<\/div>\n<div style=\"text-align: justify;\">\n<p class=\"Predeterminado\"><span dir=\"RTL\" lang=\"AR-SA\">\u201c<\/span><span lang=\"ES-TRAD\">Este guarda una complejidad distinta a lo que son los ex<\/span>\u00e1<span lang=\"ES-TRAD\">menes realizados con esc<\/span>\u00e1<span lang=\"ES-TRAD\">ner y los equipos de rayo, por lo tanto, los profesionales tendr<\/span>\u00e1<span lang=\"ES-TRAD\">n una capacitaci\u00f3n en Santiago, con equipamiento semejante a <\/span><span lang=\"FR\">\u00e9<\/span><span lang=\"ES-TRAD\">ste, que tiene ciertas caracter<\/span>\u00ed<span lang=\"ES-TRAD\">sticas que son especiales: una de ellas, es tener lo <\/span>\u00fa<span lang=\"ES-TRAD\">ltimo en tecnolog<\/span>\u00ed<span lang=\"ES-TRAD\">a y el utilizar muy poco Elio, permitiendo la refrigeraci\u00f3n (en equipos convencionales si se produce una expulsi\u00f3n del helio, eso genera que el equipo se detenga provocando un atraso completo de funcionamiento), con esta tecnolog<\/span>\u00ed<span lang=\"ES-TRAD\">a nos evitamos ese problema y otra, que<\/span>\u00a0 <span lang=\"ES-TRAD\">es uno de los primeros dentro del sistema p<\/span>\u00fa<span lang=\"ES-TRAD\">blico, por lo tanto la comunidad se ver<\/span>\u00e1 <span lang=\"ES-TRAD\">beneficiada con un equipo de <\/span>\u00fa<span lang=\"ES-TRAD\">ltima generaci\u00f3n obteniendo ex<\/span>\u00e1<span lang=\"ES-TRAD\">menes de excelente calidad y un diagn\u00f3<\/span><span lang=\"IT\">stico m<\/span>\u00e1<span lang=\"ES-TRAD\">s oportuno <\/span><span dir=\"RTL\" lang=\"AR-SA\">\u201c<\/span><span lang=\"IT\">,enfatiz<\/span>\u00f3 <span lang=\"ES-TRAD\">el facultativo.<\/span><\/p>\n<\/div>\n<div style=\"text-align: justify;\">\n<p class=\"Predeterminado\"><span lang=\"DE\">Cabe se<\/span><span lang=\"ES-TRAD\">\u00f1alar, que el Resonador Magn<\/span><span lang=\"FR\">\u00e9<\/span><span lang=\"ES-TRAD\">tico fue ingresado la madrugada del domingo desde los estacionamientos por el interior del hospital hasta el bunker construido, a trav<\/span><span lang=\"FR\">\u00e9<\/span><span lang=\"ES-TRAD\">s de todo un operativo efectuado por funcionarios de la Unidad de Mantenci\u00f3n del HRC, de la Subdirecci\u00f3<\/span><span lang=\"PT\">n de Recursos F<\/span>\u00ed<span lang=\"ES-TRAD\">sicos del SSA y de la propia empresa Philips, con lo que se dio<\/span>\u00a0 <span lang=\"ES-TRAD\">inicio a la etapa de habilitaci\u00f3n final, para su entrada en funcionamiento, que se proyecta se produzca a mediados del presente a\u00f1o, una vez concluidas las respectivas pruebas t<\/span><span lang=\"FR\">\u00e9<\/span><span lang=\"ES-TRAD\">cnicas y cl<\/span>\u00ed<span lang=\"PT\">nicas.<\/span><\/p>\n<\/div>\n<div>\n<p class=\"Predeterminado\" style=\"text-align: justify;\">\n<\/div>\n<\/div><\/section><\/div><div  style='height:50px' class='hr hr-invisible   avia-builder-el-6  el_after_av_one_full  el_before_av_social_share '><span class='hr-inner ' ><span class='hr-inner-style'><\/span><\/span><\/div><\/p>\n<div  class='av-social-sharing-box  avia-builder-el-7  el_after_av_hr  el_before_av_hr  '><div class='av-share-box'><h5 class='av-share-link-description av-no-toc '>Compartir esta noticia<\/h5><ul class='av-share-box-list noLightbox'><li class='av-share-link av-social-link-facebook' ><a target=\"_blank\" aria-label=\"Compartir en Facebook\" href='https:\/\/www.facebook.com\/sharer.php?u=https:\/\/radiorevelacionfm.cl\/?p=13723&#038;t=Luego%20de%2010%20a%C3%B1os%20de%20trabajo%3A%20Resonador%20nuclear%20magn%C3%A9tico%20arrib%C3%B3%20a%20la%20regi%C3%B3n%20de%20Ays%C3%A9n' aria-hidden='false' data-av_icon='\ue8f3' data-av_iconfont='entypo-fontello' title='' data-avia-related-tooltip='Compartir en Facebook' rel=\"noopener\"><span class='avia_hidden_link_text'>Compartir en Facebook<\/span><\/a><\/li><li class='av-share-link av-social-link-twitter' ><a target=\"_blank\" aria-label=\"Compartir en Twitter\" href='https:\/\/twitter.com\/share?text=Luego%20de%2010%20a%C3%B1os%20de%20trabajo%3A%20Resonador%20nuclear%20magn%C3%A9tico%20arrib%C3%B3%20a%20la%20regi%C3%B3n%20de%20Ays%C3%A9n&#038;url=https:\/\/radiorevelacionfm.cl\/?p=13723' aria-hidden='false' data-av_icon='\ue8f1' data-av_iconfont='entypo-fontello' title='' data-avia-related-tooltip='Compartir en Twitter' rel=\"noopener\"><span class='avia_hidden_link_text'>Compartir en Twitter<\/span><\/a><\/li><li class='av-share-link av-social-link-whatsapp' ><a target=\"_blank\" aria-label=\"Compartir en Whatsapp\" href='https:\/\/api.whatsapp.com\/send?text=https:\/\/radiorevelacionfm.cl\/?p=13723' aria-hidden='false' data-av_icon='\uf232' data-av_iconfont='entypo-fontello' title='' data-avia-related-tooltip='Compartir en Whatsapp' rel=\"noopener\"><span class='avia_hidden_link_text'>Compartir en Whatsapp<\/span><\/a><\/li><li class='av-share-link av-social-link-linkedin' ><a target=\"_blank\" aria-label=\"Compartir en LinkedIn\" href='https:\/\/linkedin.com\/shareArticle?mini=true&#038;title=Luego%20de%2010%20a%C3%B1os%20de%20trabajo%3A%20Resonador%20nuclear%20magn%C3%A9tico%20arrib%C3%B3%20a%20la%20regi%C3%B3n%20de%20Ays%C3%A9n&#038;url=https:\/\/radiorevelacionfm.cl\/?p=13723' aria-hidden='false' data-av_icon='\ue8fc' data-av_iconfont='entypo-fontello' title='' data-avia-related-tooltip='Compartir en LinkedIn' rel=\"noopener\"><span class='avia_hidden_link_text'>Compartir en LinkedIn<\/span><\/a><\/li><li class='av-share-link av-social-link-mail' ><a  aria-label=\"Compartir por correo\" href='mailto:?subject=Luego%20de%2010%20a%C3%B1os%20de%20trabajo%3A%20Resonador%20nuclear%20magn%C3%A9tico%20arrib%C3%B3%20a%20la%20regi%C3%B3n%20de%20Ays%C3%A9n&#038;body=https:\/\/radiorevelacionfm.cl\/?p=13723' aria-hidden='false' data-av_icon='\ue805' data-av_iconfont='entypo-fontello' title='' data-avia-related-tooltip='Compartir por correo'><span class='avia_hidden_link_text'>Compartir por correo<\/span><\/a><\/li><\/ul><\/div><\/div>\n<div  style='height:50px' class='hr hr-invisible   avia-builder-el-8  el_after_av_social_share  el_before_av_comments_list '><span class='hr-inner ' ><span class='hr-inner-style'><\/span><\/span><\/div>\n<div  class='av-buildercomment  av-blog-meta-html-info-disabled av-blog-meta-tag-disabled  '><\/div>\n","protected":false},"excerpt":{"rendered":"","protected":false},"author":1,"featured_media":13724,"comment_status":"open","ping_status":"open","sticky":false,"template":"","format":"standard","meta":{"footnotes":""},"categories":[46],"tags":[],"class_list":["post-13723","post","type-post","status-publish","format-standard","has-post-thumbnail","hentry","category-salud"],"jetpack_featured_media_url":"https:\/\/radiorevelacionfm.cl\/wp-content\/uploads\/2022\/02\/resonador_5_130222-2_optimized.jpg","_links":{"self":[{"href":"https:\/\/radiorevelacionfm.cl\/index.php?rest_route=\/wp\/v2\/posts\/13723","targetHints":{"allow":["GET"]}}],"collection":[{"href":"https:\/\/radiorevelacionfm.cl\/index.php?rest_route=\/wp\/v2\/posts"}],"about":[{"href":"https:\/\/radiorevelacionfm.cl\/index.php?rest_route=\/wp\/v2\/types\/post"}],"author":[{"embeddable":true,"href":"https:\/\/radiorevelacionfm.cl\/index.php?rest_route=\/wp\/v2\/users\/1"}],"replies":[{"embeddable":true,"href":"https:\/\/radiorevelacionfm.cl\/index.php?rest_route=%2Fwp%2Fv2%2Fcomments&post=13723"}],"version-history":[{"count":2,"href":"https:\/\/radiorevelacionfm.cl\/index.php?rest_route=\/wp\/v2\/posts\/13723\/revisions"}],"predecessor-version":[{"id":13726,"href":"https:\/\/radiorevelacionfm.cl\/index.php?rest_route=\/wp\/v2\/posts\/13723\/revisions\/13726"}],"wp:featuredmedia":[{"embeddable":true,"href":"https:\/\/radiorevelacionfm.cl\/index.php?rest_route=\/wp\/v2\/media\/13724"}],"wp:attachment":[{"href":"https:\/\/radiorevelacionfm.cl\/index.php?rest_route=%2Fwp%2Fv2%2Fmedia&parent=13723"}],"wp:term":[{"taxonomy":"category","embeddable":true,"href":"https:\/\/radiorevelacionfm.cl\/index.php?rest_route=%2Fwp%2Fv2%2Fcategories&post=13723"},{"taxonomy":"post_tag","embeddable":true,"href":"https:\/\/radiorevelacionfm.cl\/index.php?rest_route=%2Fwp%2Fv2%2Ftags&post=13723"}],"curies":[{"name":"wp","href":"https:\/\/api.w.org\/{rel}","templated":true}]}}