{"id":13708,"date":"2022-02-12T09:40:57","date_gmt":"2022-02-12T12:40:57","guid":{"rendered":"https:\/\/radiorevelacionfm.cl\/?p=13708"},"modified":"2022-02-12T09:40:57","modified_gmt":"2022-02-12T12:40:57","slug":"en-su-visita-a-la-region-ministro-melero-destaco-contacto-con-la-comunidad-para-aclarar-dudas-de-la-pension-garantizada-ife-laboral-y-normas-laborales","status":"publish","type":"post","link":"https:\/\/radiorevelacionfm.cl\/?p=13708","title":{"rendered":"En su visita a la regi\u00f3n Ministro Melero destac\u00f3 contacto con la comunidad para aclarar dudas de la Pensi\u00f3n Garantizada, IFE Laboral y normas laborales"},"content":{"rendered":"<div class=\"flex_column av_one_full  flex_column_div av-zero-column-padding first  avia-builder-el-0  el_before_av_one_full  avia-builder-el-first  \" style='border-radius:0px; '><div  class='avia-image-container  av-styling-    avia-builder-el-1  avia-builder-el-no-sibling  avia-align-center '  itemprop=\"image\" itemscope=\"itemscope\" itemtype=\"https:\/\/schema.org\/ImageObject\"  ><div class='avia-image-container-inner'><div class='avia-image-overlay-wrap'><img decoding=\"async\" class='wp-image-13709 avia-img-lazy-loading-not-13709 avia_image' src=\"https:\/\/radiorevelacionfm.cl\/wp-content\/uploads\/2022\/02\/visitaministrotrabyprevsoc-3-2_optimized.jpg\" alt='' title='visitaministrotrabyprevsoc-(3)-2_optimized' height=\"600\" width=\"711\"  itemprop=\"thumbnailUrl\" srcset=\"https:\/\/radiorevelacionfm.cl\/wp-content\/uploads\/2022\/02\/visitaministrotrabyprevsoc-3-2_optimized.jpg 711w, https:\/\/radiorevelacionfm.cl\/wp-content\/uploads\/2022\/02\/visitaministrotrabyprevsoc-3-2_optimized-300x253.jpg 300w, https:\/\/radiorevelacionfm.cl\/wp-content\/uploads\/2022\/02\/visitaministrotrabyprevsoc-3-2_optimized-705x595.jpg 705w, https:\/\/radiorevelacionfm.cl\/wp-content\/uploads\/2022\/02\/visitaministrotrabyprevsoc-3-2_optimized-600x506.jpg 600w\" sizes=\"(max-width: 711px) 100vw, 711px\" \/><\/div><\/div><\/div><\/div><div class=\"flex_column av_one_full  flex_column_div av-zero-column-padding first  avia-builder-el-2  el_after_av_one_full  el_before_av_one_full  column-top-margin\" style='border-radius:0px; '><section class=\"av_textblock_section \"  itemscope=\"itemscope\" itemtype=\"https:\/\/schema.org\/BlogPosting\" itemprop=\"blogPost\" ><div class='avia_textblock  '   itemprop=\"text\" ><p style=\"text-align: center;\"><strong><span style=\"font-size: 18pt;\">En su visita a la regi\u00f3n Ministro Melero destac\u00f3 contacto con la comunidad para aclarar dudas de la Pensi\u00f3n Garantizada, IFE Laboral y normas laborales <\/span><\/strong><\/p>\n<div id=\"gtx-trans\" style=\"position: absolute; left: -50px; top: 4.31534px;\">\n<div class=\"gtx-trans-icon\"><\/div>\n<\/div>\n<\/div><\/section><\/div><div class=\"flex_column av_one_full  flex_column_div av-zero-column-padding first  avia-builder-el-4  el_after_av_one_full  el_before_av_hr  column-top-margin\" style='border-radius:0px; '><section class=\"av_textblock_section \"  itemscope=\"itemscope\" itemtype=\"https:\/\/schema.org\/BlogPosting\" itemprop=\"blogPost\" ><div class='avia_textblock  '   itemprop=\"text\" ><p class=\"v1MsoNormal\" style=\"text-align: justify;\"><span lang=\"ES\">Una nutrida agenda de actividades tuvo el Ministro de Trabajo y Previsi\u00f3n Social, Patricio Melero, en la Regi\u00f3n de Ays\u00e9n esta semana, donde comparti\u00f3 con adultos\/as mayores, trabajadores\/as y empleadores\/as, centrando su visita en la difusi\u00f3n y explicaci\u00f3n de la Pensi\u00f3n Garantizada Universal (PGU), el IFE Laboral, derechos laborales y temas relacionados con la salud y seguridad de los trabajadores\/as en contexto de Covid y en \u00e9poca de altas temperaturas.<\/span><\/p>\n<p class=\"v1MsoNormal\" style=\"text-align: justify;\"><span lang=\"ES\">La autoridad laboral y previsional afirm\u00f3 sobre su visita, \u00abQuiero destacar el contacto que tuvimos con la comunidad: trabajadores, empleadores y adultos mayores, para conversar en reuniones y a trav\u00e9s de las consultas que hac\u00edan los auditores en las entrevistas radiales, sobre todo, para aclarar las dudas que existen sobre la Pensi\u00f3n Garantizada Universal, nueva ley que es un gran hito, que sienta las bases de un sistema mixto y donde ninguna persona mayor de 65 a\u00f1os estar\u00e1 bajo la l\u00ednea de la pobreza. Hubo muchas consultas y agradezco el inter\u00e9s que ha tenido esta ley que busca mejorar la vida de los adultos mayores, ya que pr\u00e1cticamente todos ser\u00e1n beneficiarios, dejando afuera solamente al 10% m\u00e1s rico de la poblaci\u00f3n\u00bb, concluy\u00f3 el Ministro Melero. <\/span><\/p>\n<p class=\"v1MsoNormal\" style=\"text-align: justify;\"><span lang=\"ES\">\u00abEn esta visita que realiz\u00f3 el Ministro del Trabajo y Previsi\u00f3n Social a nuestra Regi\u00f3n de Ays\u00e9n quisimos reforzar en las distintas instancias, las medidas de salud y seguridad tanto por el Covid como por las altas temperaturas, recordando los derechos laborales existentes, como el permiso de \u00bd d\u00eda para vacunarse, permiso para realizarse un PCR, la importancia del teletrabajo en este contexto, entre otros. Adem\u00e1s, aprovechamos la oportunidad para que \u00e9l mismo explicara a la comunidad los beneficios de la Pensi\u00f3n Garantizada Universal y le agradecemos el tiempo y dedicaci\u00f3n que tuvo tanto en las reuniones presenciales como en los medios de comunicaci\u00f3n ante los llamados y consultas de la gente, aclarando cada uno de los puntos. Estamos contentos, porque este es un gran logro que tenemos como Gobierno y que tuvo el apoyo un\u00e1nime en el Congreso. Hay mucho por avanzar en el tema de pensiones, pero logramos dar un gran paso con esta nueva ley para los adultos mayores y en las pensiones de invalidez. Junto a ello, entregamos buenas noticias, ya que al d\u00eda 7 de febrero el IFE laboral de Sence, en la Regi\u00f3n de Ays\u00e9n, ya ha beneficiado a 3.429 trabajadores, de ellos, 1.641 son mujeres y 1.788 hombres, subsidio al empleo al cual se puede postular hasta marzo y que invitamos a conocer sus requisitos en <\/span><span lang=\"ES\"><a href=\"http:\/\/www.subsidioalempleo.cl\/\" target=\"_blank\" rel=\"noopener noreferrer\">www.subsidioalempleo.cl<\/a><\/span><span lang=\"ES\">. Sin duda, este ha sido un impulso para la reactivaci\u00f3n econ\u00f3mica y el empleo, lo cual vemos reflejado en la tasa de desempleo que est\u00e1 ahora en 3,2%, cifra de pleno empleo y de pre pandemia\u00bb, detall\u00f3 la Seremi Andrea Ponce.<\/span><\/p>\n<p class=\"v1MsoNormal\" style=\"text-align: justify;\"><span lang=\"ES\">Para conversar sobre iniciativas laborales, PGU y la incorporaci\u00f3n de las trabajadoras de casa particular al Seguro de Cesant\u00eda, el Ministro del Trabajo y Previsi\u00f3n Social se reuni\u00f3 con parte de la directiva y asociadas del Sindicato ANECAP, Asociaci\u00f3n Nacional de Empleadas de Casa Particular, filial Coyhaique, agradeciendo su presidenta, Magdalena Hueitra, la actividad desarrollada en su sede y la explicaci\u00f3n sobre la PGU. <\/span><\/p>\n<p class=\"v1MsoNormal\" style=\"text-align: justify;\"><span lang=\"ES\">Uno de los recorridos que realiz\u00f3 el ministro Melero fue a la obra de mejoramiento de la Ruta 243 CH, puntualmente en Avda. Baquedano con Escuela Agr\u00edcola, donde comparti\u00f3 con trabajadores\/as, empleadores y con el Presidente de la C\u00e1mara Chilena de la Construcci\u00f3n Coyhaique, Manuel Suazo, quien manifest\u00f3, \u00abestuvimos con el Ministro del Trabajo en la obra de la Escuela Agr\u00edcola, donde hablamos de la importancia de los protocolos sanitarios en el sector de la construcci\u00f3n ya que esto ha permitido recuperar empleos y contribuir como sector de la construcci\u00f3n a la recuperaci\u00f3n econ\u00f3mica, que se ve reflejado en las cifras positivas de empleo en la regi\u00f3n, lo que demuestra que el Plan Paso a Paso impulsado por el gobierno, que coloc\u00f3 foco en las obras de infraestructura, est\u00e1 rindiendo sus frutos\u00bb a\u00f1adiendo, \u00abes muy importante que en este momento donde estamos viendo altos contagios, los trabajadores se vacunen para que as\u00ed nos cuidemos entre todos, y seguir teniendo lugares de trabajo seguros para ellos y sus familias\u00bb, acot\u00f3.<\/span><\/p>\n<p class=\"v1MsoNormal\" style=\"text-align: justify;\"><span lang=\"ES\">En otra instancia, comparti\u00f3 con trabajadores y el presidente de la Multigremial, Eladio Mu\u00f1oz, abordando temas como los apoyos durante la pandemia, Subsidios al Empleo, PGU, entre otros. Con respecto al IFE Laboral, Mu\u00f1oz sostuvo, \u00abefectivamente ese cambio que se hizo a mediados del a\u00f1o pasado fue significativo, se not\u00f3 la incorporaci\u00f3n de los trabajadores al mundo laboral. Con el correr de los meses nos hemos ido percatando que ha sido una tremenda ayuda para los trabajadores. Muy contentos por esta pol\u00edtica que al principio no compart\u00edamos la forma en que se estaba haciendo, y que con esta modificaci\u00f3n que hubo, creemos que permiti\u00f3 la reinserci\u00f3n de trabajadores al mundo laboral y que nosotros est\u00e1bamos muy ansiosos de recuperar los niveles de productividad que ten\u00edamos antes de esta pandemia\u00bb.<\/span><\/p>\n<p class=\"v1MsoNormal\" style=\"text-align: justify;\"><span lang=\"ES\">En cuanto a la Pensi\u00f3n Garantizada Universal, Esterlina Rozas, presidenta comunal de Clubes de Adultos Mayores de R\u00edo Ib\u00e1\u00f1ez, mencion\u00f3 sobre el encuentro con el Ministro Melero y la nueva ley, \u00abes algo muy beneficioso para nosotros, para nuestra comuna, que un ministro haya venido aqu\u00ed a explicarnos qu\u00e9 es la Pensi\u00f3n Garantizada, todo eso se agradece. Para m\u00ed, en lo personal, es un buen beneficio porque a m\u00ed realmente me va a subir un poco mi pensi\u00f3n de renta vitalicia. A pesar que uno trabaj\u00f3 40 a\u00f1os, tienen una pensi\u00f3n s\u00faper baja, as\u00ed que con esto se viene a arreglar un poco lo econ\u00f3mico\u00bb. \u00a0\u00a0\u00a0<\/span><\/p>\n<p class=\"v1MsoNormal\" style=\"text-align: justify;\"><span lang=\"ES\">En estos d\u00edas, el Ministro Patricio Melero estuvo acompa\u00f1ado por la Seremi del ramo, Andrea Ponce, la Directora regional del Trabajo, Victoria Sierra; el Director regional del Instituto de Previsi\u00f3n Social, IPS ChileAtiende, Carlos Rodr\u00edguez y los Directores(s) regionales de Sence y del Instituto de Seguridad Laboral, Samuel Santana y Mery Fontecha, respectivamente.<\/span><\/p>\n<div class=\"v1gmail_default\" style=\"text-align: justify;\"><\/div>\n<\/div><\/section><\/div><div  style='height:50px' class='hr hr-invisible   avia-builder-el-6  el_after_av_one_full  el_before_av_social_share '><span class='hr-inner ' ><span class='hr-inner-style'><\/span><\/span><\/div><\/p>\n<div  class='av-social-sharing-box  avia-builder-el-7  el_after_av_hr  el_before_av_hr  '><div class='av-share-box'><h5 class='av-share-link-description av-no-toc '>Compartir esta noticia<\/h5><ul class='av-share-box-list noLightbox'><li class='av-share-link av-social-link-facebook' ><a target=\"_blank\" aria-label=\"Compartir en Facebook\" href='https:\/\/www.facebook.com\/sharer.php?u=https:\/\/radiorevelacionfm.cl\/?p=13708&#038;t=En%20su%20visita%20a%20la%20regi%C3%B3n%20Ministro%20Melero%20destac%C3%B3%20contacto%20con%20la%20comunidad%20para%20aclarar%20dudas%20de%20la%20Pensi%C3%B3n%20Garantizada%2C%20IFE%20Laboral%20y%20normas%20laborales' aria-hidden='false' data-av_icon='\ue8f3' data-av_iconfont='entypo-fontello' title='' data-avia-related-tooltip='Compartir en Facebook' rel=\"noopener\"><span class='avia_hidden_link_text'>Compartir en Facebook<\/span><\/a><\/li><li class='av-share-link av-social-link-twitter' ><a target=\"_blank\" aria-label=\"Compartir en Twitter\" href='https:\/\/twitter.com\/share?text=En%20su%20visita%20a%20la%20regi%C3%B3n%20Ministro%20Melero%20destac%C3%B3%20contacto%20con%20la%20comunidad%20para%20aclarar%20dudas%20de%20la%20Pensi%C3%B3n%20Garantizada%2C%20IFE%20Laboral%20y%20normas%20laborales&#038;url=https:\/\/radiorevelacionfm.cl\/?p=13708' aria-hidden='false' data-av_icon='\ue8f1' data-av_iconfont='entypo-fontello' title='' data-avia-related-tooltip='Compartir en Twitter' rel=\"noopener\"><span class='avia_hidden_link_text'>Compartir en Twitter<\/span><\/a><\/li><li class='av-share-link av-social-link-whatsapp' ><a target=\"_blank\" aria-label=\"Compartir en Whatsapp\" href='https:\/\/api.whatsapp.com\/send?text=https:\/\/radiorevelacionfm.cl\/?p=13708' aria-hidden='false' data-av_icon='\uf232' data-av_iconfont='entypo-fontello' title='' data-avia-related-tooltip='Compartir en Whatsapp' rel=\"noopener\"><span class='avia_hidden_link_text'>Compartir en Whatsapp<\/span><\/a><\/li><li class='av-share-link av-social-link-linkedin' ><a target=\"_blank\" aria-label=\"Compartir en LinkedIn\" href='https:\/\/linkedin.com\/shareArticle?mini=true&#038;title=En%20su%20visita%20a%20la%20regi%C3%B3n%20Ministro%20Melero%20destac%C3%B3%20contacto%20con%20la%20comunidad%20para%20aclarar%20dudas%20de%20la%20Pensi%C3%B3n%20Garantizada%2C%20IFE%20Laboral%20y%20normas%20laborales&#038;url=https:\/\/radiorevelacionfm.cl\/?p=13708' aria-hidden='false' data-av_icon='\ue8fc' data-av_iconfont='entypo-fontello' title='' data-avia-related-tooltip='Compartir en LinkedIn' rel=\"noopener\"><span class='avia_hidden_link_text'>Compartir en LinkedIn<\/span><\/a><\/li><li class='av-share-link av-social-link-mail' ><a  aria-label=\"Compartir por correo\" href='mailto:?subject=En%20su%20visita%20a%20la%20regi%C3%B3n%20Ministro%20Melero%20destac%C3%B3%20contacto%20con%20la%20comunidad%20para%20aclarar%20dudas%20de%20la%20Pensi%C3%B3n%20Garantizada%2C%20IFE%20Laboral%20y%20normas%20laborales&#038;body=https:\/\/radiorevelacionfm.cl\/?p=13708' aria-hidden='false' data-av_icon='\ue805' data-av_iconfont='entypo-fontello' title='' data-avia-related-tooltip='Compartir por correo'><span class='avia_hidden_link_text'>Compartir por correo<\/span><\/a><\/li><\/ul><\/div><\/div>\n<div  style='height:50px' class='hr hr-invisible   avia-builder-el-8  el_after_av_social_share  el_before_av_comments_list '><span class='hr-inner ' ><span class='hr-inner-style'><\/span><\/span><\/div>\n<div  class='av-buildercomment  av-blog-meta-html-info-disabled av-blog-meta-tag-disabled  '><\/div>\n","protected":false},"excerpt":{"rendered":"","protected":false},"author":1,"featured_media":13709,"comment_status":"open","ping_status":"open","sticky":false,"template":"","format":"standard","meta":{"footnotes":""},"categories":[56],"tags":[],"class_list":["post-13708","post","type-post","status-publish","format-standard","has-post-thumbnail","hentry","category-trabajo"],"jetpack_featured_media_url":"https:\/\/radiorevelacionfm.cl\/wp-content\/uploads\/2022\/02\/visitaministrotrabyprevsoc-3-2_optimized.jpg","_links":{"self":[{"href":"https:\/\/radiorevelacionfm.cl\/index.php?rest_route=\/wp\/v2\/posts\/13708","targetHints":{"allow":["GET"]}}],"collection":[{"href":"https:\/\/radiorevelacionfm.cl\/index.php?rest_route=\/wp\/v2\/posts"}],"about":[{"href":"https:\/\/radiorevelacionfm.cl\/index.php?rest_route=\/wp\/v2\/types\/post"}],"author":[{"embeddable":true,"href":"https:\/\/radiorevelacionfm.cl\/index.php?rest_route=\/wp\/v2\/users\/1"}],"replies":[{"embeddable":true,"href":"https:\/\/radiorevelacionfm.cl\/index.php?rest_route=%2Fwp%2Fv2%2Fcomments&post=13708"}],"version-history":[{"count":2,"href":"https:\/\/radiorevelacionfm.cl\/index.php?rest_route=\/wp\/v2\/posts\/13708\/revisions"}],"predecessor-version":[{"id":13716,"href":"https:\/\/radiorevelacionfm.cl\/index.php?rest_route=\/wp\/v2\/posts\/13708\/revisions\/13716"}],"wp:featuredmedia":[{"embeddable":true,"href":"https:\/\/radiorevelacionfm.cl\/index.php?rest_route=\/wp\/v2\/media\/13709"}],"wp:attachment":[{"href":"https:\/\/radiorevelacionfm.cl\/index.php?rest_route=%2Fwp%2Fv2%2Fmedia&parent=13708"}],"wp:term":[{"taxonomy":"category","embeddable":true,"href":"https:\/\/radiorevelacionfm.cl\/index.php?rest_route=%2Fwp%2Fv2%2Fcategories&post=13708"},{"taxonomy":"post_tag","embeddable":true,"href":"https:\/\/radiorevelacionfm.cl\/index.php?rest_route=%2Fwp%2Fv2%2Ftags&post=13708"}],"curies":[{"name":"wp","href":"https:\/\/api.w.org\/{rel}","templated":true}]}}