{"id":13698,"date":"2022-02-11T17:10:04","date_gmt":"2022-02-11T20:10:04","guid":{"rendered":"https:\/\/radiorevelacionfm.cl\/?p=13698"},"modified":"2022-02-11T17:10:04","modified_gmt":"2022-02-11T20:10:04","slug":"carpinteros-de-ribera-y-municipio-de-aysen-estrechan-vinculos-mediante-reactivacion-patrimonial","status":"publish","type":"post","link":"https:\/\/radiorevelacionfm.cl\/?p=13698","title":{"rendered":"Carpinteros de Ribera y municipio de Ays\u00e9n estrechan v\u00ednculos mediante reactivaci\u00f3n patrimonial"},"content":{"rendered":"<div class=\"flex_column av_one_full  flex_column_div av-zero-column-padding first  avia-builder-el-0  el_before_av_one_full  avia-builder-el-first  \" style='border-radius:0px; '><div  class='avia-image-container  av-styling-    avia-builder-el-1  avia-builder-el-no-sibling  avia-align-center '  itemprop=\"image\" itemscope=\"itemscope\" itemtype=\"https:\/\/schema.org\/ImageObject\"  ><div class='avia-image-container-inner'><div class='avia-image-overlay-wrap'><img decoding=\"async\" class='wp-image-13699 avia-img-lazy-loading-not-13699 avia_image' src=\"https:\/\/radiorevelacionfm.cl\/wp-content\/uploads\/2022\/02\/Fotografia-2-2-2.jpg\" alt='' title='Fotograf\u00eda 2-2-2' height=\"600\" width=\"800\"  itemprop=\"thumbnailUrl\" srcset=\"https:\/\/radiorevelacionfm.cl\/wp-content\/uploads\/2022\/02\/Fotografia-2-2-2.jpg 800w, https:\/\/radiorevelacionfm.cl\/wp-content\/uploads\/2022\/02\/Fotografia-2-2-2-300x225.jpg 300w, https:\/\/radiorevelacionfm.cl\/wp-content\/uploads\/2022\/02\/Fotografia-2-2-2-768x576.jpg 768w, https:\/\/radiorevelacionfm.cl\/wp-content\/uploads\/2022\/02\/Fotografia-2-2-2-705x529.jpg 705w, https:\/\/radiorevelacionfm.cl\/wp-content\/uploads\/2022\/02\/Fotografia-2-2-2-600x450.jpg 600w\" sizes=\"(max-width: 800px) 100vw, 800px\" \/><\/div><\/div><\/div><\/div><div class=\"flex_column av_one_full  flex_column_div av-zero-column-padding first  avia-builder-el-2  el_after_av_one_full  el_before_av_one_full  column-top-margin\" style='border-radius:0px; '><section class=\"av_textblock_section \"  itemscope=\"itemscope\" itemtype=\"https:\/\/schema.org\/BlogPosting\" itemprop=\"blogPost\" ><div class='avia_textblock  '   itemprop=\"text\" ><p style=\"text-align: center;\"><span style=\"font-size: 18pt;\"><strong>Carpinteros de Ribera y municipio de Ays\u00e9n estrechan v\u00ednculos mediante reactivaci\u00f3n patrimonial<\/strong><\/span><\/p>\n<div id=\"gtx-trans\" style=\"position: absolute; left: -50px; top: 4.31534px;\">\n<div class=\"gtx-trans-icon\"><\/div>\n<\/div>\n<\/div><\/section><\/div><div class=\"flex_column av_one_full  flex_column_div av-zero-column-padding first  avia-builder-el-4  el_after_av_one_full  el_before_av_hr  column-top-margin\" style='border-radius:0px; '><section class=\"av_textblock_section \"  itemscope=\"itemscope\" itemtype=\"https:\/\/schema.org\/BlogPosting\" itemprop=\"blogPost\" ><div class='avia_textblock  '   itemprop=\"text\" ><p style=\"text-align: justify;\">Una de las iniciativas de la regente administraci\u00f3n comunal y el alcalde Julio Uribe Alvarado es potenciar los bordes fluviales, en ese marco, se propuso ante el Honorable Concejo Municipal, en diciembre de 2021, la creaci\u00f3n de la Escuela de Navegaci\u00f3n a Vela de Ays\u00e9n con el fin de mantener la identidad porte\u00f1a y tradiciones, proyecto que involucrar\u00e1 esfuerzos mancomunados con los Carpinteros de Ribera y la Universidad Austral de Chile.<\/p>\n<p style=\"text-align: justify;\">En una acci\u00f3n innovadora, que combina din\u00e1micas colaborativas entre la casa edilicia, la entidad universitaria y la comunidad carpintera de ribera, cuya pr\u00e1ctica es reconocida por el Ministerio de las Culturas, las Artes y el Patrimonio dentro de las tradiciones insulares de la regi\u00f3n, se configur\u00f3 un acuerdo para salvaguardar y traspasar a las pr\u00f3ximas generaciones conocimientos propios de la zona.<\/p>\n<p style=\"text-align: justify;\">Garantizando el reconocimiento que conlleva ser depositarios de un saber profundo en la naturaleza, la madera y su transformaci\u00f3n, los Carpinteros de Ribera durante el a\u00f1o formular\u00e1n el dise\u00f1o y ejecuci\u00f3n de la embarcaci\u00f3n pr\u00f3xima a despuntar la puesta en marcha de la Escuela de Navegaci\u00f3n a Vela de Ays\u00e9n, en tanto, el municipio se comprometi\u00f3 a suministrar el equipamiento e insumos necesario para cada etapa del proyecto.<\/p>\n<p style=\"text-align: justify;\">Bajo este acuerdo, con los planos en mano e implementados por la Universidad Austral de Chile, el presidente de la organizaci\u00f3n de carpinteros, Jos\u00e9 Barrientos, expres\u00f3 que los veleros tambi\u00e9n beneficiar\u00e1n el turismo en Ays\u00e9n y que s\u00f3lo faltaba la formalizaci\u00f3n del compromiso. El pr\u00f3ximo paso, una vez dispongan de las materias primas, es la formaci\u00f3n de grupos para dividir las etapas y encaminar el proceso. Asimismo, mencion\u00f3 la construcci\u00f3n de un arrastradero, otra iniciativa a desarrollarse junto a la Municipalidad de Ays\u00e9n en el pr\u00f3ximo mes. \u201cEl 15 de marzo nos pidieron que tengamos desocupado el terreno, as\u00ed que ya vamos trabajando en tierra derecha, porque logramos bastantes cosas\u201d, especific\u00f3.<\/p>\n<p style=\"text-align: justify;\">Por su parte, el alcalde Julio Uribe Alvarado ratific\u00f3 ambos proyectos, el del varadero y la construcci\u00f3n de embarcaciones para la escuela. \u201cEn este momento estamos en todo el proceso de revisi\u00f3n de los planos y el echar a andar un bote que se regal\u00f3 al municipio, el cual tiene todos los aparejos de vela para salir a navegar en primera instancia e incluir a nuestros j\u00f3venes\u201d, expres\u00f3. La confecci\u00f3n de los veleros comenzar\u00e1 apenas lleguen los materiales, a lo que la autoridad a\u00f1adi\u00f3 el gran significado que conlleva para la entidad el fortalecer lazos con quienes son parte fundamental del patrimonio hist\u00f3rico.<\/p>\n<p style=\"text-align: justify;\">\u201cEllos est\u00e1n muy contentos de que podamos comenzar a trabajar firmemente en sus tradiciones y seguir ense\u00f1ando a futuras generaciones a construir embarcaciones\u201d, manifest\u00f3 el alcalde, palabras que Barrientos y los Carpinteros de Ribera agradecieron, al igual que la visita en terreno para zanjar el compromiso que reactivar\u00e1 el saber de una pr\u00e1ctica cultural propia del sector.<\/p>\n<p style=\"text-align: justify;\">Cabe mencionar que el oficio de los Carpinteros de Ribera es parte del Inventario de Patrimonio Cultural Inmaterial, y que dentro de sus cultores existe un arduo esfuerzo para preservarlo en una sociedad cambiante y automatizada por la producci\u00f3n industrial.<\/p>\n<\/div><\/section><\/div><div  style='height:50px' class='hr hr-invisible   avia-builder-el-6  el_after_av_one_full  el_before_av_social_share '><span class='hr-inner ' ><span class='hr-inner-style'><\/span><\/span><\/div><\/p>\n<div  class='av-social-sharing-box  avia-builder-el-7  el_after_av_hr  el_before_av_hr  '><div class='av-share-box'><h5 class='av-share-link-description av-no-toc '>Compartir esta noticia<\/h5><ul class='av-share-box-list noLightbox'><li class='av-share-link av-social-link-facebook' ><a target=\"_blank\" aria-label=\"Compartir en Facebook\" href='https:\/\/www.facebook.com\/sharer.php?u=https:\/\/radiorevelacionfm.cl\/?p=13698&#038;t=Carpinteros%20de%20Ribera%20y%20municipio%20de%20Ays%C3%A9n%20estrechan%20v%C3%ADnculos%20mediante%20reactivaci%C3%B3n%20patrimonial' aria-hidden='false' data-av_icon='\ue8f3' data-av_iconfont='entypo-fontello' title='' data-avia-related-tooltip='Compartir en Facebook' rel=\"noopener\"><span class='avia_hidden_link_text'>Compartir en Facebook<\/span><\/a><\/li><li class='av-share-link av-social-link-twitter' ><a target=\"_blank\" aria-label=\"Compartir en Twitter\" href='https:\/\/twitter.com\/share?text=Carpinteros%20de%20Ribera%20y%20municipio%20de%20Ays%C3%A9n%20estrechan%20v%C3%ADnculos%20mediante%20reactivaci%C3%B3n%20patrimonial&#038;url=https:\/\/radiorevelacionfm.cl\/?p=13698' aria-hidden='false' data-av_icon='\ue8f1' data-av_iconfont='entypo-fontello' title='' data-avia-related-tooltip='Compartir en Twitter' rel=\"noopener\"><span class='avia_hidden_link_text'>Compartir en Twitter<\/span><\/a><\/li><li class='av-share-link av-social-link-whatsapp' ><a target=\"_blank\" aria-label=\"Compartir en Whatsapp\" href='https:\/\/api.whatsapp.com\/send?text=https:\/\/radiorevelacionfm.cl\/?p=13698' aria-hidden='false' data-av_icon='\uf232' data-av_iconfont='entypo-fontello' title='' data-avia-related-tooltip='Compartir en Whatsapp' rel=\"noopener\"><span class='avia_hidden_link_text'>Compartir en Whatsapp<\/span><\/a><\/li><li class='av-share-link av-social-link-linkedin' ><a target=\"_blank\" aria-label=\"Compartir en LinkedIn\" href='https:\/\/linkedin.com\/shareArticle?mini=true&#038;title=Carpinteros%20de%20Ribera%20y%20municipio%20de%20Ays%C3%A9n%20estrechan%20v%C3%ADnculos%20mediante%20reactivaci%C3%B3n%20patrimonial&#038;url=https:\/\/radiorevelacionfm.cl\/?p=13698' aria-hidden='false' data-av_icon='\ue8fc' data-av_iconfont='entypo-fontello' title='' data-avia-related-tooltip='Compartir en LinkedIn' rel=\"noopener\"><span class='avia_hidden_link_text'>Compartir en LinkedIn<\/span><\/a><\/li><li class='av-share-link av-social-link-mail' ><a  aria-label=\"Compartir por correo\" href='mailto:?subject=Carpinteros%20de%20Ribera%20y%20municipio%20de%20Ays%C3%A9n%20estrechan%20v%C3%ADnculos%20mediante%20reactivaci%C3%B3n%20patrimonial&#038;body=https:\/\/radiorevelacionfm.cl\/?p=13698' aria-hidden='false' data-av_icon='\ue805' data-av_iconfont='entypo-fontello' title='' data-avia-related-tooltip='Compartir por correo'><span class='avia_hidden_link_text'>Compartir por correo<\/span><\/a><\/li><\/ul><\/div><\/div>\n<div  style='height:50px' class='hr hr-invisible   avia-builder-el-8  el_after_av_social_share  el_before_av_comments_list '><span class='hr-inner ' ><span class='hr-inner-style'><\/span><\/span><\/div>\n<div  class='av-buildercomment  av-blog-meta-html-info-disabled av-blog-meta-tag-disabled  '><\/div>\n","protected":false},"excerpt":{"rendered":"","protected":false},"author":1,"featured_media":13699,"comment_status":"open","ping_status":"open","sticky":false,"template":"","format":"standard","meta":{"footnotes":""},"categories":[38],"tags":[],"class_list":["post-13698","post","type-post","status-publish","format-standard","has-post-thumbnail","hentry","category-regional"],"jetpack_featured_media_url":"https:\/\/radiorevelacionfm.cl\/wp-content\/uploads\/2022\/02\/Fotografia-2-2-2.jpg","_links":{"self":[{"href":"https:\/\/radiorevelacionfm.cl\/index.php?rest_route=\/wp\/v2\/posts\/13698","targetHints":{"allow":["GET"]}}],"collection":[{"href":"https:\/\/radiorevelacionfm.cl\/index.php?rest_route=\/wp\/v2\/posts"}],"about":[{"href":"https:\/\/radiorevelacionfm.cl\/index.php?rest_route=\/wp\/v2\/types\/post"}],"author":[{"embeddable":true,"href":"https:\/\/radiorevelacionfm.cl\/index.php?rest_route=\/wp\/v2\/users\/1"}],"replies":[{"embeddable":true,"href":"https:\/\/radiorevelacionfm.cl\/index.php?rest_route=%2Fwp%2Fv2%2Fcomments&post=13698"}],"version-history":[{"count":2,"href":"https:\/\/radiorevelacionfm.cl\/index.php?rest_route=\/wp\/v2\/posts\/13698\/revisions"}],"predecessor-version":[{"id":13701,"href":"https:\/\/radiorevelacionfm.cl\/index.php?rest_route=\/wp\/v2\/posts\/13698\/revisions\/13701"}],"wp:featuredmedia":[{"embeddable":true,"href":"https:\/\/radiorevelacionfm.cl\/index.php?rest_route=\/wp\/v2\/media\/13699"}],"wp:attachment":[{"href":"https:\/\/radiorevelacionfm.cl\/index.php?rest_route=%2Fwp%2Fv2%2Fmedia&parent=13698"}],"wp:term":[{"taxonomy":"category","embeddable":true,"href":"https:\/\/radiorevelacionfm.cl\/index.php?rest_route=%2Fwp%2Fv2%2Fcategories&post=13698"},{"taxonomy":"post_tag","embeddable":true,"href":"https:\/\/radiorevelacionfm.cl\/index.php?rest_route=%2Fwp%2Fv2%2Ftags&post=13698"}],"curies":[{"name":"wp","href":"https:\/\/api.w.org\/{rel}","templated":true}]}}