{"id":13642,"date":"2022-02-09T14:54:29","date_gmt":"2022-02-09T17:54:29","guid":{"rendered":"https:\/\/radiorevelacionfm.cl\/?p=13642"},"modified":"2022-02-09T14:54:29","modified_gmt":"2022-02-09T17:54:29","slug":"constatan-en-terreno-procesos-ambientales-del-relleno-sanitario-con-miras-a-una-alianza-estrategica-para-puerto-aysen","status":"publish","type":"post","link":"https:\/\/radiorevelacionfm.cl\/?p=13642","title":{"rendered":"Constatan en terreno procesos ambientales del relleno sanitario con miras a una alianza estrat\u00e9gica para Puerto Ays\u00e9n"},"content":{"rendered":"<div class=\"flex_column av_one_full  flex_column_div av-zero-column-padding first  avia-builder-el-0  el_before_av_one_full  avia-builder-el-first  \" style='border-radius:0px; '><div  class='avia-image-container  av-styling-    avia-builder-el-1  avia-builder-el-no-sibling  avia-align-center '  itemprop=\"image\" itemscope=\"itemscope\" itemtype=\"https:\/\/schema.org\/ImageObject\"  ><div class='avia-image-container-inner'><div class='avia-image-overlay-wrap'><img decoding=\"async\" class='wp-image-13643 avia-img-lazy-loading-not-13643 avia_image' src=\"https:\/\/radiorevelacionfm.cl\/wp-content\/uploads\/2022\/02\/relleno-sanitario1-2-2.jpeg\" alt='' title='relleno-sanitario1-2-2' height=\"600\" width=\"900\"  itemprop=\"thumbnailUrl\" srcset=\"https:\/\/radiorevelacionfm.cl\/wp-content\/uploads\/2022\/02\/relleno-sanitario1-2-2.jpeg 900w, https:\/\/radiorevelacionfm.cl\/wp-content\/uploads\/2022\/02\/relleno-sanitario1-2-2-300x200.jpeg 300w, https:\/\/radiorevelacionfm.cl\/wp-content\/uploads\/2022\/02\/relleno-sanitario1-2-2-768x512.jpeg 768w, https:\/\/radiorevelacionfm.cl\/wp-content\/uploads\/2022\/02\/relleno-sanitario1-2-2-705x470.jpeg 705w, https:\/\/radiorevelacionfm.cl\/wp-content\/uploads\/2022\/02\/relleno-sanitario1-2-2-600x400.jpeg 600w\" sizes=\"(max-width: 900px) 100vw, 900px\" \/><\/div><\/div><\/div><\/div><div class=\"flex_column av_one_full  flex_column_div av-zero-column-padding first  avia-builder-el-2  el_after_av_one_full  el_before_av_one_full  column-top-margin\" style='border-radius:0px; '><section class=\"av_textblock_section \"  itemscope=\"itemscope\" itemtype=\"https:\/\/schema.org\/BlogPosting\" itemprop=\"blogPost\" ><div class='avia_textblock  '   itemprop=\"text\" ><p style=\"text-align: center;\"><span style=\"font-size: 18pt;\"><strong>Constatan en terreno procesos ambientales del relleno sanitario con miras a una alianza estrat\u00e9gica para Puerto Ays\u00e9n<\/strong> <\/span><\/p>\n<div id=\"gtx-trans\" style=\"position: absolute; left: -50px; top: 4.31534px;\">\n<div class=\"gtx-trans-icon\"><\/div>\n<\/div>\n<\/div><\/section><\/div><div class=\"flex_column av_one_full  flex_column_div av-zero-column-padding first  avia-builder-el-4  el_after_av_one_full  el_before_av_hr  column-top-margin\" style='border-radius:0px; '><section class=\"av_textblock_section \"  itemscope=\"itemscope\" itemtype=\"https:\/\/schema.org\/BlogPosting\" itemprop=\"blogPost\" ><div class='avia_textblock  '   itemprop=\"text\" ><p style=\"text-align: justify;\">Como parte de los procesos de integraci\u00f3n que se encuentra desarrollando la Ilustre Municipalidad de Ays\u00e9n para potenciar los emprendimientos locales, el alcalde Julio Uribe Alvarado, en compa\u00f1\u00eda de la Coordinadora del Sistema de Certificaci\u00f3n Ambiental Municipal, Yessica Robles, visitaron las diversas innovaciones ambientales que presenta el Relleno Sanitario existente en la comuna porte\u00f1a. En las instalaciones, es posible apreciar una serie de procesos que permiten obtener mediante el tratamiento de l\u00edquidos percolados de los residuos domiciliarios, abono org\u00e1nico. Cabe destacar que este tipo de trabajo es pionero a nivel regional y nacional.<\/p>\n<p style=\"text-align: justify;\">En este sentido, el alcalde de Ays\u00e9n, Julio Uribe Alvarado, destac\u00f3 que en el pa\u00eds es una preocupaci\u00f3n general, desde \u00e1mbito municipal, el destino de los residuos domiciliarios e industriales, a\u00f1adiendo que \u201choy Alejandro (Bahamondes) ha realizado una inversi\u00f3n grande para poder evitar la contaminaci\u00f3n y sobretodo de los l\u00edquidos percolados que se producen a trav\u00e9s de los desechos org\u00e1nicos. Tambi\u00e9n estamos viendo poder utilizar el humus que est\u00e1n produciendo en iniciativas que el municipio tambi\u00e9n est\u00e1 incorporando en los proyectos de desarrollo productivo, vamos a trabajar muy bien con esta empresa hist\u00f3rica de Ays\u00e9n y que tiene todas las ganas de poder trabajar con nosotros\u201d.<\/p>\n<p style=\"text-align: justify;\">Alejandro Bahamondes, representante de Empresas Bahamondes abord\u00f3 parte de lo analizado en este encuentro y que tiene relaci\u00f3n con preservar el patrimonio natural de la comuna, \u201cqueremos hacer muchas cosas como el tema del cart\u00f3n, pl\u00e1stico y formar una alianza con la municipalidad porque aqu\u00ed se genera el humus que si todo resulta podemos hacer una alianza para que yo lo entregue y se pueda distribuir entre los agricultores, en proyectos como el Calafate y varias otras iniciativas en carpeta que hay que verlas en el camino si se concretan\u201d.<\/p>\n<p style=\"text-align: justify;\">Por su parte, el Ingeniero Civil Industrial, Ra\u00fal Fern\u00e1ndez Prado, coment\u00f3 el tiempo que llevan desarrollando esta soluci\u00f3n ambiental en reemplazo del anterior vertedero. Una de las claves de esta iniciativa es el sistema que se utiliza para tomar los l\u00edquidos percolados, procesar dichos elementos en unidades f\u00edsicas, qu\u00edmicas, biol\u00f3gicas y post tratamiento para recuperar el agua que sale de los residuos y reutilizarla cumpliendo las normas ambientales vigentes. \u201cLo interesante de todo esto es que usamos distintas tecnolog\u00edas, tecnolog\u00edas exportadas y nacionales como el sistema Toha y otros tipos para armar este proyecto integral\u201d.<\/p>\n<p style=\"text-align: justify;\">Finalmente, el gerente de GETMAT realiz\u00f3 un hincapi\u00e9 en los procesos que contempla el Sistema Toha donde lombrices californianas se alimentan de los residuos que provienen del Relleno Sanitario y el material fecal de estas resulta ser humus de compostaje, adem\u00e1s de esto, \u201ctengo agua contaminada, entra al sistema con lombrices, obtengo humus y tengo un agua clarificada y esa es la principal innovaci\u00f3n del sistema Toha y que aqu\u00ed en Ays\u00e9n se instal\u00f3 la primera planta de tratamiento especialmente para residuos provenientes de relleno sanitario\u201d, puntualiz\u00f3 Fern\u00e1ndez Prado.<\/p>\n<\/div><\/section><\/div><div  style='height:50px' class='hr hr-invisible   avia-builder-el-6  el_after_av_one_full  el_before_av_social_share '><span class='hr-inner ' ><span class='hr-inner-style'><\/span><\/span><\/div><\/p>\n<div  class='av-social-sharing-box  avia-builder-el-7  el_after_av_hr  el_before_av_hr  '><div class='av-share-box'><h5 class='av-share-link-description av-no-toc '>Compartir esta noticia<\/h5><ul class='av-share-box-list noLightbox'><li class='av-share-link av-social-link-facebook' ><a target=\"_blank\" aria-label=\"Compartir en Facebook\" href='https:\/\/www.facebook.com\/sharer.php?u=https:\/\/radiorevelacionfm.cl\/?p=13642&#038;t=Constatan%20en%20terreno%20procesos%20ambientales%20del%20relleno%20sanitario%20con%20miras%20a%20una%20alianza%20estrat%C3%A9gica%20para%20Puerto%20Ays%C3%A9n' aria-hidden='false' data-av_icon='\ue8f3' data-av_iconfont='entypo-fontello' title='' data-avia-related-tooltip='Compartir en Facebook' rel=\"noopener\"><span class='avia_hidden_link_text'>Compartir en Facebook<\/span><\/a><\/li><li class='av-share-link av-social-link-twitter' ><a target=\"_blank\" aria-label=\"Compartir en Twitter\" href='https:\/\/twitter.com\/share?text=Constatan%20en%20terreno%20procesos%20ambientales%20del%20relleno%20sanitario%20con%20miras%20a%20una%20alianza%20estrat%C3%A9gica%20para%20Puerto%20Ays%C3%A9n&#038;url=https:\/\/radiorevelacionfm.cl\/?p=13642' aria-hidden='false' data-av_icon='\ue8f1' data-av_iconfont='entypo-fontello' title='' data-avia-related-tooltip='Compartir en Twitter' rel=\"noopener\"><span class='avia_hidden_link_text'>Compartir en Twitter<\/span><\/a><\/li><li class='av-share-link av-social-link-whatsapp' ><a target=\"_blank\" aria-label=\"Compartir en Whatsapp\" href='https:\/\/api.whatsapp.com\/send?text=https:\/\/radiorevelacionfm.cl\/?p=13642' aria-hidden='false' data-av_icon='\uf232' data-av_iconfont='entypo-fontello' title='' data-avia-related-tooltip='Compartir en Whatsapp' rel=\"noopener\"><span class='avia_hidden_link_text'>Compartir en Whatsapp<\/span><\/a><\/li><li class='av-share-link av-social-link-linkedin' ><a target=\"_blank\" aria-label=\"Compartir en LinkedIn\" href='https:\/\/linkedin.com\/shareArticle?mini=true&#038;title=Constatan%20en%20terreno%20procesos%20ambientales%20del%20relleno%20sanitario%20con%20miras%20a%20una%20alianza%20estrat%C3%A9gica%20para%20Puerto%20Ays%C3%A9n&#038;url=https:\/\/radiorevelacionfm.cl\/?p=13642' aria-hidden='false' data-av_icon='\ue8fc' data-av_iconfont='entypo-fontello' title='' data-avia-related-tooltip='Compartir en LinkedIn' rel=\"noopener\"><span class='avia_hidden_link_text'>Compartir en LinkedIn<\/span><\/a><\/li><li class='av-share-link av-social-link-mail' ><a  aria-label=\"Compartir por correo\" href='mailto:?subject=Constatan%20en%20terreno%20procesos%20ambientales%20del%20relleno%20sanitario%20con%20miras%20a%20una%20alianza%20estrat%C3%A9gica%20para%20Puerto%20Ays%C3%A9n&#038;body=https:\/\/radiorevelacionfm.cl\/?p=13642' aria-hidden='false' data-av_icon='\ue805' data-av_iconfont='entypo-fontello' title='' data-avia-related-tooltip='Compartir por correo'><span class='avia_hidden_link_text'>Compartir por correo<\/span><\/a><\/li><\/ul><\/div><\/div>\n<div  style='height:50px' class='hr hr-invisible   avia-builder-el-8  el_after_av_social_share  el_before_av_comments_list '><span class='hr-inner ' ><span class='hr-inner-style'><\/span><\/span><\/div>\n<div  class='av-buildercomment  av-blog-meta-html-info-disabled av-blog-meta-tag-disabled  '><\/div>\n","protected":false},"excerpt":{"rendered":"","protected":false},"author":1,"featured_media":13643,"comment_status":"open","ping_status":"open","sticky":false,"template":"","format":"standard","meta":{"footnotes":""},"categories":[38],"tags":[],"class_list":["post-13642","post","type-post","status-publish","format-standard","has-post-thumbnail","hentry","category-regional"],"jetpack_featured_media_url":"https:\/\/radiorevelacionfm.cl\/wp-content\/uploads\/2022\/02\/relleno-sanitario1-2-2.jpeg","_links":{"self":[{"href":"https:\/\/radiorevelacionfm.cl\/index.php?rest_route=\/wp\/v2\/posts\/13642","targetHints":{"allow":["GET"]}}],"collection":[{"href":"https:\/\/radiorevelacionfm.cl\/index.php?rest_route=\/wp\/v2\/posts"}],"about":[{"href":"https:\/\/radiorevelacionfm.cl\/index.php?rest_route=\/wp\/v2\/types\/post"}],"author":[{"embeddable":true,"href":"https:\/\/radiorevelacionfm.cl\/index.php?rest_route=\/wp\/v2\/users\/1"}],"replies":[{"embeddable":true,"href":"https:\/\/radiorevelacionfm.cl\/index.php?rest_route=%2Fwp%2Fv2%2Fcomments&post=13642"}],"version-history":[{"count":2,"href":"https:\/\/radiorevelacionfm.cl\/index.php?rest_route=\/wp\/v2\/posts\/13642\/revisions"}],"predecessor-version":[{"id":13645,"href":"https:\/\/radiorevelacionfm.cl\/index.php?rest_route=\/wp\/v2\/posts\/13642\/revisions\/13645"}],"wp:featuredmedia":[{"embeddable":true,"href":"https:\/\/radiorevelacionfm.cl\/index.php?rest_route=\/wp\/v2\/media\/13643"}],"wp:attachment":[{"href":"https:\/\/radiorevelacionfm.cl\/index.php?rest_route=%2Fwp%2Fv2%2Fmedia&parent=13642"}],"wp:term":[{"taxonomy":"category","embeddable":true,"href":"https:\/\/radiorevelacionfm.cl\/index.php?rest_route=%2Fwp%2Fv2%2Fcategories&post=13642"},{"taxonomy":"post_tag","embeddable":true,"href":"https:\/\/radiorevelacionfm.cl\/index.php?rest_route=%2Fwp%2Fv2%2Ftags&post=13642"}],"curies":[{"name":"wp","href":"https:\/\/api.w.org\/{rel}","templated":true}]}}