{"id":13639,"date":"2022-02-10T11:56:54","date_gmt":"2022-02-10T14:56:54","guid":{"rendered":"https:\/\/radiorevelacionfm.cl\/?p=13639"},"modified":"2022-02-10T11:56:54","modified_gmt":"2022-02-10T14:56:54","slug":"avanza-mocion-que-busca-prorrogar-licencias-de-conducir-hasta-el-2023","status":"publish","type":"post","link":"https:\/\/radiorevelacionfm.cl\/?p=13639","title":{"rendered":"Avanza moci\u00f3n que busca prorrogar licencias de conducir hasta el 2023"},"content":{"rendered":"<div class=\"flex_column av_one_full  flex_column_div av-zero-column-padding first  avia-builder-el-0  el_before_av_one_full  avia-builder-el-first  \" style='border-radius:0px; '><div  class='avia-image-container  av-styling-    avia-builder-el-1  avia-builder-el-no-sibling  avia-align-center '  itemprop=\"image\" itemscope=\"itemscope\" itemtype=\"https:\/\/schema.org\/ImageObject\"  ><div class='avia-image-container-inner'><div class='avia-image-overlay-wrap'><img decoding=\"async\" class='wp-image-13640 avia-img-lazy-loading-not-13640 avia_image' src=\"https:\/\/radiorevelacionfm.cl\/wp-content\/uploads\/2022\/02\/licencia-de-conducir1-2-2.jpg\" alt='' title='licencia-de-conducir1-2-2' height=\"600\" width=\"900\"  itemprop=\"thumbnailUrl\" srcset=\"https:\/\/radiorevelacionfm.cl\/wp-content\/uploads\/2022\/02\/licencia-de-conducir1-2-2.jpg 900w, https:\/\/radiorevelacionfm.cl\/wp-content\/uploads\/2022\/02\/licencia-de-conducir1-2-2-300x200.jpg 300w, https:\/\/radiorevelacionfm.cl\/wp-content\/uploads\/2022\/02\/licencia-de-conducir1-2-2-768x512.jpg 768w, https:\/\/radiorevelacionfm.cl\/wp-content\/uploads\/2022\/02\/licencia-de-conducir1-2-2-705x470.jpg 705w, https:\/\/radiorevelacionfm.cl\/wp-content\/uploads\/2022\/02\/licencia-de-conducir1-2-2-600x400.jpg 600w\" sizes=\"(max-width: 900px) 100vw, 900px\" \/><\/div><\/div><\/div><\/div><div class=\"flex_column av_one_full  flex_column_div av-zero-column-padding first  avia-builder-el-2  el_after_av_one_full  el_before_av_one_full  column-top-margin\" style='border-radius:0px; '><section class=\"av_textblock_section \"  itemscope=\"itemscope\" itemtype=\"https:\/\/schema.org\/BlogPosting\" itemprop=\"blogPost\" ><div class='avia_textblock  '   itemprop=\"text\" ><p style=\"text-align: center;\"><strong><span style=\"font-size: 18pt;\">Avanza moci\u00f3n que busca prorrogar licencias de conducir hasta el 2023<\/span><\/strong><\/p>\n<div id=\"gtx-trans\" style=\"position: absolute; left: -50px; top: 4.31534px;\">\n<div class=\"gtx-trans-icon\"><\/div>\n<\/div>\n<\/div><\/section><\/div><div class=\"flex_column av_one_full  flex_column_div av-zero-column-padding first  avia-builder-el-4  el_after_av_one_full  el_before_av_hr  column-top-margin\" style='border-radius:0px; '><section class=\"av_textblock_section \"  itemscope=\"itemscope\" itemtype=\"https:\/\/schema.org\/BlogPosting\" itemprop=\"blogPost\" ><div class='avia_textblock  '   itemprop=\"text\" ><div id=\"CUERPO\" class=\"CUERPO\">\n<p style=\"text-align: justify;\">De manera un\u00e1nime, la Sala del Senado aprob\u00f3 y despach\u00f3 a cumplir su segundo tr\u00e1mite constitucional el proyecto que prorroga las licencias de conducir que vencieron los a\u00f1os 2020, 2021 y 2022, hasta el 2023.<\/p>\n<p style=\"text-align: justify;\">Se trata de una moci\u00f3n presentada por los senadores Felipe Kast, Luz Ebensperger y David Sandoval, bajo el argumento que se mantienen las condiciones sanitarias que motivaron la dictaci\u00f3n de las leyes N\u00ba 21.222 y 21.313, que prorrogaron, por un a\u00f1o, la vigencia de las licencias de conducir que venc\u00edan durante el a\u00f1o 2020 y 2021, respectivamente.<\/p>\n<p style=\"text-align: justify;\">Cabe recordar que, en ambos casos, la situaci\u00f3n de fondo considerada por ambas leyes fue el hecho que, con ocasi\u00f3n de la pandemia del virus Covid-19, era necesario evitar el colapso de las municipalidades del pa\u00eds y consecuentes aglomeraciones que comprometiesen la salud p\u00fablica.<\/p>\n<p style=\"text-align: justify;\">Si bien se han levantado algunas restricciones, es un hecho cierto que en muchas municipalidades no hay horas disponibles para los respectivos controles y renovaci\u00f3n de las licencias. A ello se suma la variante omicr\u00f3n de alto poder de contagio.<\/p>\n<p style=\"text-align: justify;\">Fue la presidenta de la Comisi\u00f3n de Transportes y Telecomunicaciones, senadora<a href=\"https:\/\/sesiones.senado.cl\/#1643238380\"> Ximena \u00d3rdenes<\/a>\u00a0, quien explic\u00f3 los fundamentos de la iniciativa que, en lo fundamental, prorroga la vigencia de todas las licencias de conducir cuyo control correspondiere realizar durante los a\u00f1os 2020, 2021 y 2022, las cuales se entender\u00e1n vigentes hasta el d\u00eda y mes se\u00f1alados en la licencia respectiva, del a\u00f1o 2023.<\/p>\n<\/div>\n<\/div><\/section><\/div><div  style='height:50px' class='hr hr-invisible   avia-builder-el-6  el_after_av_one_full  el_before_av_social_share '><span class='hr-inner ' ><span class='hr-inner-style'><\/span><\/span><\/div><\/p>\n<div  class='av-social-sharing-box  avia-builder-el-7  el_after_av_hr  el_before_av_hr  '><div class='av-share-box'><h5 class='av-share-link-description av-no-toc '>Compartir esta noticia<\/h5><ul class='av-share-box-list noLightbox'><li class='av-share-link av-social-link-facebook' ><a target=\"_blank\" aria-label=\"Compartir en Facebook\" href='https:\/\/www.facebook.com\/sharer.php?u=https:\/\/radiorevelacionfm.cl\/?p=13639&#038;t=Avanza%20moci%C3%B3n%20que%20busca%20prorrogar%20licencias%20de%20conducir%20hasta%20el%202023' aria-hidden='false' data-av_icon='\ue8f3' data-av_iconfont='entypo-fontello' title='' data-avia-related-tooltip='Compartir en Facebook' rel=\"noopener\"><span class='avia_hidden_link_text'>Compartir en Facebook<\/span><\/a><\/li><li class='av-share-link av-social-link-twitter' ><a target=\"_blank\" aria-label=\"Compartir en Twitter\" href='https:\/\/twitter.com\/share?text=Avanza%20moci%C3%B3n%20que%20busca%20prorrogar%20licencias%20de%20conducir%20hasta%20el%202023&#038;url=https:\/\/radiorevelacionfm.cl\/?p=13639' aria-hidden='false' data-av_icon='\ue8f1' data-av_iconfont='entypo-fontello' title='' data-avia-related-tooltip='Compartir en Twitter' rel=\"noopener\"><span class='avia_hidden_link_text'>Compartir en Twitter<\/span><\/a><\/li><li class='av-share-link av-social-link-whatsapp' ><a target=\"_blank\" aria-label=\"Compartir en Whatsapp\" href='https:\/\/api.whatsapp.com\/send?text=https:\/\/radiorevelacionfm.cl\/?p=13639' aria-hidden='false' data-av_icon='\uf232' data-av_iconfont='entypo-fontello' title='' data-avia-related-tooltip='Compartir en Whatsapp' rel=\"noopener\"><span class='avia_hidden_link_text'>Compartir en Whatsapp<\/span><\/a><\/li><li class='av-share-link av-social-link-linkedin' ><a target=\"_blank\" aria-label=\"Compartir en LinkedIn\" href='https:\/\/linkedin.com\/shareArticle?mini=true&#038;title=Avanza%20moci%C3%B3n%20que%20busca%20prorrogar%20licencias%20de%20conducir%20hasta%20el%202023&#038;url=https:\/\/radiorevelacionfm.cl\/?p=13639' aria-hidden='false' data-av_icon='\ue8fc' data-av_iconfont='entypo-fontello' title='' data-avia-related-tooltip='Compartir en LinkedIn' rel=\"noopener\"><span class='avia_hidden_link_text'>Compartir en LinkedIn<\/span><\/a><\/li><li class='av-share-link av-social-link-mail' ><a  aria-label=\"Compartir por correo\" href='mailto:?subject=Avanza%20moci%C3%B3n%20que%20busca%20prorrogar%20licencias%20de%20conducir%20hasta%20el%202023&#038;body=https:\/\/radiorevelacionfm.cl\/?p=13639' aria-hidden='false' data-av_icon='\ue805' data-av_iconfont='entypo-fontello' title='' data-avia-related-tooltip='Compartir por correo'><span class='avia_hidden_link_text'>Compartir por correo<\/span><\/a><\/li><\/ul><\/div><\/div>\n<div  style='height:50px' class='hr hr-invisible   avia-builder-el-8  el_after_av_social_share  el_before_av_comments_list '><span class='hr-inner ' ><span class='hr-inner-style'><\/span><\/span><\/div>\n<div  class='av-buildercomment  av-blog-meta-html-info-disabled av-blog-meta-tag-disabled  '><\/div>\n","protected":false},"excerpt":{"rendered":"","protected":false},"author":1,"featured_media":13640,"comment_status":"open","ping_status":"open","sticky":false,"template":"","format":"standard","meta":{"footnotes":""},"categories":[35],"tags":[],"class_list":["post-13639","post","type-post","status-publish","format-standard","has-post-thumbnail","hentry","category-politica"],"jetpack_featured_media_url":"https:\/\/radiorevelacionfm.cl\/wp-content\/uploads\/2022\/02\/licencia-de-conducir1-2-2.jpg","_links":{"self":[{"href":"https:\/\/radiorevelacionfm.cl\/index.php?rest_route=\/wp\/v2\/posts\/13639","targetHints":{"allow":["GET"]}}],"collection":[{"href":"https:\/\/radiorevelacionfm.cl\/index.php?rest_route=\/wp\/v2\/posts"}],"about":[{"href":"https:\/\/radiorevelacionfm.cl\/index.php?rest_route=\/wp\/v2\/types\/post"}],"author":[{"embeddable":true,"href":"https:\/\/radiorevelacionfm.cl\/index.php?rest_route=\/wp\/v2\/users\/1"}],"replies":[{"embeddable":true,"href":"https:\/\/radiorevelacionfm.cl\/index.php?rest_route=%2Fwp%2Fv2%2Fcomments&post=13639"}],"version-history":[{"count":2,"href":"https:\/\/radiorevelacionfm.cl\/index.php?rest_route=\/wp\/v2\/posts\/13639\/revisions"}],"predecessor-version":[{"id":13655,"href":"https:\/\/radiorevelacionfm.cl\/index.php?rest_route=\/wp\/v2\/posts\/13639\/revisions\/13655"}],"wp:featuredmedia":[{"embeddable":true,"href":"https:\/\/radiorevelacionfm.cl\/index.php?rest_route=\/wp\/v2\/media\/13640"}],"wp:attachment":[{"href":"https:\/\/radiorevelacionfm.cl\/index.php?rest_route=%2Fwp%2Fv2%2Fmedia&parent=13639"}],"wp:term":[{"taxonomy":"category","embeddable":true,"href":"https:\/\/radiorevelacionfm.cl\/index.php?rest_route=%2Fwp%2Fv2%2Fcategories&post=13639"},{"taxonomy":"post_tag","embeddable":true,"href":"https:\/\/radiorevelacionfm.cl\/index.php?rest_route=%2Fwp%2Fv2%2Ftags&post=13639"}],"curies":[{"name":"wp","href":"https:\/\/api.w.org\/{rel}","templated":true}]}}