{"id":13636,"date":"2022-02-09T13:32:21","date_gmt":"2022-02-09T16:32:21","guid":{"rendered":"https:\/\/radiorevelacionfm.cl\/?p=13636"},"modified":"2022-02-09T13:32:21","modified_gmt":"2022-02-09T16:32:21","slug":"caso-luminarias-corte-de-coyhaique-confirma-el-arraigo-comunal-de-ex-alcalde-huala-imputado-por-cohecho","status":"publish","type":"post","link":"https:\/\/radiorevelacionfm.cl\/?p=13636","title":{"rendered":"Caso luminarias: Corte de Coyhaique confirma el arraigo comunal de ex alcalde Huala imputado por cohecho"},"content":{"rendered":"<div class=\"flex_column av_one_full  flex_column_div av-zero-column-padding first  avia-builder-el-0  el_before_av_one_full  avia-builder-el-first  \" style='border-radius:0px; '><div  class='avia-image-container  av-styling-    avia-builder-el-1  avia-builder-el-no-sibling  avia-align-center '  itemprop=\"image\" itemscope=\"itemscope\" itemtype=\"https:\/\/schema.org\/ImageObject\"  ><div class='avia-image-container-inner'><div class='avia-image-overlay-wrap'><img decoding=\"async\" class='wp-image-6404 avia-img-lazy-loading-not-6404 avia_image' src=\"https:\/\/radiorevelacionfm.cl\/wp-content\/uploads\/2021\/07\/Alcalde-Huala-3-1-1.jpg\" alt='' title='Alcalde Huala 3 (1) (1)' height=\"600\" width=\"901\"  itemprop=\"thumbnailUrl\" srcset=\"https:\/\/radiorevelacionfm.cl\/wp-content\/uploads\/2021\/07\/Alcalde-Huala-3-1-1.jpg 901w, https:\/\/radiorevelacionfm.cl\/wp-content\/uploads\/2021\/07\/Alcalde-Huala-3-1-1-300x200.jpg 300w, https:\/\/radiorevelacionfm.cl\/wp-content\/uploads\/2021\/07\/Alcalde-Huala-3-1-1-768x511.jpg 768w, https:\/\/radiorevelacionfm.cl\/wp-content\/uploads\/2021\/07\/Alcalde-Huala-3-1-1-705x469.jpg 705w, https:\/\/radiorevelacionfm.cl\/wp-content\/uploads\/2021\/07\/Alcalde-Huala-3-1-1-600x400.jpg 600w\" sizes=\"(max-width: 901px) 100vw, 901px\" \/><\/div><\/div><\/div><\/div><div class=\"flex_column av_one_full  flex_column_div av-zero-column-padding first  avia-builder-el-2  el_after_av_one_full  el_before_av_one_full  column-top-margin\" style='border-radius:0px; '><section class=\"av_textblock_section \"  itemscope=\"itemscope\" itemtype=\"https:\/\/schema.org\/BlogPosting\" itemprop=\"blogPost\" ><div class='avia_textblock  '   itemprop=\"text\" ><p style=\"text-align: center;\"><span style=\"font-size: 18pt;\"><strong>Caso luminarias: Corte de Coyhaique confirma el arraigo comunal de ex alcalde Huala imputado por cohecho<\/strong><\/span><\/p>\n<div id=\"gtx-trans\" style=\"position: absolute; left: -50px; top: 4.31534px;\">\n<div class=\"gtx-trans-icon\"><\/div>\n<\/div>\n<\/div><\/section><\/div><div class=\"flex_column av_one_full  flex_column_div av-zero-column-padding first  avia-builder-el-4  el_after_av_one_full  el_before_av_hr  column-top-margin\" style='border-radius:0px; '><section class=\"av_textblock_section \"  itemscope=\"itemscope\" itemtype=\"https:\/\/schema.org\/BlogPosting\" itemprop=\"blogPost\" ><div class='avia_textblock  '   itemprop=\"text\" ><p class=\"v1MsoNormal\" style=\"text-align: justify;\">La Corte de Coyhaique rechaz\u00f3 hoy \u2013mi\u00e9rcoles 9 de febrero\u2013\u00a0los recursos de apelaci\u00f3n presentados por el Ministerio P\u00fablico y la querellante Consejo de Defensa del Estado\u00a0y confirm\u00f3 la resoluci\u00f3n que dej\u00f3 bajo la medida cautelar de arraigo comunal a Rigoberto Alejandro Huala Canum\u00e1n, exalcalde de la comuna, y a Julio Alejandro Villarroel Rojas, exfuncionario municipal, imputados como autores de los delitos consumados de cohecho y violaci\u00f3n de secreto. Il\u00edcitos que habr\u00edan perpetrado entre 2016 y 2017, periodo en que ejerc\u00edan dichos cargos p\u00fablicos.<\/p>\n<p class=\"v1MsoNormal\" style=\"text-align: justify;\">En fallo un\u00e1nime (causa rol 30-2022 y acumulada), la Primera Sala del tribunal de alzada \u2013integrada por los ministros Natalia Rencoret, Sergio Mora y Jos\u00e9 Ignacio Mora\u2013 confirm\u00f3 la resoluci\u00f3n impugnada, dictada por el Juzgado de Garant\u00eda de Coyhaique, al compartir que la medida cautelar impuesta resulta adecuada y suficiente para asegurar los fines del procedimiento y, adem\u00e1s, est\u00e1 en proporci\u00f3n a los il\u00edcitos formalizados, los cuales no tienen asignadas en la ley que los consagra, penas de crimen.<\/p>\n<p class=\"v1MsoNormal\" style=\"text-align: justify;\">\u00abAtendido el m\u00e9rito de los antecedentes que hasta ahora se conocen; alegaciones de los intervinientes; estim\u00e1ndose que la medida cautelar de arraigo comunal decretada por el Juez de Garant\u00eda en contra de los imputados Rigoberto Alejandro Huala Canum\u00e1n y Julio Alejandro Villarroel Rojas, aparece proporcionada, en relaci\u00f3n a los il\u00edcitos por los que se les ha formalizado, esto es, cohecho y violaci\u00f3n de secreto, cuyas sanciones establecidas en nuestra legislaci\u00f3n son las de reclusi\u00f3n menor en su grado medio y reclusi\u00f3n menor en sus grados m\u00ednimo a medio y multa, respectivamente, es decir, los delitos imputados no tienen asignada pena de crimen en la ley que los consagra, siendo, adem\u00e1s, un hecho reconocido por el Ministerio P\u00fablico que les favorecer\u00eda a ambos encartados la atenuante de irreprochable conducta anterior, del art\u00edculo 11 N.\u00ba 6, del C\u00f3digo Penal, por lo que la medida decretada de arraigo comunal resulta adecuada y suficiente para asegurar los fines del procedimiento, por lo que se estima del caso, en consecuencia, no acceder a la petici\u00f3n del Consejo de Defensa del Estado y del Ministerio P\u00fablico de decretar la medida cautelar de prisi\u00f3n preventiva en su contra; y de conformidad a lo establecido en los art\u00edculos 140 y 155 del C\u00f3digo Procesal Penal\u00bb, consigna la resoluci\u00f3n.<\/p>\n<p class=\"v1MsoNormal\" style=\"text-align: justify;\">Por tanto, se resuelve que: \u00abSE CONFIRMA\u00a0la resoluci\u00f3n apelada de fecha 3 de febrero de 2022, en cuanto por ella se dispuso la medida de arraigo comunal en contra de los mencionados imputados, sin hacer lugar a la solicitud de los recurrentes de decretar la prisi\u00f3n preventiva a su respecto\u00bb.<\/p>\n<p class=\"v1MsoNormal\" style=\"text-align: justify;\">Seg\u00fan el ente persecutor,\u00a0los imputados Rigoberto Alejandro Huala Canum\u00e1n y Julio Alejandro Villarroel Rojas, alcalde de Coyhaique y director de la\u00a0Secretar\u00eda Comunal de Planificaci\u00f3n, respectivamente, entre 2016 y 2017 aceptaron aproximadamente $15.000.000 (quince millones de pesos) entregados por representantes de la empresa Itelecom, para asegurar la adjudicaci\u00f3n por $1.802.292.000 (mil ochocientos dos millones doscientos noventa y dos mil pesos) del proyecto de reposici\u00f3n de luminarias de tecnolog\u00eda LED en el alumbrado p\u00fablico de la ciudad. En dicho contexto, los funcionarios p\u00fablicos de manera previa al pago, entregaron las bases t\u00e9cnicas a la empresa, la cual fue modificada y adjudicada meses m\u00e1s tarde a Itelecom.<\/p>\n<\/div><\/section><\/div><div  style='height:50px' class='hr hr-invisible   avia-builder-el-6  el_after_av_one_full  el_before_av_social_share '><span class='hr-inner ' ><span class='hr-inner-style'><\/span><\/span><\/div><\/p>\n<div  class='av-social-sharing-box  avia-builder-el-7  el_after_av_hr  el_before_av_hr  '><div class='av-share-box'><h5 class='av-share-link-description av-no-toc '>Compartir esta noticia<\/h5><ul class='av-share-box-list noLightbox'><li class='av-share-link av-social-link-facebook' ><a target=\"_blank\" aria-label=\"Compartir en Facebook\" href='https:\/\/www.facebook.com\/sharer.php?u=https:\/\/radiorevelacionfm.cl\/?p=13636&#038;t=Caso%20luminarias%3A%20Corte%20de%20Coyhaique%20confirma%20el%20arraigo%20comunal%20de%20ex%20alcalde%20Huala%20imputado%20por%20cohecho' aria-hidden='false' data-av_icon='\ue8f3' data-av_iconfont='entypo-fontello' title='' data-avia-related-tooltip='Compartir en Facebook' rel=\"noopener\"><span class='avia_hidden_link_text'>Compartir en Facebook<\/span><\/a><\/li><li class='av-share-link av-social-link-twitter' ><a target=\"_blank\" aria-label=\"Compartir en Twitter\" href='https:\/\/twitter.com\/share?text=Caso%20luminarias%3A%20Corte%20de%20Coyhaique%20confirma%20el%20arraigo%20comunal%20de%20ex%20alcalde%20Huala%20imputado%20por%20cohecho&#038;url=https:\/\/radiorevelacionfm.cl\/?p=13636' aria-hidden='false' data-av_icon='\ue8f1' data-av_iconfont='entypo-fontello' title='' data-avia-related-tooltip='Compartir en Twitter' rel=\"noopener\"><span class='avia_hidden_link_text'>Compartir en Twitter<\/span><\/a><\/li><li class='av-share-link av-social-link-whatsapp' ><a target=\"_blank\" aria-label=\"Compartir en Whatsapp\" href='https:\/\/api.whatsapp.com\/send?text=https:\/\/radiorevelacionfm.cl\/?p=13636' aria-hidden='false' data-av_icon='\uf232' data-av_iconfont='entypo-fontello' title='' data-avia-related-tooltip='Compartir en Whatsapp' rel=\"noopener\"><span class='avia_hidden_link_text'>Compartir en Whatsapp<\/span><\/a><\/li><li class='av-share-link av-social-link-linkedin' ><a target=\"_blank\" aria-label=\"Compartir en LinkedIn\" href='https:\/\/linkedin.com\/shareArticle?mini=true&#038;title=Caso%20luminarias%3A%20Corte%20de%20Coyhaique%20confirma%20el%20arraigo%20comunal%20de%20ex%20alcalde%20Huala%20imputado%20por%20cohecho&#038;url=https:\/\/radiorevelacionfm.cl\/?p=13636' aria-hidden='false' data-av_icon='\ue8fc' data-av_iconfont='entypo-fontello' title='' data-avia-related-tooltip='Compartir en LinkedIn' rel=\"noopener\"><span class='avia_hidden_link_text'>Compartir en LinkedIn<\/span><\/a><\/li><li class='av-share-link av-social-link-mail' ><a  aria-label=\"Compartir por correo\" href='mailto:?subject=Caso%20luminarias%3A%20Corte%20de%20Coyhaique%20confirma%20el%20arraigo%20comunal%20de%20ex%20alcalde%20Huala%20imputado%20por%20cohecho&#038;body=https:\/\/radiorevelacionfm.cl\/?p=13636' aria-hidden='false' data-av_icon='\ue805' data-av_iconfont='entypo-fontello' title='' data-avia-related-tooltip='Compartir por correo'><span class='avia_hidden_link_text'>Compartir por correo<\/span><\/a><\/li><\/ul><\/div><\/div>\n<div  style='height:50px' class='hr hr-invisible   avia-builder-el-8  el_after_av_social_share  el_before_av_comments_list '><span class='hr-inner ' ><span class='hr-inner-style'><\/span><\/span><\/div>\n<div  class='av-buildercomment  av-blog-meta-html-info-disabled av-blog-meta-tag-disabled  '><\/div>\n","protected":false},"excerpt":{"rendered":"","protected":false},"author":1,"featured_media":6404,"comment_status":"open","ping_status":"open","sticky":false,"template":"","format":"standard","meta":{"footnotes":""},"categories":[55],"tags":[],"class_list":["post-13636","post","type-post","status-publish","format-standard","has-post-thumbnail","hentry","category-justicia"],"jetpack_featured_media_url":"https:\/\/radiorevelacionfm.cl\/wp-content\/uploads\/2021\/07\/Alcalde-Huala-3-1-1.jpg","_links":{"self":[{"href":"https:\/\/radiorevelacionfm.cl\/index.php?rest_route=\/wp\/v2\/posts\/13636","targetHints":{"allow":["GET"]}}],"collection":[{"href":"https:\/\/radiorevelacionfm.cl\/index.php?rest_route=\/wp\/v2\/posts"}],"about":[{"href":"https:\/\/radiorevelacionfm.cl\/index.php?rest_route=\/wp\/v2\/types\/post"}],"author":[{"embeddable":true,"href":"https:\/\/radiorevelacionfm.cl\/index.php?rest_route=\/wp\/v2\/users\/1"}],"replies":[{"embeddable":true,"href":"https:\/\/radiorevelacionfm.cl\/index.php?rest_route=%2Fwp%2Fv2%2Fcomments&post=13636"}],"version-history":[{"count":2,"href":"https:\/\/radiorevelacionfm.cl\/index.php?rest_route=\/wp\/v2\/posts\/13636\/revisions"}],"predecessor-version":[{"id":13638,"href":"https:\/\/radiorevelacionfm.cl\/index.php?rest_route=\/wp\/v2\/posts\/13636\/revisions\/13638"}],"wp:featuredmedia":[{"embeddable":true,"href":"https:\/\/radiorevelacionfm.cl\/index.php?rest_route=\/wp\/v2\/media\/6404"}],"wp:attachment":[{"href":"https:\/\/radiorevelacionfm.cl\/index.php?rest_route=%2Fwp%2Fv2%2Fmedia&parent=13636"}],"wp:term":[{"taxonomy":"category","embeddable":true,"href":"https:\/\/radiorevelacionfm.cl\/index.php?rest_route=%2Fwp%2Fv2%2Fcategories&post=13636"},{"taxonomy":"post_tag","embeddable":true,"href":"https:\/\/radiorevelacionfm.cl\/index.php?rest_route=%2Fwp%2Fv2%2Ftags&post=13636"}],"curies":[{"name":"wp","href":"https:\/\/api.w.org\/{rel}","templated":true}]}}