{"id":13632,"date":"2022-02-09T13:19:56","date_gmt":"2022-02-09T16:19:56","guid":{"rendered":"https:\/\/radiorevelacionfm.cl\/?p=13632"},"modified":"2022-02-09T13:19:56","modified_gmt":"2022-02-09T16:19:56","slug":"dpp-aysen-reune-a-comites-de-vecinos-y-edelaysen-para-trabajar-ante-reiterados-cortes-de-luz","status":"publish","type":"post","link":"https:\/\/radiorevelacionfm.cl\/?p=13632","title":{"rendered":"DPP Ays\u00e9n re\u00fane a Comit\u00e9s de vecinos y Edelaysen para trabajar ante reiterados cortes de luz"},"content":{"rendered":"<div class=\"flex_column av_one_full  flex_column_div av-zero-column-padding first  avia-builder-el-0  el_before_av_one_full  avia-builder-el-first  \" style='border-radius:0px; '><div  class='avia-image-container  av-styling-    avia-builder-el-1  avia-builder-el-no-sibling  avia-align-center '  itemprop=\"image\" itemscope=\"itemscope\" itemtype=\"https:\/\/schema.org\/ImageObject\"  ><div class='avia-image-container-inner'><div class='avia-image-overlay-wrap'><img decoding=\"async\" class='wp-image-13633 avia-img-lazy-loading-not-13633 avia_image' src=\"https:\/\/radiorevelacionfm.cl\/wp-content\/uploads\/2022\/02\/1-edelaysen-2-2.jpg\" alt='' title='1 edelaysen-2-2' height=\"600\" width=\"900\"  itemprop=\"thumbnailUrl\" srcset=\"https:\/\/radiorevelacionfm.cl\/wp-content\/uploads\/2022\/02\/1-edelaysen-2-2.jpg 900w, https:\/\/radiorevelacionfm.cl\/wp-content\/uploads\/2022\/02\/1-edelaysen-2-2-300x200.jpg 300w, https:\/\/radiorevelacionfm.cl\/wp-content\/uploads\/2022\/02\/1-edelaysen-2-2-768x512.jpg 768w, https:\/\/radiorevelacionfm.cl\/wp-content\/uploads\/2022\/02\/1-edelaysen-2-2-705x470.jpg 705w, https:\/\/radiorevelacionfm.cl\/wp-content\/uploads\/2022\/02\/1-edelaysen-2-2-600x400.jpg 600w\" sizes=\"(max-width: 900px) 100vw, 900px\" \/><\/div><\/div><\/div><\/div><div class=\"flex_column av_one_full  flex_column_div av-zero-column-padding first  avia-builder-el-2  el_after_av_one_full  el_before_av_one_full  column-top-margin\" style='border-radius:0px; '><section class=\"av_textblock_section \"  itemscope=\"itemscope\" itemtype=\"https:\/\/schema.org\/BlogPosting\" itemprop=\"blogPost\" ><div class='avia_textblock  '   itemprop=\"text\" ><p style=\"text-align: center;\"><span style=\"font-size: 18pt;\"><strong>DPP Ays\u00e9n re\u00fane a Comit\u00e9s de vecinos y Edelaysen para trabajar ante reiterados cortes de luz<\/strong><\/span><\/p>\n<div id=\"gtx-trans\" style=\"position: absolute; left: -50px; top: 4.31534px;\">\n<div class=\"gtx-trans-icon\"><\/div>\n<\/div>\n<\/div><\/section><\/div><div class=\"flex_column av_one_full  flex_column_div av-zero-column-padding first  avia-builder-el-4  el_after_av_one_full  el_before_av_hr  column-top-margin\" style='border-radius:0px; '><section class=\"av_textblock_section \"  itemscope=\"itemscope\" itemtype=\"https:\/\/schema.org\/BlogPosting\" itemprop=\"blogPost\" ><div class='avia_textblock  '   itemprop=\"text\" ><p style=\"text-align: justify;\">Durante estas \u00faltimas semanas han sido reiterativos los cortes de energ\u00eda el\u00e9ctrica en Puerto Ays\u00e9n y alrededores, generando la incomodidad y malestar de los vecinos y vecinas ante estas interrupciones imprevistas, ante esto el Comit\u00e9 R\u00edo Pangal Bajo que re\u00fane a cerca de 150 familias hace unos d\u00edas solicitaron mediante una carta al Delegado Presidencial Manuel Ortiz que intercediera y pudiera acercar a la empresa y a este grupo de vecinos a una reuni\u00f3n para aclarar y trabajar en soluciones. Este encuentro se hizo realidad durante la jornada de este martes en donde el Presidente del Comit\u00e9 Jos\u00e9 Jara valor\u00f3 las gestiones realizadas por el DPP Ays\u00e9n y el avance de este encuentro de trabajo \u201cagradeciendo la gesti\u00f3n del Delegado Presidencial qui\u00e9n llam\u00f3 a la empresa a hacerse presente a una reuni\u00f3n donde podamos llegar a solucionar de alguna manera los problemas que persisten en el sector con los cortes\u201d.<\/p>\n<p style=\"text-align: justify;\">Seguidamente el dirigente vecinal agregaba \u201cnosotros hemos planteado reiterados reclamos al respecto porque desde septiembre a la fecha van alrededor de 12 cortes donde hay riesgos en todo sentido, afortunadamente con esto ya marcamos una ruta de trabajo, esperamos las soluciones concretas porque la empresa ya tiene los recursos para solucionar el tema definitivamente, donde planteaban comenzar en marzo para terminar en abril con una soluci\u00f3n al problema en el sector en donde ya se dejar\u00eda pertenecer a la l\u00ednea que viene desde Coyhaique\u201d.<\/p>\n<p style=\"text-align: justify;\">Respecto al rol que cumpli\u00f3 esta Delegaci\u00f3n el DPP Ays\u00e9n Manuel Ortiz indicaba \u201cesta soluci\u00f3n que ser\u00e1 en dos meses ser\u00e1 en conjunto con los vecinos, se visitar\u00e1 el lugar, se ver\u00e1 el terreno donde se va a realizar la extensi\u00f3n de l\u00ednea y nosotros como delegaci\u00f3n seguimos cumpliendo hasta el \u00faltimo d\u00eda ayudando a nuestros vecinos a concretar esos sue\u00f1os de mejorar su calidad de vida\u201d.<\/p>\n<\/div><\/section><\/div><div  style='height:50px' class='hr hr-invisible   avia-builder-el-6  el_after_av_one_full  el_before_av_social_share '><span class='hr-inner ' ><span class='hr-inner-style'><\/span><\/span><\/div><\/p>\n<div  class='av-social-sharing-box  avia-builder-el-7  el_after_av_hr  el_before_av_hr  '><div class='av-share-box'><h5 class='av-share-link-description av-no-toc '>Compartir esta noticia<\/h5><ul class='av-share-box-list noLightbox'><li class='av-share-link av-social-link-facebook' ><a target=\"_blank\" aria-label=\"Compartir en Facebook\" href='https:\/\/www.facebook.com\/sharer.php?u=https:\/\/radiorevelacionfm.cl\/?p=13632&#038;t=DPP%20Ays%C3%A9n%20re%C3%BAne%20a%20Comit%C3%A9s%20de%20vecinos%20y%20Edelaysen%20para%20trabajar%20ante%20reiterados%20cortes%20de%20luz' aria-hidden='false' data-av_icon='\ue8f3' data-av_iconfont='entypo-fontello' title='' data-avia-related-tooltip='Compartir en Facebook' rel=\"noopener\"><span class='avia_hidden_link_text'>Compartir en Facebook<\/span><\/a><\/li><li class='av-share-link av-social-link-twitter' ><a target=\"_blank\" aria-label=\"Compartir en Twitter\" href='https:\/\/twitter.com\/share?text=DPP%20Ays%C3%A9n%20re%C3%BAne%20a%20Comit%C3%A9s%20de%20vecinos%20y%20Edelaysen%20para%20trabajar%20ante%20reiterados%20cortes%20de%20luz&#038;url=https:\/\/radiorevelacionfm.cl\/?p=13632' aria-hidden='false' data-av_icon='\ue8f1' data-av_iconfont='entypo-fontello' title='' data-avia-related-tooltip='Compartir en Twitter' rel=\"noopener\"><span class='avia_hidden_link_text'>Compartir en Twitter<\/span><\/a><\/li><li class='av-share-link av-social-link-whatsapp' ><a target=\"_blank\" aria-label=\"Compartir en Whatsapp\" href='https:\/\/api.whatsapp.com\/send?text=https:\/\/radiorevelacionfm.cl\/?p=13632' aria-hidden='false' data-av_icon='\uf232' data-av_iconfont='entypo-fontello' title='' data-avia-related-tooltip='Compartir en Whatsapp' rel=\"noopener\"><span class='avia_hidden_link_text'>Compartir en Whatsapp<\/span><\/a><\/li><li class='av-share-link av-social-link-linkedin' ><a target=\"_blank\" aria-label=\"Compartir en LinkedIn\" href='https:\/\/linkedin.com\/shareArticle?mini=true&#038;title=DPP%20Ays%C3%A9n%20re%C3%BAne%20a%20Comit%C3%A9s%20de%20vecinos%20y%20Edelaysen%20para%20trabajar%20ante%20reiterados%20cortes%20de%20luz&#038;url=https:\/\/radiorevelacionfm.cl\/?p=13632' aria-hidden='false' data-av_icon='\ue8fc' data-av_iconfont='entypo-fontello' title='' data-avia-related-tooltip='Compartir en LinkedIn' rel=\"noopener\"><span class='avia_hidden_link_text'>Compartir en LinkedIn<\/span><\/a><\/li><li class='av-share-link av-social-link-mail' ><a  aria-label=\"Compartir por correo\" href='mailto:?subject=DPP%20Ays%C3%A9n%20re%C3%BAne%20a%20Comit%C3%A9s%20de%20vecinos%20y%20Edelaysen%20para%20trabajar%20ante%20reiterados%20cortes%20de%20luz&#038;body=https:\/\/radiorevelacionfm.cl\/?p=13632' aria-hidden='false' data-av_icon='\ue805' data-av_iconfont='entypo-fontello' title='' data-avia-related-tooltip='Compartir por correo'><span class='avia_hidden_link_text'>Compartir por correo<\/span><\/a><\/li><\/ul><\/div><\/div>\n<div  style='height:50px' class='hr hr-invisible   avia-builder-el-8  el_after_av_social_share  el_before_av_comments_list '><span class='hr-inner ' ><span class='hr-inner-style'><\/span><\/span><\/div>\n<div  class='av-buildercomment  av-blog-meta-html-info-disabled av-blog-meta-tag-disabled  '><\/div>\n","protected":false},"excerpt":{"rendered":"","protected":false},"author":1,"featured_media":13633,"comment_status":"open","ping_status":"open","sticky":false,"template":"","format":"standard","meta":{"footnotes":""},"categories":[38],"tags":[],"class_list":["post-13632","post","type-post","status-publish","format-standard","has-post-thumbnail","hentry","category-regional"],"jetpack_featured_media_url":"https:\/\/radiorevelacionfm.cl\/wp-content\/uploads\/2022\/02\/1-edelaysen-2-2.jpg","_links":{"self":[{"href":"https:\/\/radiorevelacionfm.cl\/index.php?rest_route=\/wp\/v2\/posts\/13632","targetHints":{"allow":["GET"]}}],"collection":[{"href":"https:\/\/radiorevelacionfm.cl\/index.php?rest_route=\/wp\/v2\/posts"}],"about":[{"href":"https:\/\/radiorevelacionfm.cl\/index.php?rest_route=\/wp\/v2\/types\/post"}],"author":[{"embeddable":true,"href":"https:\/\/radiorevelacionfm.cl\/index.php?rest_route=\/wp\/v2\/users\/1"}],"replies":[{"embeddable":true,"href":"https:\/\/radiorevelacionfm.cl\/index.php?rest_route=%2Fwp%2Fv2%2Fcomments&post=13632"}],"version-history":[{"count":2,"href":"https:\/\/radiorevelacionfm.cl\/index.php?rest_route=\/wp\/v2\/posts\/13632\/revisions"}],"predecessor-version":[{"id":13635,"href":"https:\/\/radiorevelacionfm.cl\/index.php?rest_route=\/wp\/v2\/posts\/13632\/revisions\/13635"}],"wp:featuredmedia":[{"embeddable":true,"href":"https:\/\/radiorevelacionfm.cl\/index.php?rest_route=\/wp\/v2\/media\/13633"}],"wp:attachment":[{"href":"https:\/\/radiorevelacionfm.cl\/index.php?rest_route=%2Fwp%2Fv2%2Fmedia&parent=13632"}],"wp:term":[{"taxonomy":"category","embeddable":true,"href":"https:\/\/radiorevelacionfm.cl\/index.php?rest_route=%2Fwp%2Fv2%2Fcategories&post=13632"},{"taxonomy":"post_tag","embeddable":true,"href":"https:\/\/radiorevelacionfm.cl\/index.php?rest_route=%2Fwp%2Fv2%2Ftags&post=13632"}],"curies":[{"name":"wp","href":"https:\/\/api.w.org\/{rel}","templated":true}]}}