{"id":13628,"date":"2022-02-09T12:15:07","date_gmt":"2022-02-09T15:15:07","guid":{"rendered":"https:\/\/radiorevelacionfm.cl\/?p=13628"},"modified":"2022-02-09T12:15:07","modified_gmt":"2022-02-09T15:15:07","slug":"gore-aysen-invertira-mas-de-mil-millones-en-el-centro-de-investigacion-en-ecosistemas-de-la-patagonia-ciep","status":"publish","type":"post","link":"https:\/\/radiorevelacionfm.cl\/?p=13628","title":{"rendered":"GORE Ays\u00e9n invertir\u00e1 m\u00e1s de mil millones en el Centro de Investigaci\u00f3n en Ecosistemas de la Patagonia (CIEP)"},"content":{"rendered":"<div class=\"flex_column av_one_full  flex_column_div av-zero-column-padding first  avia-builder-el-0  el_before_av_one_full  avia-builder-el-first  \" style='border-radius:0px; '><div  class='avia-image-container  av-styling-    avia-builder-el-1  avia-builder-el-no-sibling  avia-align-center '  itemprop=\"image\" itemscope=\"itemscope\" itemtype=\"https:\/\/schema.org\/ImageObject\"  ><div class='avia-image-container-inner'><div class='avia-image-overlay-wrap'><img decoding=\"async\" class='wp-image-13629 avia-img-lazy-loading-not-13629 avia_image' src=\"https:\/\/radiorevelacionfm.cl\/wp-content\/uploads\/2022\/02\/Ciep-2-2-2.jpg\" alt='' title='Ciep 2-2-2' height=\"600\" width=\"900\"  itemprop=\"thumbnailUrl\" srcset=\"https:\/\/radiorevelacionfm.cl\/wp-content\/uploads\/2022\/02\/Ciep-2-2-2.jpg 900w, https:\/\/radiorevelacionfm.cl\/wp-content\/uploads\/2022\/02\/Ciep-2-2-2-300x200.jpg 300w, https:\/\/radiorevelacionfm.cl\/wp-content\/uploads\/2022\/02\/Ciep-2-2-2-768x512.jpg 768w, https:\/\/radiorevelacionfm.cl\/wp-content\/uploads\/2022\/02\/Ciep-2-2-2-705x470.jpg 705w, https:\/\/radiorevelacionfm.cl\/wp-content\/uploads\/2022\/02\/Ciep-2-2-2-600x400.jpg 600w\" sizes=\"(max-width: 900px) 100vw, 900px\" \/><\/div><\/div><\/div><\/div><div class=\"flex_column av_one_full  flex_column_div av-zero-column-padding first  avia-builder-el-2  el_after_av_one_full  el_before_av_one_full  column-top-margin\" style='border-radius:0px; '><section class=\"av_textblock_section \"  itemscope=\"itemscope\" itemtype=\"https:\/\/schema.org\/BlogPosting\" itemprop=\"blogPost\" ><div class='avia_textblock  '   itemprop=\"text\" ><h2 class=\"title\" style=\"text-align: center;\"><span style=\"font-size: 18pt;\"><b>GORE Ays\u00e9n invertir\u00e1 m\u00e1s de mil millones en el Centro de Investigaci\u00f3n en Ecosistemas de la Patagonia (CIEP)<\/b><\/span><\/h2>\n<div id=\"gtx-trans\" style=\"position: absolute; left: -50px; top: 4.31534px;\">\n<div class=\"gtx-trans-icon\"><\/div>\n<\/div>\n<\/div><\/section><\/div><div class=\"flex_column av_one_full  flex_column_div av-zero-column-padding first  avia-builder-el-4  el_after_av_one_full  el_before_av_hr  column-top-margin\" style='border-radius:0px; '><section class=\"av_textblock_section \"  itemscope=\"itemscope\" itemtype=\"https:\/\/schema.org\/BlogPosting\" itemprop=\"blogPost\" ><div class='avia_textblock  '   itemprop=\"text\" ><p style=\"text-align: justify;\">\u00abFueron jornadas de trabajo intenso y dedicado con la Comisi\u00f3n de Ciencia y Tecnolog\u00eda para poder aprobar los recursos de funcionamiento de nuestro CIEP. Como dec\u00eda, nos vamos tranquilos y contentos porque tenemos los recursos que permitir\u00e1n el funcionamiento todo el a\u00f1o 2022 y podemos contar con la tranquilidad de que nuestros investigadores continuar\u00e1n trabajando y desarrollando nuestra l\u00ednea de investigaci\u00f3n\u00bb, afirmaba la Subdirectora Administrativa del CIEP, Ang\u00e9lica Oyarz\u00fan.<\/p>\n<p style=\"text-align: justify;\">La transferencia que por primera vez ser\u00e1 de m\u00e1s de mil millones de pesos, se realizar\u00e1 como parte del trabajo de fortalecimiento a la generaci\u00f3n de conocimiento de nuestra regi\u00f3n para la toma de decisiones en la pol\u00edtica p\u00fablica que ha sido uno de los ejes de la gesti\u00f3n de la Gobernadora Regional Andrea Mac\u00edas Palma.<\/p>\n<p style=\"text-align: justify;\">Para el consejero Rodrigo Araya, presidente de la Comisi\u00f3n de Ciencia y Tecnolog\u00eda, la aprobaci\u00f3n por unanimidad del Presupuesto 2022 del CIEP viene a reafirmar la continuidad del trabajo colaborativo entre el Gobierno Regional y su Consejo, y el centro de estudios.<\/p>\n<p style=\"text-align: justify;\">\u00abNosotros permitimos que se financien 32 funcionarios, 17 investigadores de jornada completa y 15 personas que ser\u00e1n apoyo de todo el Centro. Lo importante de este presupuesto es que viene a suplir el d\u00e9ficit que se gener\u00f3 en los \u00faltimos 2 a\u00f1os, donde el Gobierno Regional entreg\u00f3 un 17% menos de lo que ven\u00eda aportando. (&#8230;) Otras de las noticias que nos tiene conformes es que se va a poder contratar por fin al director de la Unidad de Transferencia y Vinculaci\u00f3n con el Medio, lo que para nosotros es muy trascendente porque es una de las demandas que hay en la ciudadan\u00eda, de c\u00f3mo saber, c\u00f3mo conocer, c\u00f3mo se relaciona la investigaci\u00f3n que se hace en la regi\u00f3n con su vida diaria\u00bb, coment\u00f3 el consejero regional.<\/p>\n<p style=\"text-align: justify;\">Finalmente, para el Jefe de la Divisi\u00f3n de Planificaci\u00f3n y Desarrollo Regional, Francisco Lara, la gesti\u00f3n y trabajo por la aprobaci\u00f3n de los recursos es el cumplimiento de un compromiso de la gesti\u00f3n del Gobierno Regional durante estos pr\u00f3ximos 3 a\u00f1os.<\/p>\n<p style=\"text-align: justify;\">\u00abEsto marca un hito para la administraci\u00f3n de la Gobernadora Regional Andrea Mac\u00edas, quien ha puesto c\u00f3mo eje central el desarrollo de la ciencia, la tecnolog\u00eda, la innovaci\u00f3n y el conocimiento. Nos va a permitir que el CIEP, este a\u00f1o 2022, pueda contar con su Subdirecci\u00f3n de Transferencias, es decir, poner el conocimiento que se desarrolla por nuestros investigadores a disposici\u00f3n de la comunidad completa\u00bb, puntualiz\u00f3.<\/p>\n<\/div><\/section><\/div><div  style='height:50px' class='hr hr-invisible   avia-builder-el-6  el_after_av_one_full  el_before_av_social_share '><span class='hr-inner ' ><span class='hr-inner-style'><\/span><\/span><\/div><\/p>\n<div  class='av-social-sharing-box  avia-builder-el-7  el_after_av_hr  el_before_av_hr  '><div class='av-share-box'><h5 class='av-share-link-description av-no-toc '>Compartir esta noticia<\/h5><ul class='av-share-box-list noLightbox'><li class='av-share-link av-social-link-facebook' ><a target=\"_blank\" aria-label=\"Compartir en Facebook\" href='https:\/\/www.facebook.com\/sharer.php?u=https:\/\/radiorevelacionfm.cl\/?p=13628&#038;t=GORE%20Ays%C3%A9n%20invertir%C3%A1%20m%C3%A1s%20de%20mil%20millones%20en%20el%20Centro%20de%20Investigaci%C3%B3n%20en%20Ecosistemas%20de%20la%20Patagonia%20%28CIEP%29' aria-hidden='false' data-av_icon='\ue8f3' data-av_iconfont='entypo-fontello' title='' data-avia-related-tooltip='Compartir en Facebook' rel=\"noopener\"><span class='avia_hidden_link_text'>Compartir en Facebook<\/span><\/a><\/li><li class='av-share-link av-social-link-twitter' ><a target=\"_blank\" aria-label=\"Compartir en Twitter\" href='https:\/\/twitter.com\/share?text=GORE%20Ays%C3%A9n%20invertir%C3%A1%20m%C3%A1s%20de%20mil%20millones%20en%20el%20Centro%20de%20Investigaci%C3%B3n%20en%20Ecosistemas%20de%20la%20Patagonia%20%28CIEP%29&#038;url=https:\/\/radiorevelacionfm.cl\/?p=13628' aria-hidden='false' data-av_icon='\ue8f1' data-av_iconfont='entypo-fontello' title='' data-avia-related-tooltip='Compartir en Twitter' rel=\"noopener\"><span class='avia_hidden_link_text'>Compartir en Twitter<\/span><\/a><\/li><li class='av-share-link av-social-link-whatsapp' ><a target=\"_blank\" aria-label=\"Compartir en Whatsapp\" href='https:\/\/api.whatsapp.com\/send?text=https:\/\/radiorevelacionfm.cl\/?p=13628' aria-hidden='false' data-av_icon='\uf232' data-av_iconfont='entypo-fontello' title='' data-avia-related-tooltip='Compartir en Whatsapp' rel=\"noopener\"><span class='avia_hidden_link_text'>Compartir en Whatsapp<\/span><\/a><\/li><li class='av-share-link av-social-link-linkedin' ><a target=\"_blank\" aria-label=\"Compartir en LinkedIn\" href='https:\/\/linkedin.com\/shareArticle?mini=true&#038;title=GORE%20Ays%C3%A9n%20invertir%C3%A1%20m%C3%A1s%20de%20mil%20millones%20en%20el%20Centro%20de%20Investigaci%C3%B3n%20en%20Ecosistemas%20de%20la%20Patagonia%20%28CIEP%29&#038;url=https:\/\/radiorevelacionfm.cl\/?p=13628' aria-hidden='false' data-av_icon='\ue8fc' data-av_iconfont='entypo-fontello' title='' data-avia-related-tooltip='Compartir en LinkedIn' rel=\"noopener\"><span class='avia_hidden_link_text'>Compartir en LinkedIn<\/span><\/a><\/li><li class='av-share-link av-social-link-mail' ><a  aria-label=\"Compartir por correo\" href='mailto:?subject=GORE%20Ays%C3%A9n%20invertir%C3%A1%20m%C3%A1s%20de%20mil%20millones%20en%20el%20Centro%20de%20Investigaci%C3%B3n%20en%20Ecosistemas%20de%20la%20Patagonia%20%28CIEP%29&#038;body=https:\/\/radiorevelacionfm.cl\/?p=13628' aria-hidden='false' data-av_icon='\ue805' data-av_iconfont='entypo-fontello' title='' data-avia-related-tooltip='Compartir por correo'><span class='avia_hidden_link_text'>Compartir por correo<\/span><\/a><\/li><\/ul><\/div><\/div>\n<div  style='height:50px' class='hr hr-invisible   avia-builder-el-8  el_after_av_social_share  el_before_av_comments_list '><span class='hr-inner ' ><span class='hr-inner-style'><\/span><\/span><\/div>\n<div  class='av-buildercomment  av-blog-meta-html-info-disabled av-blog-meta-tag-disabled  '><\/div>\n","protected":false},"excerpt":{"rendered":"","protected":false},"author":1,"featured_media":13629,"comment_status":"open","ping_status":"open","sticky":false,"template":"","format":"standard","meta":{"footnotes":""},"categories":[38],"tags":[],"class_list":["post-13628","post","type-post","status-publish","format-standard","has-post-thumbnail","hentry","category-regional"],"jetpack_featured_media_url":"https:\/\/radiorevelacionfm.cl\/wp-content\/uploads\/2022\/02\/Ciep-2-2-2.jpg","_links":{"self":[{"href":"https:\/\/radiorevelacionfm.cl\/index.php?rest_route=\/wp\/v2\/posts\/13628","targetHints":{"allow":["GET"]}}],"collection":[{"href":"https:\/\/radiorevelacionfm.cl\/index.php?rest_route=\/wp\/v2\/posts"}],"about":[{"href":"https:\/\/radiorevelacionfm.cl\/index.php?rest_route=\/wp\/v2\/types\/post"}],"author":[{"embeddable":true,"href":"https:\/\/radiorevelacionfm.cl\/index.php?rest_route=\/wp\/v2\/users\/1"}],"replies":[{"embeddable":true,"href":"https:\/\/radiorevelacionfm.cl\/index.php?rest_route=%2Fwp%2Fv2%2Fcomments&post=13628"}],"version-history":[{"count":2,"href":"https:\/\/radiorevelacionfm.cl\/index.php?rest_route=\/wp\/v2\/posts\/13628\/revisions"}],"predecessor-version":[{"id":13631,"href":"https:\/\/radiorevelacionfm.cl\/index.php?rest_route=\/wp\/v2\/posts\/13628\/revisions\/13631"}],"wp:featuredmedia":[{"embeddable":true,"href":"https:\/\/radiorevelacionfm.cl\/index.php?rest_route=\/wp\/v2\/media\/13629"}],"wp:attachment":[{"href":"https:\/\/radiorevelacionfm.cl\/index.php?rest_route=%2Fwp%2Fv2%2Fmedia&parent=13628"}],"wp:term":[{"taxonomy":"category","embeddable":true,"href":"https:\/\/radiorevelacionfm.cl\/index.php?rest_route=%2Fwp%2Fv2%2Fcategories&post=13628"},{"taxonomy":"post_tag","embeddable":true,"href":"https:\/\/radiorevelacionfm.cl\/index.php?rest_route=%2Fwp%2Fv2%2Ftags&post=13628"}],"curies":[{"name":"wp","href":"https:\/\/api.w.org\/{rel}","templated":true}]}}