{"id":13624,"date":"2022-02-09T09:04:06","date_gmt":"2022-02-09T12:04:06","guid":{"rendered":"https:\/\/radiorevelacionfm.cl\/?p=13624"},"modified":"2022-02-09T09:04:06","modified_gmt":"2022-02-09T12:04:06","slug":"mop-decreta-escasez-hidrica-para-localidad-de-islas-huichas","status":"publish","type":"post","link":"https:\/\/radiorevelacionfm.cl\/?p=13624","title":{"rendered":"MOP decreta escasez h\u00eddrica para localidad de Islas Huichas"},"content":{"rendered":"<div class=\"flex_column av_one_full  flex_column_div av-zero-column-padding first  avia-builder-el-0  el_before_av_one_full  avia-builder-el-first  \" style='border-radius:0px; '><div  class='avia-image-container  av-styling-    avia-builder-el-1  avia-builder-el-no-sibling  avia-align-center '  itemprop=\"image\" itemscope=\"itemscope\" itemtype=\"https:\/\/schema.org\/ImageObject\"  ><div class='avia-image-container-inner'><div class='avia-image-overlay-wrap'><img decoding=\"async\" class='wp-image-13625 avia-img-lazy-loading-not-13625 avia_image' src=\"https:\/\/radiorevelacionfm.cl\/wp-content\/uploads\/2022\/02\/puerto_aguirre-2_optimized.jpg\" alt='' title='puerto_aguirre-2_optimized' height=\"600\" width=\"900\"  itemprop=\"thumbnailUrl\" srcset=\"https:\/\/radiorevelacionfm.cl\/wp-content\/uploads\/2022\/02\/puerto_aguirre-2_optimized.jpg 900w, https:\/\/radiorevelacionfm.cl\/wp-content\/uploads\/2022\/02\/puerto_aguirre-2_optimized-300x200.jpg 300w, https:\/\/radiorevelacionfm.cl\/wp-content\/uploads\/2022\/02\/puerto_aguirre-2_optimized-768x512.jpg 768w, https:\/\/radiorevelacionfm.cl\/wp-content\/uploads\/2022\/02\/puerto_aguirre-2_optimized-705x470.jpg 705w, https:\/\/radiorevelacionfm.cl\/wp-content\/uploads\/2022\/02\/puerto_aguirre-2_optimized-600x400.jpg 600w\" sizes=\"(max-width: 900px) 100vw, 900px\" \/><\/div><\/div><\/div><\/div><div class=\"flex_column av_one_full  flex_column_div av-zero-column-padding first  avia-builder-el-2  el_after_av_one_full  el_before_av_one_full  column-top-margin\" style='border-radius:0px; '><section class=\"av_textblock_section \"  itemscope=\"itemscope\" itemtype=\"https:\/\/schema.org\/BlogPosting\" itemprop=\"blogPost\" ><div class='avia_textblock  '   itemprop=\"text\" ><p style=\"text-align: center;\"><strong><span style=\"font-size: 18pt;\">MOP decreta escasez h\u00eddrica para localidad de Islas Huichas<\/span><\/strong><\/p>\n<div id=\"gtx-trans\" style=\"position: absolute; left: -50px; top: 4.31534px;\">\n<div class=\"gtx-trans-icon\"><\/div>\n<\/div>\n<\/div><\/section><\/div><div class=\"flex_column av_one_full  flex_column_div av-zero-column-padding first  avia-builder-el-4  el_after_av_one_full  el_before_av_hr  column-top-margin\" style='border-radius:0px; '><section class=\"av_textblock_section \"  itemscope=\"itemscope\" itemtype=\"https:\/\/schema.org\/BlogPosting\" itemprop=\"blogPost\" ><div class='avia_textblock  '   itemprop=\"text\" ><p style=\"text-align: justify;\">La medida,\u00a0vigente por los pr\u00f3ximos 6 meses, se adopt\u00f3 luego que la Delegada Presidencial Regional,\u00a0Margarita Ossa, solicitara evaluar dicha situaci\u00f3n en atenci\u00f3n a la falta de lluvias ca\u00eddas durante el 2021 y\u00a02022.<\/p>\n<p style=\"text-align: justify;\">A \u00faltima hora del martes, el ministerio de Obras P\u00fablicas emiti\u00f3 un decreto donde se determina como zona de escasez h\u00eddrica a la localidad de Islas Huichas, comuna de Ays\u00e9n luego que, la Delegada Presidencial Regional de Ays\u00e9n, Margarita Ossa Rojas, solicitara evaluar dicha condici\u00f3n en atenci\u00f3n a la falta de lluvia ca\u00edda durante el 2021 y lo transcurrido del presente a\u00f1o.<\/p>\n<p style=\"text-align: justify;\">Seg\u00fan explic\u00f3 el seremi del sector, El\u00edas Fern\u00e1ndez-Ni\u00f1o, como ministerio \u00abconstantemente realizamos el monitoreo de precipitaciones en la regi\u00f3n\u00bb argumentando que tras ello \u00abhemos estado preocupados especialmente de la localidad de Islas Huichas, realizando un seguimiento de las precipitaciones en la zona desde diciembre 2021 &#8211; a trav\u00e9s de la Direcci\u00f3n General de Agua y Obras Hidra\u00falicas &#8211; \u00a0dado que ese sistema sanitario rural se abastece de las precipitaciones de aguas lluvia y por lo tanto, al haber disminuido los eventos de precipitaciones, se ve disminuida la acumulaci\u00f3n de agua\u00bb, explic\u00f3.<\/p>\n<p style=\"text-align: justify;\">Por lo mismo, Fern\u00e1ndez-Ni\u00f1o precis\u00f3 que tras los \u00aban\u00e1lisis t\u00e9cnicos\u00bb la Unidad de Hidrolog\u00eda \u00abdetermin\u00f3 a trav\u00e9s de un informe que efectivamente estaban los par\u00e1metros t\u00e9cnicos para definir las escasez h\u00eddrica, y fue el ministro de Obras P\u00fablicas (Crist\u00f3bal Leturia) quien finalmente ha decretado el d\u00eda de hoy un decreto de escasez que abarca la localidad de Islas Huichas\u00bb.<\/p>\n<p style=\"text-align: justify;\">Por su parte, la Delegada Presidencial Regional de Ays\u00e9n, Margarita Ossa Rojas, se\u00f1al\u00f3 su conformidad con la medida \u00abya que da cuenta de que nuestro diagn\u00f3stico inicial no estaba errado, el cual fue corroborado por la Direcci\u00f3n General de Agua, en base a los antecedentes y que nos va a permitir poder adoptar medidas extraordinarias y superar esta escasez\u00bb, concluy\u00f3.<\/p>\n<\/div><\/section><\/div><div  style='height:50px' class='hr hr-invisible   avia-builder-el-6  el_after_av_one_full  el_before_av_social_share '><span class='hr-inner ' ><span class='hr-inner-style'><\/span><\/span><\/div><\/p>\n<div  class='av-social-sharing-box  avia-builder-el-7  el_after_av_hr  el_before_av_hr  '><div class='av-share-box'><h5 class='av-share-link-description av-no-toc '>Compartir esta noticia<\/h5><ul class='av-share-box-list noLightbox'><li class='av-share-link av-social-link-facebook' ><a target=\"_blank\" aria-label=\"Compartir en Facebook\" href='https:\/\/www.facebook.com\/sharer.php?u=https:\/\/radiorevelacionfm.cl\/?p=13624&#038;t=MOP%20decreta%20escasez%20h%C3%ADdrica%20para%20localidad%20de%20Islas%20Huichas' aria-hidden='false' data-av_icon='\ue8f3' data-av_iconfont='entypo-fontello' title='' data-avia-related-tooltip='Compartir en Facebook' rel=\"noopener\"><span class='avia_hidden_link_text'>Compartir en Facebook<\/span><\/a><\/li><li class='av-share-link av-social-link-twitter' ><a target=\"_blank\" aria-label=\"Compartir en Twitter\" href='https:\/\/twitter.com\/share?text=MOP%20decreta%20escasez%20h%C3%ADdrica%20para%20localidad%20de%20Islas%20Huichas&#038;url=https:\/\/radiorevelacionfm.cl\/?p=13624' aria-hidden='false' data-av_icon='\ue8f1' data-av_iconfont='entypo-fontello' title='' data-avia-related-tooltip='Compartir en Twitter' rel=\"noopener\"><span class='avia_hidden_link_text'>Compartir en Twitter<\/span><\/a><\/li><li class='av-share-link av-social-link-whatsapp' ><a target=\"_blank\" aria-label=\"Compartir en Whatsapp\" href='https:\/\/api.whatsapp.com\/send?text=https:\/\/radiorevelacionfm.cl\/?p=13624' aria-hidden='false' data-av_icon='\uf232' data-av_iconfont='entypo-fontello' title='' data-avia-related-tooltip='Compartir en Whatsapp' rel=\"noopener\"><span class='avia_hidden_link_text'>Compartir en Whatsapp<\/span><\/a><\/li><li class='av-share-link av-social-link-linkedin' ><a target=\"_blank\" aria-label=\"Compartir en LinkedIn\" href='https:\/\/linkedin.com\/shareArticle?mini=true&#038;title=MOP%20decreta%20escasez%20h%C3%ADdrica%20para%20localidad%20de%20Islas%20Huichas&#038;url=https:\/\/radiorevelacionfm.cl\/?p=13624' aria-hidden='false' data-av_icon='\ue8fc' data-av_iconfont='entypo-fontello' title='' data-avia-related-tooltip='Compartir en LinkedIn' rel=\"noopener\"><span class='avia_hidden_link_text'>Compartir en LinkedIn<\/span><\/a><\/li><li class='av-share-link av-social-link-mail' ><a  aria-label=\"Compartir por correo\" href='mailto:?subject=MOP%20decreta%20escasez%20h%C3%ADdrica%20para%20localidad%20de%20Islas%20Huichas&#038;body=https:\/\/radiorevelacionfm.cl\/?p=13624' aria-hidden='false' data-av_icon='\ue805' data-av_iconfont='entypo-fontello' title='' data-avia-related-tooltip='Compartir por correo'><span class='avia_hidden_link_text'>Compartir por correo<\/span><\/a><\/li><\/ul><\/div><\/div>\n<div  style='height:50px' class='hr hr-invisible   avia-builder-el-8  el_after_av_social_share  el_before_av_comments_list '><span class='hr-inner ' ><span class='hr-inner-style'><\/span><\/span><\/div>\n<div  class='av-buildercomment  av-blog-meta-html-info-disabled av-blog-meta-tag-disabled  '><\/div>\n","protected":false},"excerpt":{"rendered":"","protected":false},"author":1,"featured_media":13625,"comment_status":"open","ping_status":"open","sticky":false,"template":"","format":"standard","meta":{"footnotes":""},"categories":[38],"tags":[],"class_list":["post-13624","post","type-post","status-publish","format-standard","has-post-thumbnail","hentry","category-regional"],"jetpack_featured_media_url":"https:\/\/radiorevelacionfm.cl\/wp-content\/uploads\/2022\/02\/puerto_aguirre-2_optimized.jpg","_links":{"self":[{"href":"https:\/\/radiorevelacionfm.cl\/index.php?rest_route=\/wp\/v2\/posts\/13624","targetHints":{"allow":["GET"]}}],"collection":[{"href":"https:\/\/radiorevelacionfm.cl\/index.php?rest_route=\/wp\/v2\/posts"}],"about":[{"href":"https:\/\/radiorevelacionfm.cl\/index.php?rest_route=\/wp\/v2\/types\/post"}],"author":[{"embeddable":true,"href":"https:\/\/radiorevelacionfm.cl\/index.php?rest_route=\/wp\/v2\/users\/1"}],"replies":[{"embeddable":true,"href":"https:\/\/radiorevelacionfm.cl\/index.php?rest_route=%2Fwp%2Fv2%2Fcomments&post=13624"}],"version-history":[{"count":2,"href":"https:\/\/radiorevelacionfm.cl\/index.php?rest_route=\/wp\/v2\/posts\/13624\/revisions"}],"predecessor-version":[{"id":13627,"href":"https:\/\/radiorevelacionfm.cl\/index.php?rest_route=\/wp\/v2\/posts\/13624\/revisions\/13627"}],"wp:featuredmedia":[{"embeddable":true,"href":"https:\/\/radiorevelacionfm.cl\/index.php?rest_route=\/wp\/v2\/media\/13625"}],"wp:attachment":[{"href":"https:\/\/radiorevelacionfm.cl\/index.php?rest_route=%2Fwp%2Fv2%2Fmedia&parent=13624"}],"wp:term":[{"taxonomy":"category","embeddable":true,"href":"https:\/\/radiorevelacionfm.cl\/index.php?rest_route=%2Fwp%2Fv2%2Fcategories&post=13624"},{"taxonomy":"post_tag","embeddable":true,"href":"https:\/\/radiorevelacionfm.cl\/index.php?rest_route=%2Fwp%2Fv2%2Ftags&post=13624"}],"curies":[{"name":"wp","href":"https:\/\/api.w.org\/{rel}","templated":true}]}}