{"id":13620,"date":"2022-02-08T19:47:15","date_gmt":"2022-02-08T22:47:15","guid":{"rendered":"https:\/\/radiorevelacionfm.cl\/?p=13620"},"modified":"2022-02-08T19:47:15","modified_gmt":"2022-02-08T22:47:15","slug":"comunas-de-villa-ohiggins-y-tortel-avanzan-en-importantes-alianzas-con-sernameg","status":"publish","type":"post","link":"https:\/\/radiorevelacionfm.cl\/?p=13620","title":{"rendered":"Comunas de Villa O\u00b4higgins y Tortel avanzan en importantes alianzas con SernamEG"},"content":{"rendered":"<div class=\"flex_column av_one_full  flex_column_div av-zero-column-padding first  avia-builder-el-0  el_before_av_one_full  avia-builder-el-first  \" style='border-radius:0px; '><div  class='avia-image-container  av-styling-    avia-builder-el-1  avia-builder-el-no-sibling  avia-align-center '  itemprop=\"image\" itemscope=\"itemscope\" itemtype=\"https:\/\/schema.org\/ImageObject\"  ><div class='avia-image-container-inner'><div class='avia-image-overlay-wrap'><img decoding=\"async\" class='wp-image-13621 avia-img-lazy-loading-not-13621 avia_image' src=\"https:\/\/radiorevelacionfm.cl\/wp-content\/uploads\/2022\/02\/CARABINEROS-O\u00b4HIGGINS-2-2.jpg\" alt='' title='CARABINEROS O\u00b4HIGGINS-2-2' height=\"600\" width=\"800\"  itemprop=\"thumbnailUrl\" srcset=\"https:\/\/radiorevelacionfm.cl\/wp-content\/uploads\/2022\/02\/CARABINEROS-O\u00b4HIGGINS-2-2.jpg 800w, https:\/\/radiorevelacionfm.cl\/wp-content\/uploads\/2022\/02\/CARABINEROS-O\u00b4HIGGINS-2-2-300x225.jpg 300w, https:\/\/radiorevelacionfm.cl\/wp-content\/uploads\/2022\/02\/CARABINEROS-O\u00b4HIGGINS-2-2-768x576.jpg 768w, https:\/\/radiorevelacionfm.cl\/wp-content\/uploads\/2022\/02\/CARABINEROS-O\u00b4HIGGINS-2-2-705x529.jpg 705w, https:\/\/radiorevelacionfm.cl\/wp-content\/uploads\/2022\/02\/CARABINEROS-O\u00b4HIGGINS-2-2-600x450.jpg 600w\" sizes=\"(max-width: 800px) 100vw, 800px\" \/><\/div><\/div><\/div><\/div><div class=\"flex_column av_one_full  flex_column_div av-zero-column-padding first  avia-builder-el-2  el_after_av_one_full  el_before_av_one_full  column-top-margin\" style='border-radius:0px; '><section class=\"av_textblock_section \"  itemscope=\"itemscope\" itemtype=\"https:\/\/schema.org\/BlogPosting\" itemprop=\"blogPost\" ><div class='avia_textblock  '   itemprop=\"text\" ><p style=\"text-align: center;\"><span style=\"font-size: 18pt;\"><strong>Comunas de Villa O\u00b4higgins y Tortel avanzan en importantes alianzas con SernamEG<\/strong><\/span><\/p>\n<div id=\"gtx-trans\" style=\"position: absolute; left: -50px; top: 4.31534px;\">\n<div class=\"gtx-trans-icon\"><\/div>\n<\/div>\n<\/div><\/section><\/div><div class=\"flex_column av_one_full  flex_column_div av-zero-column-padding first  avia-builder-el-4  el_after_av_one_full  el_before_av_hr  column-top-margin\" style='border-radius:0px; '><section class=\"av_textblock_section \"  itemscope=\"itemscope\" itemtype=\"https:\/\/schema.org\/BlogPosting\" itemprop=\"blogPost\" ><div class='avia_textblock  '   itemprop=\"text\" ><p style=\"text-align: justify;\">Como parte del trabajo en terreno que despliega la Secretar\u00eda Regional Ministerial de la Mujer y la Equidad de G\u00e9nero, este \u00faltimo periodo la autoridad regional a cargo de la cartera lider\u00f3 importantes acciones que involucraron actores claves de las comunas m\u00e1s australes de nuestra regi\u00f3n de Ays\u00e9n. Es as\u00ed como, en el marco de la visita a Cochrane, Caleta Tortel y Villa O\u2019Higgins la representante del Ministerio sostuvo valiosas reuniones y desarroll\u00f3 actividades claves que incorporaron un trabajo exhaustivo con carabineros, funcionarios de la salud y los gobiernos locales de las comunas de Tortel y Villa O\u2019Higgins.<\/p>\n<p style=\"text-align: justify;\">\u201cComo Ministerio promovemos que cada actor presente en el territorio incorpore transversalmente el enfoque de g\u00e9nero y adem\u00e1s que se comprometan con hacer todos los esfuerzos necesarios para eliminar la violencia hacia la mujer. En ese cometido, atender de manera oportuna y adecuada a las v\u00edctimas es una acci\u00f3n prioritaria para nosotros. Es por esto que en mi \u00faltima visita a las comunas de Cochrane, Tortel y O\u2019Higgins me preocup\u00e9 personalmente de trabajar con carabineros y, especialmente con los equipos de las municipalidades de Villa O\u2019Higgins y Caleta Tortel, con quienes iniciamos un trabajo conjunto que permitir\u00e1 sin duda desarrollar localmente pol\u00edticas que contribuyan a la erradicaci\u00f3n de las violencias hacia la mujer, la promoci\u00f3n de una comunidad libre de estereotipos y el desarrollo femenino, en post de avanzar en igualdad y equidad de g\u00e9nero\u201d se\u00f1al\u00f3 B\u00e1rbara Ort\u00fazar Seremi Mujer y la Equidad de G\u00e9nero.<\/p>\n<p style=\"text-align: justify;\">La agenda de la Seremi, como se\u00f1al\u00f3, contempl\u00f3 un trabajo directo con las polic\u00edas presentes en las comunas, con quienes reforz\u00f3 protocolos de primera acogida y el trabajo que estos deben realizar de manera oportuna y pertinente con las mujeres que son v\u00edctimas de estos delitos, as\u00ed como reforzar el conocimiento de estos acerca de la oferta disponible para su orientaci\u00f3n y apoyo a nivel nacional y regional. Respecto este trabajo el Sargento 1ero V\u00e1zquez Jefe de Ret\u00e9n (S) del Ret\u00e9n Caleta Tortel se refiri\u00f3 a la actividad desarrollada: \u201cComo Carabineros nuestra preocupaci\u00f3n permanente es entregar el mejor servicio posible a la comunidad y, especialmente en casos que involucren violencia a la mujer. Hemos desarrollado un trabajo permanente, por eso apreciamos tanto la visita de la Seremi y el trabajo que realiz\u00f3 con los funcionarios del Ret\u00e9n a quienes capacit\u00f3, pero tambi\u00e9n convers\u00f3 acerca del proceder en estas situaciones, lo cual nos ayuda much\u00edsimo a reforzar protocolos y conocer, adem\u00e1s la oferta disponible en la regi\u00f3n de Ays\u00e9n\u201d.<\/p>\n<p style=\"text-align: justify;\">Complementariamente se realizaron acciones junto al equipo de \u00a0Desarrollo Comunitario, de la Ilustra Municipalidad de Tortel, por lo que su edil Abel Becerra se\u00f1al\u00f3 \u201cPara nosotros como administraci\u00f3n comunal es super importante seguir trabajando en las distintas acciones que tenemos con la equidad de g\u00e9nero, como la erradicaci\u00f3n de todas las formas de violencia contra la mujer y la promoci\u00f3n de su desarrollo en todos los \u00e1mbitos, es por esto que es s\u00faper importante seguir vinculados y seguir trabajando\u00a0 con el Ministerio de la Mujer y la equidad de g\u00e9nero de la regi\u00f3n de Ays\u00e9n\u201d<\/p>\n<p style=\"text-align: justify;\">Finalmente la Seremi B\u00e1rbara Ort\u00fazar recalc\u00f3 la importancia de establecer estas alianzas, las cuales espera se concreten de manera formal, dado que son una manera \u00fanica de desarrollar estrategias conjuntas que tengan impacto en las comunidades \u201cCreemos firmemente que s\u00f3lo trabajando en conjunto podremos lograr nuestros objetivos y, en esto las alianzas que podamos desarrollar con los gobiernos locales ser\u00e1n clave para lograr el cambio cultural que tanto buscamos como Ministerio y detectar de manera oportuna las problem\u00e1ticas en el territorio, con los municipios y con las mujeres que en ellos habitan, nuestro trabajo es desde ellas y con ellas\u201d concluy\u00f3.<\/p>\n<\/div><\/section><\/div><div  style='height:50px' class='hr hr-invisible   avia-builder-el-6  el_after_av_one_full  el_before_av_social_share '><span class='hr-inner ' ><span class='hr-inner-style'><\/span><\/span><\/div><\/p>\n<div  class='av-social-sharing-box  avia-builder-el-7  el_after_av_hr  el_before_av_hr  '><div class='av-share-box'><h5 class='av-share-link-description av-no-toc '>Compartir esta noticia<\/h5><ul class='av-share-box-list noLightbox'><li class='av-share-link av-social-link-facebook' ><a target=\"_blank\" aria-label=\"Compartir en Facebook\" href='https:\/\/www.facebook.com\/sharer.php?u=https:\/\/radiorevelacionfm.cl\/?p=13620&#038;t=Comunas%20de%20Villa%20O%C2%B4higgins%20y%20Tortel%20avanzan%20en%20importantes%20alianzas%20con%20SernamEG' aria-hidden='false' data-av_icon='\ue8f3' data-av_iconfont='entypo-fontello' title='' data-avia-related-tooltip='Compartir en Facebook' rel=\"noopener\"><span class='avia_hidden_link_text'>Compartir en Facebook<\/span><\/a><\/li><li class='av-share-link av-social-link-twitter' ><a target=\"_blank\" aria-label=\"Compartir en Twitter\" href='https:\/\/twitter.com\/share?text=Comunas%20de%20Villa%20O%C2%B4higgins%20y%20Tortel%20avanzan%20en%20importantes%20alianzas%20con%20SernamEG&#038;url=https:\/\/radiorevelacionfm.cl\/?p=13620' aria-hidden='false' data-av_icon='\ue8f1' data-av_iconfont='entypo-fontello' title='' data-avia-related-tooltip='Compartir en Twitter' rel=\"noopener\"><span class='avia_hidden_link_text'>Compartir en Twitter<\/span><\/a><\/li><li class='av-share-link av-social-link-whatsapp' ><a target=\"_blank\" aria-label=\"Compartir en Whatsapp\" href='https:\/\/api.whatsapp.com\/send?text=https:\/\/radiorevelacionfm.cl\/?p=13620' aria-hidden='false' data-av_icon='\uf232' data-av_iconfont='entypo-fontello' title='' data-avia-related-tooltip='Compartir en Whatsapp' rel=\"noopener\"><span class='avia_hidden_link_text'>Compartir en Whatsapp<\/span><\/a><\/li><li class='av-share-link av-social-link-linkedin' ><a target=\"_blank\" aria-label=\"Compartir en LinkedIn\" href='https:\/\/linkedin.com\/shareArticle?mini=true&#038;title=Comunas%20de%20Villa%20O%C2%B4higgins%20y%20Tortel%20avanzan%20en%20importantes%20alianzas%20con%20SernamEG&#038;url=https:\/\/radiorevelacionfm.cl\/?p=13620' aria-hidden='false' data-av_icon='\ue8fc' data-av_iconfont='entypo-fontello' title='' data-avia-related-tooltip='Compartir en LinkedIn' rel=\"noopener\"><span class='avia_hidden_link_text'>Compartir en LinkedIn<\/span><\/a><\/li><li class='av-share-link av-social-link-mail' ><a  aria-label=\"Compartir por correo\" href='mailto:?subject=Comunas%20de%20Villa%20O%C2%B4higgins%20y%20Tortel%20avanzan%20en%20importantes%20alianzas%20con%20SernamEG&#038;body=https:\/\/radiorevelacionfm.cl\/?p=13620' aria-hidden='false' data-av_icon='\ue805' data-av_iconfont='entypo-fontello' title='' data-avia-related-tooltip='Compartir por correo'><span class='avia_hidden_link_text'>Compartir por correo<\/span><\/a><\/li><\/ul><\/div><\/div>\n<div  style='height:50px' class='hr hr-invisible   avia-builder-el-8  el_after_av_social_share  el_before_av_comments_list '><span class='hr-inner ' ><span class='hr-inner-style'><\/span><\/span><\/div>\n<div  class='av-buildercomment  av-blog-meta-html-info-disabled av-blog-meta-tag-disabled  '><\/div>\n","protected":false},"excerpt":{"rendered":"","protected":false},"author":1,"featured_media":13621,"comment_status":"open","ping_status":"open","sticky":false,"template":"","format":"standard","meta":{"footnotes":""},"categories":[38],"tags":[],"class_list":["post-13620","post","type-post","status-publish","format-standard","has-post-thumbnail","hentry","category-regional"],"jetpack_featured_media_url":"https:\/\/radiorevelacionfm.cl\/wp-content\/uploads\/2022\/02\/CARABINEROS-O\u00b4HIGGINS-2-2.jpg","_links":{"self":[{"href":"https:\/\/radiorevelacionfm.cl\/index.php?rest_route=\/wp\/v2\/posts\/13620","targetHints":{"allow":["GET"]}}],"collection":[{"href":"https:\/\/radiorevelacionfm.cl\/index.php?rest_route=\/wp\/v2\/posts"}],"about":[{"href":"https:\/\/radiorevelacionfm.cl\/index.php?rest_route=\/wp\/v2\/types\/post"}],"author":[{"embeddable":true,"href":"https:\/\/radiorevelacionfm.cl\/index.php?rest_route=\/wp\/v2\/users\/1"}],"replies":[{"embeddable":true,"href":"https:\/\/radiorevelacionfm.cl\/index.php?rest_route=%2Fwp%2Fv2%2Fcomments&post=13620"}],"version-history":[{"count":2,"href":"https:\/\/radiorevelacionfm.cl\/index.php?rest_route=\/wp\/v2\/posts\/13620\/revisions"}],"predecessor-version":[{"id":13623,"href":"https:\/\/radiorevelacionfm.cl\/index.php?rest_route=\/wp\/v2\/posts\/13620\/revisions\/13623"}],"wp:featuredmedia":[{"embeddable":true,"href":"https:\/\/radiorevelacionfm.cl\/index.php?rest_route=\/wp\/v2\/media\/13621"}],"wp:attachment":[{"href":"https:\/\/radiorevelacionfm.cl\/index.php?rest_route=%2Fwp%2Fv2%2Fmedia&parent=13620"}],"wp:term":[{"taxonomy":"category","embeddable":true,"href":"https:\/\/radiorevelacionfm.cl\/index.php?rest_route=%2Fwp%2Fv2%2Fcategories&post=13620"},{"taxonomy":"post_tag","embeddable":true,"href":"https:\/\/radiorevelacionfm.cl\/index.php?rest_route=%2Fwp%2Fv2%2Ftags&post=13620"}],"curies":[{"name":"wp","href":"https:\/\/api.w.org\/{rel}","templated":true}]}}