{"id":13611,"date":"2022-02-08T13:14:23","date_gmt":"2022-02-08T16:14:23","guid":{"rendered":"https:\/\/radiorevelacionfm.cl\/?p=13611"},"modified":"2022-02-08T13:14:23","modified_gmt":"2022-02-08T16:14:23","slug":"ministro-de-trabajo-y-prevision-social-se-reune-con-adultos-mayores-de-puerto-ibanez-para-explicar-la-pension-garantizada-universal","status":"publish","type":"post","link":"https:\/\/radiorevelacionfm.cl\/?p=13611","title":{"rendered":"Ministro de Trabajo y Previsi\u00f3n Social se re\u00fane con adultos mayores de Puerto Ib\u00e1\u00f1ez para explicar la Pensi\u00f3n Garantizada Universal"},"content":{"rendered":"<div class=\"flex_column av_one_full  flex_column_div av-zero-column-padding first  avia-builder-el-0  el_before_av_one_full  avia-builder-el-first  \" style='border-radius:0px; '><div  class='avia-image-container  av-styling-    avia-builder-el-1  avia-builder-el-no-sibling  avia-align-center '  itemprop=\"image\" itemscope=\"itemscope\" itemtype=\"https:\/\/schema.org\/ImageObject\"  ><div class='avia-image-container-inner'><div class='avia-image-overlay-wrap'><img decoding=\"async\" class='wp-image-13612 avia-img-lazy-loading-not-13612 avia_image' src=\"https:\/\/radiorevelacionfm.cl\/wp-content\/uploads\/2022\/02\/PGU_AdultosMayoresIbanez_2-2-2.jpg\" alt='' title='PGU_AdultosMayoresIba\u00f1ez_2-2-2' height=\"600\" width=\"900\"  itemprop=\"thumbnailUrl\" srcset=\"https:\/\/radiorevelacionfm.cl\/wp-content\/uploads\/2022\/02\/PGU_AdultosMayoresIbanez_2-2-2.jpg 900w, https:\/\/radiorevelacionfm.cl\/wp-content\/uploads\/2022\/02\/PGU_AdultosMayoresIbanez_2-2-2-300x200.jpg 300w, https:\/\/radiorevelacionfm.cl\/wp-content\/uploads\/2022\/02\/PGU_AdultosMayoresIbanez_2-2-2-768x512.jpg 768w, https:\/\/radiorevelacionfm.cl\/wp-content\/uploads\/2022\/02\/PGU_AdultosMayoresIbanez_2-2-2-705x470.jpg 705w, https:\/\/radiorevelacionfm.cl\/wp-content\/uploads\/2022\/02\/PGU_AdultosMayoresIbanez_2-2-2-600x400.jpg 600w\" sizes=\"(max-width: 900px) 100vw, 900px\" \/><\/div><\/div><\/div><\/div><div class=\"flex_column av_one_full  flex_column_div av-zero-column-padding first  avia-builder-el-2  el_after_av_one_full  el_before_av_one_full  column-top-margin\" style='border-radius:0px; '><section class=\"av_textblock_section \"  itemscope=\"itemscope\" itemtype=\"https:\/\/schema.org\/BlogPosting\" itemprop=\"blogPost\" ><div class='avia_textblock  '   itemprop=\"text\" ><p style=\"text-align: center;\"><span style=\"font-size: 18pt;\"><b><span lang=\"ES\">Ministro de Trabajo y Previsi\u00f3n Social se re\u00fane con adultos mayores de Puerto Ib\u00e1\u00f1ez para explicar la Pensi\u00f3n Garantizada Universal<\/span><\/b><\/span><\/p>\n<div id=\"gtx-trans\" style=\"position: absolute; left: -50px; top: 4.31534px;\">\n<div class=\"gtx-trans-icon\"><\/div>\n<\/div>\n<\/div><\/section><\/div><div class=\"flex_column av_one_full  flex_column_div av-zero-column-padding first  avia-builder-el-4  el_after_av_one_full  el_before_av_hr  column-top-margin\" style='border-radius:0px; '><section class=\"av_textblock_section \"  itemscope=\"itemscope\" itemtype=\"https:\/\/schema.org\/BlogPosting\" itemprop=\"blogPost\" ><div class='avia_textblock  '   itemprop=\"text\" ><p class=\"v1MsoNormal\" style=\"text-align: justify;\"><span lang=\"ES\">En la sede comunitaria de Puerto Ib\u00e1\u00f1ez se reuni\u00f3 el Ministro de Trabajo y Previsi\u00f3n Social con adultos mayores de dicha localidad y Cerro Castillo, participando Esterlina Rozas, presidenta comunal de los Clubes de Adultos Mayores, adem\u00e1s del Alcalde Marcelo Santana, el concejal Juan Saldivia, la Seremi Andrea Ponce y el Director regional del Instituto de Previsi\u00f3n Social ChileAtiende, Carlos Rodr\u00edguez y la Directora regional de Trabajo, Victoria Sierra.<\/span><\/p>\n<p class=\"v1MsoNormal\" style=\"text-align: justify;\"><span lang=\"ES\">Sobre esta visita donde respondi\u00f3 cada una de las dudas de los asistentes, el Ministro Patricio Melero afirm\u00f3, \u00abComo Ministro de Trabajo y Previsi\u00f3n Social me interesa mucho que los adultos mayores de 65 a\u00f1os conozcan los beneficios de la nueva ley que cre\u00f3 la Pensi\u00f3n Garantizada Universal y que reemplaza a lo que hasta ahora estaba vigente que era el pilar solidario, tanto con la Pensi\u00f3n B\u00e1sica Solidaria y con el Aporte Previsional Solidario, que se sustituyen, se cambian por la nueva Pensi\u00f3n Garantizada Universal de $185.000, para todos los adultos mayores de 65 a\u00f1os que no est\u00e9n dentro del 10% m\u00e1s rico de la poblaci\u00f3n, o sea, es para la inmensa mayor\u00eda de los chilenos. Es una ley que beneficia a m\u00e1s de 2 millones de compatriotas y que va a permitir un mejoramiento importante de las pensiones, tanto a quienes est\u00e1n hoy d\u00eda en el pilar solidario y de un grupo muy importante que no ten\u00eda derecho a la pensi\u00f3n b\u00e1sica solidaria o al aporte previsional porque no estaban en el 60% de menores ingresos, pero que ahora se ampli\u00f3 la cobertura del 60 al 90% ahora s\u00ed van a tener derecho\u00bb.<\/span><\/p>\n<p class=\"v1MsoNormal\" style=\"text-align: justify;\"><span lang=\"ES\">\u00abEstuvimos conversando con representantes de Clubes de adultos mayores, de la Comunal de Adultos Mayores con respecto de lo que ser\u00e1 esta nueva ley que mejora las pensiones a trav\u00e9s de la Pensi\u00f3n Garantizada Universal, se pudo explayar en espec\u00edfico de lo que es esta normativa, que va a favorecer tanto a personas que se pensionan a trav\u00e9s de la Pensi\u00f3n B\u00e1sica Solidaria, que es la pensi\u00f3n estatal, a personas que reciben jubilaci\u00f3n por parte de las AFP y a quienes reciben jubilaci\u00f3n a trav\u00e9s de renta vitalicia. Para todos estos grupos, ser\u00e1 un aumento significativo, que adem\u00e1s se ver\u00e1 incrementado en el tiempo, sobre todo para quienes reciben pensi\u00f3n de cargo fiscal\u00bb y a\u00f1adi\u00f3 sobre la importancia en particular para la comuna de R\u00edo Ib\u00e1\u00f1ez, \u00abUna buena noticia, para nosotros que somos la comuna con el \u00edndice de personas mayores m\u00e1s alto de la regi\u00f3n, cerca de un 22% de nuestra poblaci\u00f3n es adulta mayor y es una noticia alentadora puesto que beneficia en algo que las municipalidades no tenemos tanto poder resolutivo que es en el bolsillo de nuestros vecinos, en cuanto este aumento de pensi\u00f3n mejorar\u00e1 mucho las econom\u00edas familiares de estas familias\u00bb, concluy\u00f3 el Alcalde Marcelo Santana de R\u00edo Ib\u00e1\u00f1ez. \u00a0\u00a0\u00a0<\/span><\/p>\n<p class=\"v1MsoNormal\" style=\"text-align: justify;\"><span lang=\"ES\">Cabe mencionar que esta ley, recientemente aprobada, es un beneficio no contributivo, que ser\u00e1 pagado mensualmente por el Instituto de Previsi\u00f3n Social (IPS), al que podr\u00e1n acceder las personas que re\u00fanan los requisitos, se encuentren o no cotizando o siendo beneficiarias de un r\u00e9gimen previsional. Todas aquellas personas que tengan una pensi\u00f3n base menor o igual a $630.000 recibir\u00e1n el monto m\u00e1ximo, $185.000. En tanto, quienes tengan una pensi\u00f3n base mayor a $630.000 y menor a $1.000.000, el monto ir\u00e1 disminuyendo progresivamente.<\/span><\/p>\n<p class=\"v1MsoNormal\" style=\"text-align: justify;\"><b><u><span lang=\"ES\">Beneficiarios<\/span><\/u><\/b><\/p>\n<p class=\"v1MsoNormal\" style=\"text-align: justify;\"><span lang=\"ES\">La autoridad se refiri\u00f3 a este beneficio que incluye a quienes reciben Pensi\u00f3n de invalidez, \u00abEl Presidente Pi\u00f1era ha dicho con mucha raz\u00f3n que esta es una gran ley, que beneficiar\u00e1 mucho a las mujeres y a la clase media chilena, pero tambi\u00e9n a quienes tienen las pensiones m\u00e1s bajas. Y, adem\u00e1s, esta ley de la Pensi\u00f3n Garantizada Universal va a mejorar las pensiones de las personas que tienen invalidez. Las pensiones b\u00e1sicas de invalidez tambi\u00e9n suben a $185.000 al igual que el aporte previsional de invalidez y se incorporan a los ni\u00f1os con deficiencias mentales severas, f\u00edsicas o mentales, que suben su pensi\u00f3n desde $77.000 a $92.500 a plata de hoy d\u00eda. Esta Pensi\u00f3n Garantizada que se comienza a pagar ahora el 18 de febrero y aprovecho de resaltar que esta pensi\u00f3n, a quienes hoy en d\u00eda reciben pensi\u00f3n del estado, no tienen que hacer tr\u00e1mite alguno, y se les va a pagar autom\u00e1ticamente a partir del 18 de febrero\u00bb, sostuvo el Ministro Melero. \u00a0\u00a0<\/span><\/p>\n<p class=\"v1MsoNormal\" style=\"text-align: justify;\"><span lang=\"ES\">Esterlina Rozas, presidenta comunal Clubes de Adultos de R\u00edo Ib\u00e1\u00f1ez, mencion\u00f3 sobre la actividad, \u00abes algo muy beneficioso para nosotros, para nuestra comuna, que un ministro haya venido aqu\u00ed a explicarnos qu\u00e9 es la Pensi\u00f3n Garantizada, todo eso se agradece. Para m\u00ed, en lo personal, es un buen beneficio porque a m\u00ed realmente me va a subir un poco mi pensi\u00f3n de renta vitalicia. A pesar que uno trabaj\u00f3 40 a\u00f1os, tienen una pensi\u00f3n s\u00faper baja, as\u00ed que con esto se viene a arreglar un poco lo econ\u00f3mico\u00bb. <\/span><\/p>\n<p class=\"v1MsoNormal\" style=\"text-align: justify;\"><span lang=\"ES\">Por su parte, Abel Gonz\u00e1lez, agradeci\u00f3 la inclusi\u00f3n de la clase media en esta ley, \u00abMe pareci\u00f3 importante, buena informaci\u00f3n, clarita, y que bueno que se le suben las pensiones al Pilar Solidario y a quienes nos esforzamos por muchos, muchos a\u00f1os y que se hayan acordado de la clase media. Creo que es un gran avance y un punto de inicio para las pensiones futuras, sobre todo para quienes van a ir jubilando\u00bb.<\/span><\/p>\n<p class=\"v1MsoNormal\" style=\"text-align: justify;\"><span lang=\"ES\">\u00abMuy buena, porque nunca vienen ac\u00e1 las autoridades. Me qued\u00f3 claro, ya me avisaron que hab\u00eda salido favorecida. Hoy d\u00eda mir\u00e9 mi whatsapp y ah\u00ed me avisaron de la oficina que hab\u00eda salido favorecida y estoy contenta con eso. Igual sigo trabajando, soy artesana, as\u00ed que sigo trabajando en mi artesan\u00eda\u00bb, dijo Melania Quilodr\u00e1n sobre la visita del ministro y la PGU.<\/span><\/p>\n<p class=\"v1MsoNormal\" style=\"text-align: justify;\"><span lang=\"ES\">Durante los primeros cuatro meses de entrada en vigencia de la ley, el beneficio ser\u00e1 pagado por las actuales entidades pagadoras de pensi\u00f3n que hoy realizan el pago del Aporte Previsional Solidario de Vejez (APSV); a partir del quinto mes (junio de 2022), ser\u00e1 pagado por el IPS a trav\u00e9s de su red de pago.<\/span><\/p>\n<p class=\"v1MsoNormal\" style=\"text-align: justify;\"><span lang=\"ES\">Junto con reunirse con adultos mayores \u2013con aforo permitido y medidas sanitarias correspondientes- el Ministro Patricio Melero convers\u00f3 con la comunidad junto al Alcalde Santana, Seremi Ponce y concejal Saldivia, respondiendo las preguntas al aire de la comunidad en la Radio Padre Antonio Ronchi. <\/span><\/p>\n<p class=\"v1MsoNormal\" style=\"text-align: justify;\"><span lang=\"ES\">Para mayor informaci\u00f3n, se puede ingresar a los sitios web <a href=\"http:\/\/www.chileatiende.cl\/\" target=\"_blank\" rel=\"noopener noreferrer\">www.chileatiende.cl<\/a>, <a href=\"http:\/\/www.ips.gob.cl\/\" target=\"_blank\" rel=\"noopener noreferrer\">www.ips.gob.cl<\/a> o llamar al tel\u00e9fono 101.<\/span><\/p>\n<div style=\"text-align: justify;\"><\/div>\n<\/div><\/section><\/div><div  style='height:50px' class='hr hr-invisible   avia-builder-el-6  el_after_av_one_full  el_before_av_social_share '><span class='hr-inner ' ><span class='hr-inner-style'><\/span><\/span><\/div><\/p>\n<div  class='av-social-sharing-box  avia-builder-el-7  el_after_av_hr  el_before_av_hr  '><div class='av-share-box'><h5 class='av-share-link-description av-no-toc '>Compartir esta noticia<\/h5><ul class='av-share-box-list noLightbox'><li class='av-share-link av-social-link-facebook' ><a target=\"_blank\" aria-label=\"Compartir en Facebook\" href='https:\/\/www.facebook.com\/sharer.php?u=https:\/\/radiorevelacionfm.cl\/?p=13611&#038;t=Ministro%20de%20Trabajo%20y%20Previsi%C3%B3n%20Social%20se%20re%C3%BAne%20con%20adultos%20mayores%20de%20Puerto%20Ib%C3%A1%C3%B1ez%20para%20explicar%20la%20Pensi%C3%B3n%20Garantizada%20Universal' aria-hidden='false' data-av_icon='\ue8f3' data-av_iconfont='entypo-fontello' title='' data-avia-related-tooltip='Compartir en Facebook' rel=\"noopener\"><span class='avia_hidden_link_text'>Compartir en Facebook<\/span><\/a><\/li><li class='av-share-link av-social-link-twitter' ><a target=\"_blank\" aria-label=\"Compartir en Twitter\" href='https:\/\/twitter.com\/share?text=Ministro%20de%20Trabajo%20y%20Previsi%C3%B3n%20Social%20se%20re%C3%BAne%20con%20adultos%20mayores%20de%20Puerto%20Ib%C3%A1%C3%B1ez%20para%20explicar%20la%20Pensi%C3%B3n%20Garantizada%20Universal&#038;url=https:\/\/radiorevelacionfm.cl\/?p=13611' aria-hidden='false' data-av_icon='\ue8f1' data-av_iconfont='entypo-fontello' title='' data-avia-related-tooltip='Compartir en Twitter' rel=\"noopener\"><span class='avia_hidden_link_text'>Compartir en Twitter<\/span><\/a><\/li><li class='av-share-link av-social-link-whatsapp' ><a target=\"_blank\" aria-label=\"Compartir en Whatsapp\" href='https:\/\/api.whatsapp.com\/send?text=https:\/\/radiorevelacionfm.cl\/?p=13611' aria-hidden='false' data-av_icon='\uf232' data-av_iconfont='entypo-fontello' title='' data-avia-related-tooltip='Compartir en Whatsapp' rel=\"noopener\"><span class='avia_hidden_link_text'>Compartir en Whatsapp<\/span><\/a><\/li><li class='av-share-link av-social-link-linkedin' ><a target=\"_blank\" aria-label=\"Compartir en LinkedIn\" href='https:\/\/linkedin.com\/shareArticle?mini=true&#038;title=Ministro%20de%20Trabajo%20y%20Previsi%C3%B3n%20Social%20se%20re%C3%BAne%20con%20adultos%20mayores%20de%20Puerto%20Ib%C3%A1%C3%B1ez%20para%20explicar%20la%20Pensi%C3%B3n%20Garantizada%20Universal&#038;url=https:\/\/radiorevelacionfm.cl\/?p=13611' aria-hidden='false' data-av_icon='\ue8fc' data-av_iconfont='entypo-fontello' title='' data-avia-related-tooltip='Compartir en LinkedIn' rel=\"noopener\"><span class='avia_hidden_link_text'>Compartir en LinkedIn<\/span><\/a><\/li><li class='av-share-link av-social-link-mail' ><a  aria-label=\"Compartir por correo\" href='mailto:?subject=Ministro%20de%20Trabajo%20y%20Previsi%C3%B3n%20Social%20se%20re%C3%BAne%20con%20adultos%20mayores%20de%20Puerto%20Ib%C3%A1%C3%B1ez%20para%20explicar%20la%20Pensi%C3%B3n%20Garantizada%20Universal&#038;body=https:\/\/radiorevelacionfm.cl\/?p=13611' aria-hidden='false' data-av_icon='\ue805' data-av_iconfont='entypo-fontello' title='' data-avia-related-tooltip='Compartir por correo'><span class='avia_hidden_link_text'>Compartir por correo<\/span><\/a><\/li><\/ul><\/div><\/div>\n<div  style='height:50px' class='hr hr-invisible   avia-builder-el-8  el_after_av_social_share  el_before_av_comments_list '><span class='hr-inner ' ><span class='hr-inner-style'><\/span><\/span><\/div>\n<div  class='av-buildercomment  av-blog-meta-html-info-disabled av-blog-meta-tag-disabled  '><\/div>\n","protected":false},"excerpt":{"rendered":"","protected":false},"author":1,"featured_media":13612,"comment_status":"open","ping_status":"open","sticky":false,"template":"","format":"standard","meta":{"footnotes":""},"categories":[56],"tags":[],"class_list":["post-13611","post","type-post","status-publish","format-standard","has-post-thumbnail","hentry","category-trabajo"],"jetpack_featured_media_url":"https:\/\/radiorevelacionfm.cl\/wp-content\/uploads\/2022\/02\/PGU_AdultosMayoresIbanez_2-2-2.jpg","_links":{"self":[{"href":"https:\/\/radiorevelacionfm.cl\/index.php?rest_route=\/wp\/v2\/posts\/13611","targetHints":{"allow":["GET"]}}],"collection":[{"href":"https:\/\/radiorevelacionfm.cl\/index.php?rest_route=\/wp\/v2\/posts"}],"about":[{"href":"https:\/\/radiorevelacionfm.cl\/index.php?rest_route=\/wp\/v2\/types\/post"}],"author":[{"embeddable":true,"href":"https:\/\/radiorevelacionfm.cl\/index.php?rest_route=\/wp\/v2\/users\/1"}],"replies":[{"embeddable":true,"href":"https:\/\/radiorevelacionfm.cl\/index.php?rest_route=%2Fwp%2Fv2%2Fcomments&post=13611"}],"version-history":[{"count":2,"href":"https:\/\/radiorevelacionfm.cl\/index.php?rest_route=\/wp\/v2\/posts\/13611\/revisions"}],"predecessor-version":[{"id":13614,"href":"https:\/\/radiorevelacionfm.cl\/index.php?rest_route=\/wp\/v2\/posts\/13611\/revisions\/13614"}],"wp:featuredmedia":[{"embeddable":true,"href":"https:\/\/radiorevelacionfm.cl\/index.php?rest_route=\/wp\/v2\/media\/13612"}],"wp:attachment":[{"href":"https:\/\/radiorevelacionfm.cl\/index.php?rest_route=%2Fwp%2Fv2%2Fmedia&parent=13611"}],"wp:term":[{"taxonomy":"category","embeddable":true,"href":"https:\/\/radiorevelacionfm.cl\/index.php?rest_route=%2Fwp%2Fv2%2Fcategories&post=13611"},{"taxonomy":"post_tag","embeddable":true,"href":"https:\/\/radiorevelacionfm.cl\/index.php?rest_route=%2Fwp%2Fv2%2Ftags&post=13611"}],"curies":[{"name":"wp","href":"https:\/\/api.w.org\/{rel}","templated":true}]}}