{"id":13605,"date":"2022-02-08T11:25:31","date_gmt":"2022-02-08T14:25:31","guid":{"rendered":"https:\/\/radiorevelacionfm.cl\/?p=13605"},"modified":"2022-02-08T11:25:31","modified_gmt":"2022-02-08T14:25:31","slug":"abren-convocatoria-para-la-iii-version-del-programa-de-apoyo-a-la-inclusion-laboral-de-personas-con-discapacidad","status":"publish","type":"post","link":"https:\/\/radiorevelacionfm.cl\/?p=13605","title":{"rendered":"Abren convocatoria para la III versi\u00f3n del Programa de Apoyo a la Inclusi\u00f3n Laboral de Personas con Discapacidad"},"content":{"rendered":"<div class=\"flex_column av_one_full  flex_column_div av-zero-column-padding first  avia-builder-el-0  el_before_av_one_full  avia-builder-el-first  \" style='border-radius:0px; '><div  class='avia-image-container  av-styling-    avia-builder-el-1  avia-builder-el-no-sibling  avia-align-center '  itemprop=\"image\" itemscope=\"itemscope\" itemtype=\"https:\/\/schema.org\/ImageObject\"  ><div class='avia-image-container-inner'><div class='avia-image-overlay-wrap'><img decoding=\"async\" class='wp-image-13606 avia-img-lazy-loading-not-13606 avia_image' src=\"https:\/\/radiorevelacionfm.cl\/wp-content\/uploads\/2022\/02\/image-43-2.jpg\" alt='' title='image-43-2' height=\"600\" width=\"1374\"  itemprop=\"thumbnailUrl\" srcset=\"https:\/\/radiorevelacionfm.cl\/wp-content\/uploads\/2022\/02\/image-43-2.jpg 1374w, https:\/\/radiorevelacionfm.cl\/wp-content\/uploads\/2022\/02\/image-43-2-300x131.jpg 300w, https:\/\/radiorevelacionfm.cl\/wp-content\/uploads\/2022\/02\/image-43-2-1030x450.jpg 1030w, https:\/\/radiorevelacionfm.cl\/wp-content\/uploads\/2022\/02\/image-43-2-768x335.jpg 768w, https:\/\/radiorevelacionfm.cl\/wp-content\/uploads\/2022\/02\/image-43-2-705x308.jpg 705w, https:\/\/radiorevelacionfm.cl\/wp-content\/uploads\/2022\/02\/image-43-2-600x262.jpg 600w\" sizes=\"(max-width: 1374px) 100vw, 1374px\" \/><\/div><\/div><\/div><\/div><div class=\"flex_column av_one_full  flex_column_div av-zero-column-padding first  avia-builder-el-2  el_after_av_one_full  el_before_av_one_full  column-top-margin\" style='border-radius:0px; '><section class=\"av_textblock_section \"  itemscope=\"itemscope\" itemtype=\"https:\/\/schema.org\/BlogPosting\" itemprop=\"blogPost\" ><div class='avia_textblock  '   itemprop=\"text\" ><p style=\"text-align: center;\"><span style=\"font-size: 18pt;\"><strong>Abren convocatoria para la III versi\u00f3n del Programa de Apoyo a la Inclusi\u00f3n Laboral de Personas con Discapacidad<\/strong><\/span><\/p>\n<div id=\"gtx-trans\" style=\"position: absolute; left: -50px; top: 4.31534px;\">\n<div class=\"gtx-trans-icon\"><\/div>\n<\/div>\n<\/div><\/section><\/div><div class=\"flex_column av_one_full  flex_column_div av-zero-column-padding first  avia-builder-el-4  el_after_av_one_full  el_before_av_hr  column-top-margin\" style='border-radius:0px; '><section class=\"av_textblock_section \"  itemscope=\"itemscope\" itemtype=\"https:\/\/schema.org\/BlogPosting\" itemprop=\"blogPost\" ><div class='avia_textblock  '   itemprop=\"text\" ><p style=\"text-align: justify;\">Por tercera vez consecutiva y con m\u00e1s de 530 entidades certificadas, el Programa de Apoyo a la Inclusi\u00f3n Laboral de Personas con Discapacidad, financiado por el Servicio Nacional de la Discapacidad, SENADIS, y ejecutado por AVANZA Inclusi\u00f3n, abri\u00f3 las inscripciones para que las empresas y organizaciones p\u00fablicas que cumplan con los requisitos, puedan ser parte de este proceso formativo gratuito junto a su equipo de trabajo. Esta nueva versi\u00f3n se llevar\u00e1 a cabo hasta diciembre de 2022.<\/p>\n<p style=\"text-align: justify;\">Este proyecto tiene como objetivo capacitar, orientar y certificar gratuitamente a los equipos de Recursos Humanos o de Gesti\u00f3n de Personas, considerados agentes claves en los procesos de inclusi\u00f3n, con el fin de que puedan adquirir herramientas profesionales de inclusi\u00f3n laboral y aplicarlas al interior de su organizaci\u00f3n. En este ciclo educativo, los equipos tendr\u00e1n material disponible preparado por expertos en la materia, adem\u00e1s de instancias de retroalimentaci\u00f3n, que les permitir\u00e1n enriquecer sus conocimientos y habilidades en la tem\u00e1tica.<\/p>\n<p style=\"text-align: justify;\">La Ministra de Desarrollo Social y Familia, Karla Rubilar, asegur\u00f3 \u201ces necesario que m\u00e1s empresas e instituciones p\u00fablicas se sumen a este programa, porque como gobierno promovemos la inclusi\u00f3n laboral de las personas con discapacidad m\u00e1s all\u00e1 de la ley, debemos contar con capacitaciones directamente a los equipos de recursos humanos, para que cuenten con las herramientas para avanzar en esta materia\u201d.<\/p>\n<p style=\"text-align: justify;\">El Director Nacional de Senadis, Francisco Subercaseaux, destac\u00f3 que \u201cm\u00e1s de 530 empresas e instituciones p\u00fablicas han confiado en este programa para capacitarse en inclusi\u00f3n laboral, porque reconocen la necesidad de fomentar la diversidad al interior de sus organizaciones y aportar en el avance de un cambio cultural en nuestra sociedad\u201d.<\/p>\n<p style=\"text-align: justify;\">Por su parte, la Coordinadora General del Programa de Apoyo a la Inclusi\u00f3n Laboral de Personas con Discapacidad de Avanza Inclusi\u00f3n, Paulina Vergara, se\u00f1ala que \u201clo m\u00e1s destacable de este proyecto es que entrega una base te\u00f3rico-pr\u00e1ctica a las organizaciones que reci\u00e9n se est\u00e1n insertando en el mundo de la inclusi\u00f3n laboral y que necesitan comenzar a gestionar cambios dentro de sus organizaciones para dar un correcto cumplimiento a la Ley\u201d.<\/p>\n<p style=\"text-align: justify;\">Para ser parte de esta iniciativa es requisito que los profesionales que deseen capacitarse desempe\u00f1en sus labores en organizaciones p\u00fablicas o privadas que deban dar cumplimiento a la Ley N\u00b021.015 de Inclusi\u00f3n Laboral, es decir, que cuenten con 100 o m\u00e1s trabajadores.<\/p>\n<p style=\"text-align: justify;\">La novedad de esta versi\u00f3n es que se ejecutar\u00e1 en dos modalidades de trabajo diferentes: online e h\u00edbrida (online y presencial). La primera modalidad es 100% online y los equipos deber\u00e1n inscribirse y cursar uno de los cinco cursos tem\u00e1ticos disponibles, para as\u00ed certificarse en el tema que escogieron. La segunda modalidad es h\u00edbrida, es decir, mezcla instancias de aprendizaje online y presencial. Esta modalidad consistir\u00e1 en completar el curso virtual \u201cEstrategias de Inclusi\u00f3n Laboral\u201d y asistir a una capacitaci\u00f3n presencial de 8 horas pedag\u00f3gicas.<\/p>\n<p style=\"text-align: justify;\">Sin importar la modalidad que escojan, todas las organizaciones deber\u00e1n ser inscritas por un representante del equipo, quien deber\u00e1 contestar el \u00cdndice de Inclusi\u00f3n Laboral de Personas con Discapacidad al inicio y final del programa. De esa forma, esta herramienta de medici\u00f3n y diagn\u00f3stico otorgada por SENADIS, le proporcionar\u00e1 informaci\u00f3n clave a las organizaciones para que as\u00ed puedan diagnosticar qu\u00e9 \u00e1reas falta por mejorar para subir el nivel de inclusi\u00f3n laboral en su organizaci\u00f3n.<\/p>\n<p style=\"text-align: justify;\">A m\u00e1s de tres a\u00f1os de la implementaci\u00f3n de la Ley N\u00b021.015 de Inclusi\u00f3n Laboral, el escenario para las organizaciones p\u00fablicas y privadas que deben dar cumplimiento con la contrataci\u00f3n de al menos el 1% de personas con discapacidad, ha evolucionado durante este periodo, instalando la inclusi\u00f3n laboral como uno de los temas pendientes importantes que debemos seguir desarrollando.<\/p>\n<p style=\"text-align: justify;\">Seg\u00fan la Encuesta Nacional de Discapacidad (Endisc, 2015), en Chile un 20% de la poblaci\u00f3n mayor a los 18 a\u00f1os tiene discapacidad y s\u00f3lo 42,8% forma parte del mundo laboral. En ese sentido, este programa refuerza el compromiso y prepara agentes claves para que los desaf\u00edos relacionados a la inclusi\u00f3n laboral se lleven a cabo de forma correcta y eficiente, adem\u00e1s de concientizar y entregar herramientas para la inclusi\u00f3n.<\/p>\n<p style=\"text-align: justify;\">Adem\u00e1s, la nueva Ley N\u00b021.275 trae nuevas exigencias para las empresas en materia de inclusi\u00f3n laboral y obliga a promover pol\u00edticas inclusivas dentro de estas; elaborar y llevar a cabo capacitaciones anuales para los trabajadores y tambi\u00e9n a incorporar un experto en inclusi\u00f3n laboral certificado por ChileValora en el equipo de Recursos Humanos. El Programa de Apoyo a la Inclusi\u00f3n Laboral de Personas con Discapacidad puede significar un primer paso para las empresas que quieran avanzar y capacitarse sobre diversidad e inclusi\u00f3n, considerando que la exigencia del experto en inclusi\u00f3n comenzar\u00e1 a regir en noviembre de 2022.<\/p>\n<p style=\"text-align: justify;\">Paulina Vergara asegur\u00f3 que \u201csi bien el programa est\u00e1 orientado a que las organizaciones puedan dar un correcto cumplimiento de la Ley de Inclusi\u00f3n Laboral, tenemos el deber de formar un compromiso que traspase las barreras de lo institucional, de forma que podamos aplicar estos conocimientos en nuestra vida personal y as\u00ed vayamos construyendo una sociedad m\u00e1s inclusiva\u201d.<\/p>\n<ul style=\"text-align: justify;\">\n<li><strong>Modalidad online: <\/strong><\/li>\n<\/ul>\n<p style=\"text-align: justify;\">Para certificarte deber\u00e1s elegir y completar uno de los cinco cursos tem\u00e1ticos disponibles. Una vez que completes las horas pedag\u00f3gicas del curso elegido y te certifiques en ese tema, podr\u00e1s escoger otro tema y volver a capacitarte. Los cursos disponibles en esta modalidad son los siguientes:<\/p>\n<ol style=\"text-align: justify;\">\n<li>Diversidad e Inclusi\u00f3n en el mundo del trabajo<\/li>\n<li>Pol\u00edticas Laborales Inclusivas<\/li>\n<li>An\u00e1lisis del puesto de trabajo<\/li>\n<li>Reclutamiento y Selecci\u00f3n de Personas con Discapacidad<\/li>\n<li>Normativa Chilena en Inclusi\u00f3n Laboral de Personas con Discapacidad<\/li>\n<\/ol>\n<p style=\"text-align: justify;\">Inscribe a tu organizaci\u00f3n en la modalidad online del programa en <a href=\"https:\/\/bit.ly\/onlinePAIL\">https:\/\/bit.ly\/onlinePAIL<\/a>.<\/p>\n<ul style=\"text-align: justify;\">\n<li><strong>Modalidad h\u00edbrida: <\/strong><\/li>\n<\/ul>\n<p style=\"text-align: justify;\">Para certificarse en esta modalidad deber\u00e1s completar el curso online \u00abEstrategias de Inclusi\u00f3n Laboral de Personas con Discapacidad\u00bb, adem\u00e1s de asistir a una capacitaci\u00f3n presencial de 8 horas en tu regi\u00f3n, donde podr\u00e1s vincularte con otras organizaciones y compartir sus experiencias sobre el proceso de inclusi\u00f3n laboral.<\/p>\n<p style=\"text-align: justify;\">Inscribe a tu organizaci\u00f3n en la modalidad h\u00edbrida del programa en <a href=\"https:\/\/bit.ly\/hibridaPAIL\">https:\/\/bit.ly\/hibridaPAIL<\/a>.<\/p>\n<p style=\"text-align: justify;\">El plazo para inscribir a tu organizaci\u00f3n en cualquiera de las dos modalidades finaliza el30 de julio de 2022. Si tienes dudas, puedes escribir a programadeapoyo@avanzainclusion.cl o visitar <a href=\"about:blank\">www.avanzainclusi\u00f3n.cl<\/a><u>.<\/u><\/p>\n<\/div><\/section><\/div><div  style='height:50px' class='hr hr-invisible   avia-builder-el-6  el_after_av_one_full  el_before_av_social_share '><span class='hr-inner ' ><span class='hr-inner-style'><\/span><\/span><\/div><\/p>\n<div  class='av-social-sharing-box  avia-builder-el-7  el_after_av_hr  el_before_av_hr  '><div class='av-share-box'><h5 class='av-share-link-description av-no-toc '>Compartir esta noticia<\/h5><ul class='av-share-box-list noLightbox'><li class='av-share-link av-social-link-facebook' ><a target=\"_blank\" aria-label=\"Compartir en Facebook\" href='https:\/\/www.facebook.com\/sharer.php?u=https:\/\/radiorevelacionfm.cl\/?p=13605&#038;t=Abren%20convocatoria%20para%20la%20III%20versi%C3%B3n%20del%20Programa%20de%20Apoyo%20a%20la%20Inclusi%C3%B3n%20Laboral%20de%20Personas%20con%20Discapacidad' aria-hidden='false' data-av_icon='\ue8f3' data-av_iconfont='entypo-fontello' title='' data-avia-related-tooltip='Compartir en Facebook' rel=\"noopener\"><span class='avia_hidden_link_text'>Compartir en Facebook<\/span><\/a><\/li><li class='av-share-link av-social-link-twitter' ><a target=\"_blank\" aria-label=\"Compartir en Twitter\" href='https:\/\/twitter.com\/share?text=Abren%20convocatoria%20para%20la%20III%20versi%C3%B3n%20del%20Programa%20de%20Apoyo%20a%20la%20Inclusi%C3%B3n%20Laboral%20de%20Personas%20con%20Discapacidad&#038;url=https:\/\/radiorevelacionfm.cl\/?p=13605' aria-hidden='false' data-av_icon='\ue8f1' data-av_iconfont='entypo-fontello' title='' data-avia-related-tooltip='Compartir en Twitter' rel=\"noopener\"><span class='avia_hidden_link_text'>Compartir en Twitter<\/span><\/a><\/li><li class='av-share-link av-social-link-whatsapp' ><a target=\"_blank\" aria-label=\"Compartir en Whatsapp\" href='https:\/\/api.whatsapp.com\/send?text=https:\/\/radiorevelacionfm.cl\/?p=13605' aria-hidden='false' data-av_icon='\uf232' data-av_iconfont='entypo-fontello' title='' data-avia-related-tooltip='Compartir en Whatsapp' rel=\"noopener\"><span class='avia_hidden_link_text'>Compartir en Whatsapp<\/span><\/a><\/li><li class='av-share-link av-social-link-linkedin' ><a target=\"_blank\" aria-label=\"Compartir en LinkedIn\" href='https:\/\/linkedin.com\/shareArticle?mini=true&#038;title=Abren%20convocatoria%20para%20la%20III%20versi%C3%B3n%20del%20Programa%20de%20Apoyo%20a%20la%20Inclusi%C3%B3n%20Laboral%20de%20Personas%20con%20Discapacidad&#038;url=https:\/\/radiorevelacionfm.cl\/?p=13605' aria-hidden='false' data-av_icon='\ue8fc' data-av_iconfont='entypo-fontello' title='' data-avia-related-tooltip='Compartir en LinkedIn' rel=\"noopener\"><span class='avia_hidden_link_text'>Compartir en LinkedIn<\/span><\/a><\/li><li class='av-share-link av-social-link-mail' ><a  aria-label=\"Compartir por correo\" href='mailto:?subject=Abren%20convocatoria%20para%20la%20III%20versi%C3%B3n%20del%20Programa%20de%20Apoyo%20a%20la%20Inclusi%C3%B3n%20Laboral%20de%20Personas%20con%20Discapacidad&#038;body=https:\/\/radiorevelacionfm.cl\/?p=13605' aria-hidden='false' data-av_icon='\ue805' data-av_iconfont='entypo-fontello' title='' data-avia-related-tooltip='Compartir por correo'><span class='avia_hidden_link_text'>Compartir por correo<\/span><\/a><\/li><\/ul><\/div><\/div>\n<div  style='height:50px' class='hr hr-invisible   avia-builder-el-8  el_after_av_social_share  el_before_av_comments_list '><span class='hr-inner ' ><span class='hr-inner-style'><\/span><\/span><\/div>\n<div  class='av-buildercomment  av-blog-meta-html-info-disabled av-blog-meta-tag-disabled  '><\/div>\n","protected":false},"excerpt":{"rendered":"","protected":false},"author":1,"featured_media":13606,"comment_status":"open","ping_status":"open","sticky":false,"template":"","format":"standard","meta":{"footnotes":""},"categories":[1],"tags":[],"class_list":["post-13605","post","type-post","status-publish","format-standard","has-post-thumbnail","hentry","category-sin-categoria"],"jetpack_featured_media_url":"https:\/\/radiorevelacionfm.cl\/wp-content\/uploads\/2022\/02\/image-43-2.jpg","_links":{"self":[{"href":"https:\/\/radiorevelacionfm.cl\/index.php?rest_route=\/wp\/v2\/posts\/13605","targetHints":{"allow":["GET"]}}],"collection":[{"href":"https:\/\/radiorevelacionfm.cl\/index.php?rest_route=\/wp\/v2\/posts"}],"about":[{"href":"https:\/\/radiorevelacionfm.cl\/index.php?rest_route=\/wp\/v2\/types\/post"}],"author":[{"embeddable":true,"href":"https:\/\/radiorevelacionfm.cl\/index.php?rest_route=\/wp\/v2\/users\/1"}],"replies":[{"embeddable":true,"href":"https:\/\/radiorevelacionfm.cl\/index.php?rest_route=%2Fwp%2Fv2%2Fcomments&post=13605"}],"version-history":[{"count":2,"href":"https:\/\/radiorevelacionfm.cl\/index.php?rest_route=\/wp\/v2\/posts\/13605\/revisions"}],"predecessor-version":[{"id":13609,"href":"https:\/\/radiorevelacionfm.cl\/index.php?rest_route=\/wp\/v2\/posts\/13605\/revisions\/13609"}],"wp:featuredmedia":[{"embeddable":true,"href":"https:\/\/radiorevelacionfm.cl\/index.php?rest_route=\/wp\/v2\/media\/13606"}],"wp:attachment":[{"href":"https:\/\/radiorevelacionfm.cl\/index.php?rest_route=%2Fwp%2Fv2%2Fmedia&parent=13605"}],"wp:term":[{"taxonomy":"category","embeddable":true,"href":"https:\/\/radiorevelacionfm.cl\/index.php?rest_route=%2Fwp%2Fv2%2Fcategories&post=13605"},{"taxonomy":"post_tag","embeddable":true,"href":"https:\/\/radiorevelacionfm.cl\/index.php?rest_route=%2Fwp%2Fv2%2Ftags&post=13605"}],"curies":[{"name":"wp","href":"https:\/\/api.w.org\/{rel}","templated":true}]}}