{"id":13596,"date":"2022-02-08T10:57:05","date_gmt":"2022-02-08T13:57:05","guid":{"rendered":"https:\/\/radiorevelacionfm.cl\/?p=13596"},"modified":"2022-02-08T10:57:05","modified_gmt":"2022-02-08T13:57:05","slug":"hoy-se-conmemora-el-dia-internacional-de-la-internet-segura","status":"publish","type":"post","link":"https:\/\/radiorevelacionfm.cl\/?p=13596","title":{"rendered":"Hoy se conmemora el D\u00eda Internacional de la Internet Segura"},"content":{"rendered":"<div class=\"flex_column av_one_full  flex_column_div av-zero-column-padding first  avia-builder-el-0  el_before_av_one_full  avia-builder-el-first  \" style='border-radius:0px; '><div  class='avia-image-container  av-styling-    avia-builder-el-1  avia-builder-el-no-sibling  avia-align-center '  itemprop=\"image\" itemscope=\"itemscope\" itemtype=\"https:\/\/schema.org\/ImageObject\"  ><div class='avia-image-container-inner'><div class='avia-image-overlay-wrap'><img decoding=\"async\" class='wp-image-13597 avia-img-lazy-loading-not-13597 avia_image' src=\"https:\/\/radiorevelacionfm.cl\/wp-content\/uploads\/2022\/02\/dia-internacional-de-internet-segura-2-2.jpg\" alt='' title='dia-internacional-de-internet-segura-2-2' height=\"600\" width=\"850\"  itemprop=\"thumbnailUrl\" srcset=\"https:\/\/radiorevelacionfm.cl\/wp-content\/uploads\/2022\/02\/dia-internacional-de-internet-segura-2-2.jpg 850w, https:\/\/radiorevelacionfm.cl\/wp-content\/uploads\/2022\/02\/dia-internacional-de-internet-segura-2-2-300x212.jpg 300w, https:\/\/radiorevelacionfm.cl\/wp-content\/uploads\/2022\/02\/dia-internacional-de-internet-segura-2-2-768x542.jpg 768w, https:\/\/radiorevelacionfm.cl\/wp-content\/uploads\/2022\/02\/dia-internacional-de-internet-segura-2-2-260x185.jpg 260w, https:\/\/radiorevelacionfm.cl\/wp-content\/uploads\/2022\/02\/dia-internacional-de-internet-segura-2-2-705x498.jpg 705w, https:\/\/radiorevelacionfm.cl\/wp-content\/uploads\/2022\/02\/dia-internacional-de-internet-segura-2-2-600x424.jpg 600w\" sizes=\"(max-width: 850px) 100vw, 850px\" \/><\/div><\/div><\/div><\/div>\n<div class=\"flex_column av_one_full  flex_column_div av-zero-column-padding first  avia-builder-el-2  el_after_av_one_full  el_before_av_one_full  column-top-margin\" style='border-radius:0px; '><section class=\"av_textblock_section \"  itemscope=\"itemscope\" itemtype=\"https:\/\/schema.org\/BlogPosting\" itemprop=\"blogPost\" ><div class='avia_textblock  '   itemprop=\"text\" ><p style=\"text-align: center;\"><strong><span style=\"font-size: 18pt;\">Hoy se conmemora el D\u00eda Internacional de la Internet Segura<\/span><\/strong><\/p>\n<div id=\"gtx-trans\" style=\"position: absolute; left: -50px; top: 4.31534px;\">\n<div class=\"gtx-trans-icon\"><\/div>\n<\/div>\n<\/div><\/section><\/div><div class=\"flex_column av_one_full  flex_column_div av-zero-column-padding first  avia-builder-el-4  el_after_av_one_full  el_before_av_hr  column-top-margin\" style='border-radius:0px; '><section class=\"av_textblock_section \"  itemscope=\"itemscope\" itemtype=\"https:\/\/schema.org\/BlogPosting\" itemprop=\"blogPost\" ><div class='avia_textblock  '   itemprop=\"text\" ><p style=\"text-align: justify;\">Tener acceso a Internet tiene muchos beneficios. Podemos realizar tr\u00e1mites, trabajar, estudiar, jugar, etc., pero tambi\u00e9n existen riesgos asociados que pueden afectar tus dispositivos, el control de tu informaci\u00f3n, generar p\u00e9rdidas econ\u00f3mica e incluso una persona puede sufrir de acoso en l\u00ednea o ser v\u00edctima de otro tipo de enga\u00f1o.<\/p>\n<p style=\"text-align: justify;\">Tanto adultos como ni\u00f1os pueden sufrir las consecuencias, por eso el 8 de febrero se celebra el D\u00eda Internacional de Internet Segura, una iniciativa que busca promover el uso seguro, respetuoso y responsable de las tecnolog\u00edas digitales. El CSIRT de Gobierno junto a Entel entregan una serie de recomendaciones para navegar en Internet de forma m\u00e1s segura.<\/p>\n<p style=\"text-align: justify;\"><strong>Para navegar seguro en redes sociales:<\/strong><\/p>\n<p style=\"text-align: justify;\">&#8211; Nunca publiques datos personales como nombres, rut u otros, ya que pueden ser utilizados para descifrar contrase\u00f1as o suplantar identidad.<\/p>\n<p style=\"text-align: justify;\">&#8211; Configura tu perfil en modo privado y acepta s\u00f3lo a personas que realmente conoces.<\/p>\n<p style=\"text-align: justify;\">&#8211; Cuidado con el env\u00edo de fotograf\u00edas o videos. Otras personas pueden acceder a ellas y utilizarlas para\u00a0 extorsionar o acosar.<\/p>\n<p style=\"text-align: justify;\"><strong>Navega seguro considerando:<\/strong><\/p>\n<ul style=\"text-align: justify;\">\n<li>Bloquea anuncios. Algunas ventanas emergentes pueden contener enlaces maliciosos.<\/li>\n<li>Borra el cach\u00e9 y las cookies del navegador web para limitar el rastreo de datos.<\/li>\n<li>Usa siempre antivirus y actual\u00edzalo.<\/li>\n<\/ul>\n<p style=\"text-align: justify;\"><strong>En cada sitio web o red social que te registres:<\/strong><\/p>\n<ul style=\"text-align: justify;\">\n<li>Utiliza contrase\u00f1as robustas y diferentes. Si se filtra una clave, no todos los servicios se ver\u00e1n comprometidos.<\/li>\n<li>Cierra la sesi\u00f3n cada vez que salgas.<\/li>\n<li>Nunca guardes los datos de tus tarjetas bancarias o contrase\u00f1as.<\/li>\n<\/ul>\n<p style=\"text-align: justify;\"><strong>Cuando navegues por internet:<\/strong><\/p>\n<ul style=\"text-align: justify;\">\n<li>Evita conectarte a redes p\u00fablicas, especialmente a sitios donde ingreses informaci\u00f3n sensible.<\/li>\n<li>Cambia constantemente las contrase\u00f1as y no las compartas.<\/li>\n<li>Nunca dejes tus contrase\u00f1as en un papel y a vista de todos.<\/li>\n<li>Evita ingresar tus contrase\u00f1as u otros datos sensibles en sitios web bancarios, correo electr\u00f3nico, etc. en computadores ajenos.<\/li>\n<\/ul>\n<p style=\"text-align: justify;\"><strong>Para evitar estafas:<\/strong><\/p>\n<ul style=\"text-align: justify;\">\n<li>S\u00e9 cr\u00edtico con la informaci\u00f3n que recibes a trav\u00e9s de correos electr\u00f3nico, SMS o mensajes v\u00eda WhatsApp.<\/li>\n<li>Revisa siempre la URL para confirmar que es el sitio al que quieres ingresar.<\/li>\n<li>Si no conf\u00edas en la p\u00e1gina web, nunca ingreses tus datos personales.<\/li>\n<li>Si crees que recibiste un phishing, puedes reportarlo al CSIRT llamando al 1510 o escribir a <a href=\"mailto:soc@interior.gob.cl\">soc@interior.gob.cl<\/a><\/li>\n<\/ul>\n<\/div><\/section><\/div><\/p>\n<div  style='height:50px' class='hr hr-invisible   avia-builder-el-6  el_after_av_one_full  el_before_av_social_share '><span class='hr-inner ' ><span class='hr-inner-style'><\/span><\/span><\/div>\n<div  class='av-social-sharing-box  avia-builder-el-7  el_after_av_hr  el_before_av_hr  '><div class='av-share-box'><h5 class='av-share-link-description av-no-toc '>Compartir esta noticia<\/h5><ul class='av-share-box-list noLightbox'><li class='av-share-link av-social-link-facebook' ><a target=\"_blank\" aria-label=\"Compartir en Facebook\" href='https:\/\/www.facebook.com\/sharer.php?u=https:\/\/radiorevelacionfm.cl\/?p=13596&#038;t=Hoy%20se%20conmemora%20el%20D%C3%ADa%20Internacional%20de%20la%20Internet%20Segura' aria-hidden='false' data-av_icon='\ue8f3' data-av_iconfont='entypo-fontello' title='' data-avia-related-tooltip='Compartir en Facebook' rel=\"noopener\"><span class='avia_hidden_link_text'>Compartir en Facebook<\/span><\/a><\/li><li class='av-share-link av-social-link-twitter' ><a target=\"_blank\" aria-label=\"Compartir en Twitter\" href='https:\/\/twitter.com\/share?text=Hoy%20se%20conmemora%20el%20D%C3%ADa%20Internacional%20de%20la%20Internet%20Segura&#038;url=https:\/\/radiorevelacionfm.cl\/?p=13596' aria-hidden='false' data-av_icon='\ue8f1' data-av_iconfont='entypo-fontello' title='' data-avia-related-tooltip='Compartir en Twitter' rel=\"noopener\"><span class='avia_hidden_link_text'>Compartir en Twitter<\/span><\/a><\/li><li class='av-share-link av-social-link-whatsapp' ><a target=\"_blank\" aria-label=\"Compartir en Whatsapp\" href='https:\/\/api.whatsapp.com\/send?text=https:\/\/radiorevelacionfm.cl\/?p=13596' aria-hidden='false' data-av_icon='\uf232' data-av_iconfont='entypo-fontello' title='' data-avia-related-tooltip='Compartir en Whatsapp' rel=\"noopener\"><span class='avia_hidden_link_text'>Compartir en Whatsapp<\/span><\/a><\/li><li class='av-share-link av-social-link-linkedin' ><a target=\"_blank\" aria-label=\"Compartir en LinkedIn\" href='https:\/\/linkedin.com\/shareArticle?mini=true&#038;title=Hoy%20se%20conmemora%20el%20D%C3%ADa%20Internacional%20de%20la%20Internet%20Segura&#038;url=https:\/\/radiorevelacionfm.cl\/?p=13596' aria-hidden='false' data-av_icon='\ue8fc' data-av_iconfont='entypo-fontello' title='' data-avia-related-tooltip='Compartir en LinkedIn' rel=\"noopener\"><span class='avia_hidden_link_text'>Compartir en LinkedIn<\/span><\/a><\/li><li class='av-share-link av-social-link-mail' ><a  aria-label=\"Compartir por correo\" href='mailto:?subject=Hoy%20se%20conmemora%20el%20D%C3%ADa%20Internacional%20de%20la%20Internet%20Segura&#038;body=https:\/\/radiorevelacionfm.cl\/?p=13596' aria-hidden='false' data-av_icon='\ue805' data-av_iconfont='entypo-fontello' title='' data-avia-related-tooltip='Compartir por correo'><span class='avia_hidden_link_text'>Compartir por correo<\/span><\/a><\/li><\/ul><\/div><\/div>\n<div  style='height:50px' class='hr hr-invisible   avia-builder-el-8  el_after_av_social_share  el_before_av_comments_list '><span class='hr-inner ' ><span class='hr-inner-style'><\/span><\/span><\/div>\n<div  class='av-buildercomment  av-blog-meta-html-info-disabled av-blog-meta-tag-disabled  '><\/div>\n","protected":false},"excerpt":{"rendered":"","protected":false},"author":1,"featured_media":13597,"comment_status":"open","ping_status":"open","sticky":false,"template":"","format":"standard","meta":{"footnotes":""},"categories":[41],"tags":[],"class_list":["post-13596","post","type-post","status-publish","format-standard","has-post-thumbnail","hentry","category-tecnologia"],"jetpack_featured_media_url":"https:\/\/radiorevelacionfm.cl\/wp-content\/uploads\/2022\/02\/dia-internacional-de-internet-segura-2-2.jpg","_links":{"self":[{"href":"https:\/\/radiorevelacionfm.cl\/index.php?rest_route=\/wp\/v2\/posts\/13596","targetHints":{"allow":["GET"]}}],"collection":[{"href":"https:\/\/radiorevelacionfm.cl\/index.php?rest_route=\/wp\/v2\/posts"}],"about":[{"href":"https:\/\/radiorevelacionfm.cl\/index.php?rest_route=\/wp\/v2\/types\/post"}],"author":[{"embeddable":true,"href":"https:\/\/radiorevelacionfm.cl\/index.php?rest_route=\/wp\/v2\/users\/1"}],"replies":[{"embeddable":true,"href":"https:\/\/radiorevelacionfm.cl\/index.php?rest_route=%2Fwp%2Fv2%2Fcomments&post=13596"}],"version-history":[{"count":3,"href":"https:\/\/radiorevelacionfm.cl\/index.php?rest_route=\/wp\/v2\/posts\/13596\/revisions"}],"predecessor-version":[{"id":13610,"href":"https:\/\/radiorevelacionfm.cl\/index.php?rest_route=\/wp\/v2\/posts\/13596\/revisions\/13610"}],"wp:featuredmedia":[{"embeddable":true,"href":"https:\/\/radiorevelacionfm.cl\/index.php?rest_route=\/wp\/v2\/media\/13597"}],"wp:attachment":[{"href":"https:\/\/radiorevelacionfm.cl\/index.php?rest_route=%2Fwp%2Fv2%2Fmedia&parent=13596"}],"wp:term":[{"taxonomy":"category","embeddable":true,"href":"https:\/\/radiorevelacionfm.cl\/index.php?rest_route=%2Fwp%2Fv2%2Fcategories&post=13596"},{"taxonomy":"post_tag","embeddable":true,"href":"https:\/\/radiorevelacionfm.cl\/index.php?rest_route=%2Fwp%2Fv2%2Ftags&post=13596"}],"curies":[{"name":"wp","href":"https:\/\/api.w.org\/{rel}","templated":true}]}}