{"id":13592,"date":"2022-02-07T22:02:41","date_gmt":"2022-02-08T01:02:41","guid":{"rendered":"https:\/\/radiorevelacionfm.cl\/?p=13592"},"modified":"2022-02-07T22:02:41","modified_gmt":"2022-02-08T01:02:41","slug":"ejercito-junto-al-instituto-chileno-de-campos-de-hielo-realizan-expedicion-cientifica-al-glaciar-del-lago-ohiggins","status":"publish","type":"post","link":"https:\/\/radiorevelacionfm.cl\/?p=13592","title":{"rendered":"Ej\u00e9rcito junto al Instituto Chileno de Campos de Hielo realizan expedici\u00f3n cient\u00edfica al glaciar del lago O\u2019Higgins"},"content":{"rendered":"<div class=\"flex_column av_one_full  flex_column_div av-zero-column-padding first  avia-builder-el-0  el_before_av_one_full  avia-builder-el-first  \" style='border-radius:0px; '><div  class='avia-image-container  av-styling-    avia-builder-el-1  avia-builder-el-no-sibling  avia-align-center '  itemprop=\"image\" itemscope=\"itemscope\" itemtype=\"https:\/\/schema.org\/ImageObject\"  ><div class='avia-image-container-inner'><div class='avia-image-overlay-wrap'><img decoding=\"async\" class='wp-image-13593 avia-img-lazy-loading-not-13593 avia_image' src=\"https:\/\/radiorevelacionfm.cl\/wp-content\/uploads\/2022\/02\/Campos-de-Hielo2-2.jpg\" alt='' title='Campos de Hielo2-2' height=\"600\" width=\"800\"  itemprop=\"thumbnailUrl\" srcset=\"https:\/\/radiorevelacionfm.cl\/wp-content\/uploads\/2022\/02\/Campos-de-Hielo2-2.jpg 800w, https:\/\/radiorevelacionfm.cl\/wp-content\/uploads\/2022\/02\/Campos-de-Hielo2-2-300x225.jpg 300w, https:\/\/radiorevelacionfm.cl\/wp-content\/uploads\/2022\/02\/Campos-de-Hielo2-2-768x576.jpg 768w, https:\/\/radiorevelacionfm.cl\/wp-content\/uploads\/2022\/02\/Campos-de-Hielo2-2-705x529.jpg 705w, https:\/\/radiorevelacionfm.cl\/wp-content\/uploads\/2022\/02\/Campos-de-Hielo2-2-600x450.jpg 600w\" sizes=\"(max-width: 800px) 100vw, 800px\" \/><\/div><\/div><\/div><\/div><div class=\"flex_column av_one_full  flex_column_div av-zero-column-padding first  avia-builder-el-2  el_after_av_one_full  el_before_av_one_full  column-top-margin\" style='border-radius:0px; '><section class=\"av_textblock_section \"  itemscope=\"itemscope\" itemtype=\"https:\/\/schema.org\/BlogPosting\" itemprop=\"blogPost\" ><div class='avia_textblock  '   itemprop=\"text\" ><p style=\"text-align: center;\"><span style=\"font-size: 18pt;\"><strong>Ej\u00e9rcito junto al Instituto Chileno de Campos de Hielo realizan expedici\u00f3n cient\u00edfica al glaciar del lago O\u2019Higgins\u00a0<\/strong><\/span><\/p>\n<div id=\"gtx-trans\" style=\"position: absolute; left: -50px; top: 4.31534px;\">\n<div class=\"gtx-trans-icon\"><\/div>\n<\/div>\n<\/div><\/section><\/div><div class=\"flex_column av_one_full  flex_column_div av-zero-column-padding first  avia-builder-el-4  el_after_av_one_full  el_before_av_hr  column-top-margin\" style='border-radius:0px; '><section class=\"av_textblock_section \"  itemscope=\"itemscope\" itemtype=\"https:\/\/schema.org\/BlogPosting\" itemprop=\"blogPost\" ><div class='avia_textblock  '   itemprop=\"text\" ><p style=\"text-align: justify;\">La Compa\u00f1\u00eda Andina Divisionaria N\u00b020 \u201cCochrane\u201d, con sus medios y su personal de alto entrenamiento especialista en monta\u00f1a \u00a0se encuentran apoyando al Instituto Chileno de Campos de Hielo, en el programa \u00a0de investigaci\u00f3n cient\u00edfica \u201cCiencia Joven\u201d, en el cual \u00a0profesores y estudiantes de diferentes universidades nacionales, levantaran informaci\u00f3n, de la zona general de Bajo Esperanza del Lago O\u00b4Higgins, ubicado en Campo de Hielo Sur.<\/p>\n<p style=\"text-align: justify;\">En este contexto, la expedici\u00f3n que comenz\u00f3 el 23 de enero y finaliza el pr\u00f3ximo 08 de febrero del presente a\u00f1o, se encuentra enmarcada dentro del convenio de cooperaci\u00f3n suscrito entre el Ej\u00e9rcito de Chile y el Instituto Chileno de Campos de Hielo (ICCH). Esta expedici\u00f3n cient\u00edfica \u2013 militar tiene el de prop\u00f3sito de efectuar una exploraci\u00f3n y reconocimiento hacia el Glaciar Oriental, macizo de hielo que se desprende del tercio norte de Campo de Hielo Sur, permitiendo a los cient\u00edficos estudiar y analizar la situaci\u00f3n actual en la zona y las consecuencias que ha causado el cambio clim\u00e1tico que afecta al planeta, obteniendo tomas de muestras arqueol\u00f3gicas y un mayor conocimiento de una zona casi inexplorada por el ser humano, la cual presenta escasa informaci\u00f3n geogr\u00e1fica.<\/p>\n<div class=\"code-block code-block-6\">\n<p style=\"text-align: justify;\">Para todo lo anterior, ha sido fundamental el apoyo de los efectivos de la Compa\u00f1\u00eda Andina en el reconocimiento lo cual contempl\u00f3 una navegaci\u00f3n por el Lago O\u00b4Higgins en la barcaza institucional \u201cCapit\u00e1n Ihl\u201d, posteriormente una inserci\u00f3n anfibia, continuando el avance con el empleo de t\u00e9cnica de marcha con crampones y esqu\u00ed, a trav\u00e9s de terrenos monta\u00f1osos y glaciares.<\/p>\n<div class=\"code-block code-block-4\">\n<p style=\"text-align: justify;\">Cabe destacar, que hasta el lugar se traslad\u00f3 el Comandante de la IV Divisi\u00f3n de Ej\u00e9rcito, General de Brigada Luis Felipe P\u00e9rez para verificar en terreno las actividades realizadas.<\/p>\n<\/div>\n<\/div>\n<\/div><\/section><\/div><div  style='height:50px' class='hr hr-invisible   avia-builder-el-6  el_after_av_one_full  el_before_av_social_share '><span class='hr-inner ' ><span class='hr-inner-style'><\/span><\/span><\/div><\/p>\n<div  class='av-social-sharing-box  avia-builder-el-7  el_after_av_hr  el_before_av_hr  '><div class='av-share-box'><h5 class='av-share-link-description av-no-toc '>Compartir esta noticia<\/h5><ul class='av-share-box-list noLightbox'><li class='av-share-link av-social-link-facebook' ><a target=\"_blank\" aria-label=\"Compartir en Facebook\" href='https:\/\/www.facebook.com\/sharer.php?u=https:\/\/radiorevelacionfm.cl\/?p=13592&#038;t=Ej%C3%A9rcito%20junto%20al%20Instituto%20Chileno%20de%20Campos%20de%20Hielo%20realizan%20expedici%C3%B3n%20cient%C3%ADfica%20al%20glaciar%20del%20lago%20O%E2%80%99Higgins' aria-hidden='false' data-av_icon='\ue8f3' data-av_iconfont='entypo-fontello' title='' data-avia-related-tooltip='Compartir en Facebook' rel=\"noopener\"><span class='avia_hidden_link_text'>Compartir en Facebook<\/span><\/a><\/li><li class='av-share-link av-social-link-twitter' ><a target=\"_blank\" aria-label=\"Compartir en Twitter\" href='https:\/\/twitter.com\/share?text=Ej%C3%A9rcito%20junto%20al%20Instituto%20Chileno%20de%20Campos%20de%20Hielo%20realizan%20expedici%C3%B3n%20cient%C3%ADfica%20al%20glaciar%20del%20lago%20O%E2%80%99Higgins&#038;url=https:\/\/radiorevelacionfm.cl\/?p=13592' aria-hidden='false' data-av_icon='\ue8f1' data-av_iconfont='entypo-fontello' title='' data-avia-related-tooltip='Compartir en Twitter' rel=\"noopener\"><span class='avia_hidden_link_text'>Compartir en Twitter<\/span><\/a><\/li><li class='av-share-link av-social-link-whatsapp' ><a target=\"_blank\" aria-label=\"Compartir en Whatsapp\" href='https:\/\/api.whatsapp.com\/send?text=https:\/\/radiorevelacionfm.cl\/?p=13592' aria-hidden='false' data-av_icon='\uf232' data-av_iconfont='entypo-fontello' title='' data-avia-related-tooltip='Compartir en Whatsapp' rel=\"noopener\"><span class='avia_hidden_link_text'>Compartir en Whatsapp<\/span><\/a><\/li><li class='av-share-link av-social-link-linkedin' ><a target=\"_blank\" aria-label=\"Compartir en LinkedIn\" href='https:\/\/linkedin.com\/shareArticle?mini=true&#038;title=Ej%C3%A9rcito%20junto%20al%20Instituto%20Chileno%20de%20Campos%20de%20Hielo%20realizan%20expedici%C3%B3n%20cient%C3%ADfica%20al%20glaciar%20del%20lago%20O%E2%80%99Higgins&#038;url=https:\/\/radiorevelacionfm.cl\/?p=13592' aria-hidden='false' data-av_icon='\ue8fc' data-av_iconfont='entypo-fontello' title='' data-avia-related-tooltip='Compartir en LinkedIn' rel=\"noopener\"><span class='avia_hidden_link_text'>Compartir en LinkedIn<\/span><\/a><\/li><li class='av-share-link av-social-link-mail' ><a  aria-label=\"Compartir por correo\" href='mailto:?subject=Ej%C3%A9rcito%20junto%20al%20Instituto%20Chileno%20de%20Campos%20de%20Hielo%20realizan%20expedici%C3%B3n%20cient%C3%ADfica%20al%20glaciar%20del%20lago%20O%E2%80%99Higgins&#038;body=https:\/\/radiorevelacionfm.cl\/?p=13592' aria-hidden='false' data-av_icon='\ue805' data-av_iconfont='entypo-fontello' title='' data-avia-related-tooltip='Compartir por correo'><span class='avia_hidden_link_text'>Compartir por correo<\/span><\/a><\/li><\/ul><\/div><\/div>\n<div  style='height:50px' class='hr hr-invisible   avia-builder-el-8  el_after_av_social_share  el_before_av_comments_list '><span class='hr-inner ' ><span class='hr-inner-style'><\/span><\/span><\/div>\n<div  class='av-buildercomment  av-blog-meta-html-info-disabled av-blog-meta-tag-disabled  '><\/div>\n","protected":false},"excerpt":{"rendered":"","protected":false},"author":1,"featured_media":13593,"comment_status":"open","ping_status":"open","sticky":false,"template":"","format":"standard","meta":{"footnotes":""},"categories":[38],"tags":[],"class_list":["post-13592","post","type-post","status-publish","format-standard","has-post-thumbnail","hentry","category-regional"],"jetpack_featured_media_url":"https:\/\/radiorevelacionfm.cl\/wp-content\/uploads\/2022\/02\/Campos-de-Hielo2-2.jpg","_links":{"self":[{"href":"https:\/\/radiorevelacionfm.cl\/index.php?rest_route=\/wp\/v2\/posts\/13592","targetHints":{"allow":["GET"]}}],"collection":[{"href":"https:\/\/radiorevelacionfm.cl\/index.php?rest_route=\/wp\/v2\/posts"}],"about":[{"href":"https:\/\/radiorevelacionfm.cl\/index.php?rest_route=\/wp\/v2\/types\/post"}],"author":[{"embeddable":true,"href":"https:\/\/radiorevelacionfm.cl\/index.php?rest_route=\/wp\/v2\/users\/1"}],"replies":[{"embeddable":true,"href":"https:\/\/radiorevelacionfm.cl\/index.php?rest_route=%2Fwp%2Fv2%2Fcomments&post=13592"}],"version-history":[{"count":2,"href":"https:\/\/radiorevelacionfm.cl\/index.php?rest_route=\/wp\/v2\/posts\/13592\/revisions"}],"predecessor-version":[{"id":13595,"href":"https:\/\/radiorevelacionfm.cl\/index.php?rest_route=\/wp\/v2\/posts\/13592\/revisions\/13595"}],"wp:featuredmedia":[{"embeddable":true,"href":"https:\/\/radiorevelacionfm.cl\/index.php?rest_route=\/wp\/v2\/media\/13593"}],"wp:attachment":[{"href":"https:\/\/radiorevelacionfm.cl\/index.php?rest_route=%2Fwp%2Fv2%2Fmedia&parent=13592"}],"wp:term":[{"taxonomy":"category","embeddable":true,"href":"https:\/\/radiorevelacionfm.cl\/index.php?rest_route=%2Fwp%2Fv2%2Fcategories&post=13592"},{"taxonomy":"post_tag","embeddable":true,"href":"https:\/\/radiorevelacionfm.cl\/index.php?rest_route=%2Fwp%2Fv2%2Ftags&post=13592"}],"curies":[{"name":"wp","href":"https:\/\/api.w.org\/{rel}","templated":true}]}}