{"id":13586,"date":"2022-02-07T17:13:20","date_gmt":"2022-02-07T20:13:20","guid":{"rendered":"https:\/\/radiorevelacionfm.cl\/?p=13586"},"modified":"2022-02-07T17:13:20","modified_gmt":"2022-02-07T20:13:20","slug":"entregan-terrenos-para-construccion-de-soluciones-electricas-en-sector-ceballo-fachinal-y-avellano-en-chile-chico","status":"publish","type":"post","link":"https:\/\/radiorevelacionfm.cl\/?p=13586","title":{"rendered":"Entregan terrenos para construcci\u00f3n de soluciones el\u00e9ctricas en sector Ceballo, Fachinal y Avellano en Chile Chico"},"content":{"rendered":"<div class=\"flex_column av_one_full  flex_column_div av-zero-column-padding first  avia-builder-el-0  el_before_av_one_full  avia-builder-el-first  \" style='border-radius:0px; '><div  class='avia-image-container  av-styling-    avia-builder-el-1  avia-builder-el-no-sibling  avia-align-center '  itemprop=\"image\" itemscope=\"itemscope\" itemtype=\"https:\/\/schema.org\/ImageObject\"  ><div class='avia-image-container-inner'><div class='avia-image-overlay-wrap'><img decoding=\"async\" class='wp-image-13587 avia-img-lazy-loading-not-13587 avia_image' src=\"https:\/\/radiorevelacionfm.cl\/wp-content\/uploads\/2022\/02\/image-42-2.jpg\" alt='' title='image-42-2' height=\"600\" width=\"1248\"  itemprop=\"thumbnailUrl\" srcset=\"https:\/\/radiorevelacionfm.cl\/wp-content\/uploads\/2022\/02\/image-42-2.jpg 1248w, https:\/\/radiorevelacionfm.cl\/wp-content\/uploads\/2022\/02\/image-42-2-300x144.jpg 300w, https:\/\/radiorevelacionfm.cl\/wp-content\/uploads\/2022\/02\/image-42-2-1030x495.jpg 1030w, https:\/\/radiorevelacionfm.cl\/wp-content\/uploads\/2022\/02\/image-42-2-768x369.jpg 768w, https:\/\/radiorevelacionfm.cl\/wp-content\/uploads\/2022\/02\/image-42-2-705x339.jpg 705w, https:\/\/radiorevelacionfm.cl\/wp-content\/uploads\/2022\/02\/image-42-2-600x288.jpg 600w\" sizes=\"(max-width: 1248px) 100vw, 1248px\" \/><\/div><\/div><\/div><\/div><div class=\"flex_column av_one_full  flex_column_div av-zero-column-padding first  avia-builder-el-2  el_after_av_one_full  el_before_av_one_full  column-top-margin\" style='border-radius:0px; '><section class=\"av_textblock_section \"  itemscope=\"itemscope\" itemtype=\"https:\/\/schema.org\/BlogPosting\" itemprop=\"blogPost\" ><div class='avia_textblock  '   itemprop=\"text\" ><p style=\"text-align: center;\"><span style=\"font-size: 18pt;\"><strong>Entregan terrenos para construcci\u00f3n de soluciones el\u00e9ctricas en sector Ceballo, Fachinal y Avellano en Chile Chico <\/strong><\/span><\/p>\n<div id=\"gtx-trans\" style=\"position: absolute; left: -50px; top: 4.31534px;\">\n<div class=\"gtx-trans-icon\"><\/div>\n<\/div>\n<\/div><\/section><\/div><div class=\"flex_column av_one_full  flex_column_div av-zero-column-padding first  avia-builder-el-4  el_after_av_one_full  el_before_av_hr  column-top-margin\" style='border-radius:0px; '><section class=\"av_textblock_section \"  itemscope=\"itemscope\" itemtype=\"https:\/\/schema.org\/BlogPosting\" itemprop=\"blogPost\" ><div class='avia_textblock  '   itemprop=\"text\" ><p style=\"text-align: justify;\">En una ceremonia realizada en la Municipalidad de Chile Chico, la Gobernadora Andrea Mac\u00edas Palma hizo entrega de los terrenos en donde se encontrar\u00e1n los 6 paneles fotovoltaicos de una potencia total 1.860.<\/p>\n<p style=\"text-align: justify;\">Este proyecto fue financiado por el Gobierno Regional de Ays\u00e9n y aprobado por el\u00a0Consejo Regional, el que se suma a una innumerable cantidad de proyectos en\u00a0todo el territorio regional que han venido a dotar de una soluci\u00f3n pr\u00e1ctica a una\u00a0necesidad tan imperiosa para muchas familias como es contar con energ\u00eda\u00a0el\u00e9ctrica en sus casas.<\/p>\n<p style=\"text-align: justify;\">Para la Gobernadora Regional, Andrea Mac\u00edas Palma, esta entrega viene a dotar de dignidad a m\u00e1s personas de la comunidad que por much\u00edsimos a\u00f1os no contaban con luz el\u00e9ctrica para poder subsistir.<\/p>\n<p style=\"text-align: justify;\">El Jefe Divisi\u00f3n de Fomento e Industria (DIT), Oscar del Solar, tambi\u00e9n presente, coment\u00f3\u00a0que el proyecto ser\u00e1 realizado por la sociedad Dual Service Limitada en un plazo de ejecuci\u00f3n de 240 d\u00edas a partir del 10 de diciembre de 2021 y con un monto de contrato de aproximadamente 400 millones de pesos.<\/p>\n<div style=\"text-align: justify;\"><\/div>\n<div>\n<p style=\"text-align: justify;\">\u00abEstas obras, por cada soluci\u00f3n, contemplan seis paneles fotovoltaicos, un banco de bater\u00edas, un inversor cargador, un regulador de voltaje, un cerco para proteger los paneles fotovoltaicos, una caseta para el resguardo de equipos y bater\u00edas y una instalaci\u00f3n el\u00e9ctrica interior. Es decir, 4 centros de luces m\u00e1s 4 centros de enchufes. En total, ser\u00e1n 30 familias de distintos sectores de la localidad de Chile Chico las que ser\u00e1n beneficiadas con la llegada de la energ\u00eda el\u00e9ctrica. Sabemos y tenemos completa conciencia que cuando las personas y las familias tienen energ\u00eda el\u00e9ctrica, pueden tambi\u00e9n llegar a desarrollar otro tipo de actividades que vayan en beneficio de su vida, por ejemplo, temas productivos o algo tan f\u00e1cil y sencillo como poder acceder a productos refrigerados en su vivienda\u00bb, afirm\u00f3 Del Solar.<\/p>\n<div>\n<p>En la ceremonia particip\u00f3 el alcalde Chile Chico, Luperciano Mu\u00f1oz, quien destac\u00f3 la voluntad de la Gobernadora para avanzar en soluciones para vecinos y vecinas del sector.<\/p>\n<p style=\"text-align: justify;\">\u00abBueno es una firma importante importante, trascendente hab\u00eda gente esperando much\u00edsimo a\u00f1os por este proyecto de paneles fotovoltaicos y aparte de eso mucho de los beneficiarios los paneles fueron beneficiario con el proyecto de sarmiento sanitario que tambi\u00e9n aprob\u00f3 la Gobernadora para el sector Ceballo son setenta y ocho millones 4 soluciones sanitarias para cuatro familia m\u00e1s doscientos setenta millones del sector Fachinal que va a \u00a0iniciar a trece familia por lo tanto esto es muy importante porque una caseta sanitaria con agua potable con agua caliente agua fr\u00eda son todos beneficios que llegan en beneficio directo para mejorar la calidad de vida de la gente por tanto dos muy contento\u00bb, afirm\u00f3 en la ocasi\u00f3n.<\/p>\n<p style=\"text-align: justify;\">Para los vecinos y vecinas este primer paso es fundamental para dar respuesta a sus a\u00f1os de urgencias. Carlos Rubilar, presidente del Comit\u00e9 El Avellano, coment\u00f3 en la ocasi\u00f3n: \u00abDespu\u00e9s\u00a0de esperar por tantos a\u00f1os, 4, 5 y 6 a\u00f1os y como le dije a la se\u00f1ora Gobernadora, que se haga lo m\u00e1s pronto posible\u00bb.<\/p>\n<div style=\"text-align: justify;\"><\/div>\n<div style=\"text-align: justify;\">\n<p>Valeria Alvarado, dirigente del sector El Ceballo, no esconde su alegr\u00eda tras esta decisi\u00f3n. \u00abYo estoy feliz, soy dirigente social del sector El Ceballo y me ha costado cuatro per\u00edodos y usted sabe que cada per\u00edodo son 4 a\u00f1os, cuatro periodos que debimos esperar esto ha sido largo, pero al final lo sacamos fue de hacer muchas carpetas. Yo creo que ahora con el nuevo Gobierno que entra ahora y la Gobernadora han tenido bastante disposici\u00f3n a ejecutar proyectos, as\u00ed qu\u00e9 estamos felices de que por fin vamos a tener luz. Nosotros todav\u00eda en el sector Ceballo, no tenemos servicios b\u00e1sicos cubiertos y es injusto porque son derechos. Nosotros, por ejemplo, no tenemos para llamar, tenemos que llamar a Argentina en un caso de urgencia. Muchas gracias a la Gobernadora sobre todo por la disposici\u00f3n y a toda la gente que est\u00e1 ah\u00ed porque hemos tenido harta ayuda as\u00ed que muchas gracias a todos por venir\u00bb, finaliz\u00f3.<\/p>\n<\/div>\n<div style=\"text-align: justify;\">Es importante mencionar que en este proyecto la unidad t\u00e9cnica fue el Gobierno Regional de Ays\u00e9n y ser\u00e1n quienes estar\u00e1n a cargo de la inspecci\u00f3n t\u00e9cnica de las obras.<\/div>\n<\/div>\n<\/div>\n<\/div><\/section><\/div><div  style='height:50px' class='hr hr-invisible   avia-builder-el-6  el_after_av_one_full  el_before_av_social_share '><span class='hr-inner ' ><span class='hr-inner-style'><\/span><\/span><\/div><\/p>\n<div  class='av-social-sharing-box  avia-builder-el-7  el_after_av_hr  el_before_av_hr  '><div class='av-share-box'><h5 class='av-share-link-description av-no-toc '>Compartir esta noticia<\/h5><ul class='av-share-box-list noLightbox'><li class='av-share-link av-social-link-facebook' ><a target=\"_blank\" aria-label=\"Compartir en Facebook\" href='https:\/\/www.facebook.com\/sharer.php?u=https:\/\/radiorevelacionfm.cl\/?p=13586&#038;t=Entregan%20terrenos%20para%20construcci%C3%B3n%20de%20soluciones%20el%C3%A9ctricas%20en%20sector%20Ceballo%2C%20Fachinal%20y%20Avellano%20en%20Chile%20Chico' aria-hidden='false' data-av_icon='\ue8f3' data-av_iconfont='entypo-fontello' title='' data-avia-related-tooltip='Compartir en Facebook' rel=\"noopener\"><span class='avia_hidden_link_text'>Compartir en Facebook<\/span><\/a><\/li><li class='av-share-link av-social-link-twitter' ><a target=\"_blank\" aria-label=\"Compartir en Twitter\" href='https:\/\/twitter.com\/share?text=Entregan%20terrenos%20para%20construcci%C3%B3n%20de%20soluciones%20el%C3%A9ctricas%20en%20sector%20Ceballo%2C%20Fachinal%20y%20Avellano%20en%20Chile%20Chico&#038;url=https:\/\/radiorevelacionfm.cl\/?p=13586' aria-hidden='false' data-av_icon='\ue8f1' data-av_iconfont='entypo-fontello' title='' data-avia-related-tooltip='Compartir en Twitter' rel=\"noopener\"><span class='avia_hidden_link_text'>Compartir en Twitter<\/span><\/a><\/li><li class='av-share-link av-social-link-whatsapp' ><a target=\"_blank\" aria-label=\"Compartir en Whatsapp\" href='https:\/\/api.whatsapp.com\/send?text=https:\/\/radiorevelacionfm.cl\/?p=13586' aria-hidden='false' data-av_icon='\uf232' data-av_iconfont='entypo-fontello' title='' data-avia-related-tooltip='Compartir en Whatsapp' rel=\"noopener\"><span class='avia_hidden_link_text'>Compartir en Whatsapp<\/span><\/a><\/li><li class='av-share-link av-social-link-linkedin' ><a target=\"_blank\" aria-label=\"Compartir en LinkedIn\" href='https:\/\/linkedin.com\/shareArticle?mini=true&#038;title=Entregan%20terrenos%20para%20construcci%C3%B3n%20de%20soluciones%20el%C3%A9ctricas%20en%20sector%20Ceballo%2C%20Fachinal%20y%20Avellano%20en%20Chile%20Chico&#038;url=https:\/\/radiorevelacionfm.cl\/?p=13586' aria-hidden='false' data-av_icon='\ue8fc' data-av_iconfont='entypo-fontello' title='' data-avia-related-tooltip='Compartir en LinkedIn' rel=\"noopener\"><span class='avia_hidden_link_text'>Compartir en LinkedIn<\/span><\/a><\/li><li class='av-share-link av-social-link-mail' ><a  aria-label=\"Compartir por correo\" href='mailto:?subject=Entregan%20terrenos%20para%20construcci%C3%B3n%20de%20soluciones%20el%C3%A9ctricas%20en%20sector%20Ceballo%2C%20Fachinal%20y%20Avellano%20en%20Chile%20Chico&#038;body=https:\/\/radiorevelacionfm.cl\/?p=13586' aria-hidden='false' data-av_icon='\ue805' data-av_iconfont='entypo-fontello' title='' data-avia-related-tooltip='Compartir por correo'><span class='avia_hidden_link_text'>Compartir por correo<\/span><\/a><\/li><\/ul><\/div><\/div>\n<div  style='height:50px' class='hr hr-invisible   avia-builder-el-8  el_after_av_social_share  el_before_av_comments_list '><span class='hr-inner ' ><span class='hr-inner-style'><\/span><\/span><\/div>\n<div  class='av-buildercomment  av-blog-meta-html-info-disabled av-blog-meta-tag-disabled  '><\/div>\n","protected":false},"excerpt":{"rendered":"","protected":false},"author":1,"featured_media":13587,"comment_status":"open","ping_status":"open","sticky":false,"template":"","format":"standard","meta":{"footnotes":""},"categories":[38],"tags":[],"class_list":["post-13586","post","type-post","status-publish","format-standard","has-post-thumbnail","hentry","category-regional"],"jetpack_featured_media_url":"https:\/\/radiorevelacionfm.cl\/wp-content\/uploads\/2022\/02\/image-42-2.jpg","_links":{"self":[{"href":"https:\/\/radiorevelacionfm.cl\/index.php?rest_route=\/wp\/v2\/posts\/13586","targetHints":{"allow":["GET"]}}],"collection":[{"href":"https:\/\/radiorevelacionfm.cl\/index.php?rest_route=\/wp\/v2\/posts"}],"about":[{"href":"https:\/\/radiorevelacionfm.cl\/index.php?rest_route=\/wp\/v2\/types\/post"}],"author":[{"embeddable":true,"href":"https:\/\/radiorevelacionfm.cl\/index.php?rest_route=\/wp\/v2\/users\/1"}],"replies":[{"embeddable":true,"href":"https:\/\/radiorevelacionfm.cl\/index.php?rest_route=%2Fwp%2Fv2%2Fcomments&post=13586"}],"version-history":[{"count":2,"href":"https:\/\/radiorevelacionfm.cl\/index.php?rest_route=\/wp\/v2\/posts\/13586\/revisions"}],"predecessor-version":[{"id":13589,"href":"https:\/\/radiorevelacionfm.cl\/index.php?rest_route=\/wp\/v2\/posts\/13586\/revisions\/13589"}],"wp:featuredmedia":[{"embeddable":true,"href":"https:\/\/radiorevelacionfm.cl\/index.php?rest_route=\/wp\/v2\/media\/13587"}],"wp:attachment":[{"href":"https:\/\/radiorevelacionfm.cl\/index.php?rest_route=%2Fwp%2Fv2%2Fmedia&parent=13586"}],"wp:term":[{"taxonomy":"category","embeddable":true,"href":"https:\/\/radiorevelacionfm.cl\/index.php?rest_route=%2Fwp%2Fv2%2Fcategories&post=13586"},{"taxonomy":"post_tag","embeddable":true,"href":"https:\/\/radiorevelacionfm.cl\/index.php?rest_route=%2Fwp%2Fv2%2Ftags&post=13586"}],"curies":[{"name":"wp","href":"https:\/\/api.w.org\/{rel}","templated":true}]}}