{"id":13582,"date":"2022-02-07T16:51:07","date_gmt":"2022-02-07T19:51:07","guid":{"rendered":"https:\/\/radiorevelacionfm.cl\/?p=13582"},"modified":"2022-02-07T16:51:07","modified_gmt":"2022-02-07T19:51:07","slug":"mejor-ninez-inicia-inedito-y-exigente-proceso-de-acreditacion-para-organismos-colaboradores","status":"publish","type":"post","link":"https:\/\/radiorevelacionfm.cl\/?p=13582","title":{"rendered":"Mejor Ni\u00f1ez inicia in\u00e9dito y exigente proceso de Acreditaci\u00f3n para organismos colaboradores"},"content":{"rendered":"<div class=\"flex_column av_one_full  flex_column_div av-zero-column-padding first  avia-builder-el-0  el_before_av_one_full  avia-builder-el-first  \" style='border-radius:0px; '><div  class='avia-image-container  av-styling-    avia-builder-el-1  avia-builder-el-no-sibling  avia-align-center '  itemprop=\"image\" itemscope=\"itemscope\" itemtype=\"https:\/\/schema.org\/ImageObject\"  ><div class='avia-image-container-inner'><div class='avia-image-overlay-wrap'><img decoding=\"async\" class='wp-image-13583 avia-img-lazy-loading-not-13583 avia_image' src=\"https:\/\/radiorevelacionfm.cl\/wp-content\/uploads\/2022\/02\/PHOTO-2022-02-07-14-14-11-3.jpg\" alt='' title='PHOTO-2022-02-07-14-14-11-3' height=\"600\" width=\"1067\"  itemprop=\"thumbnailUrl\" srcset=\"https:\/\/radiorevelacionfm.cl\/wp-content\/uploads\/2022\/02\/PHOTO-2022-02-07-14-14-11-3.jpg 1067w, https:\/\/radiorevelacionfm.cl\/wp-content\/uploads\/2022\/02\/PHOTO-2022-02-07-14-14-11-3-300x169.jpg 300w, https:\/\/radiorevelacionfm.cl\/wp-content\/uploads\/2022\/02\/PHOTO-2022-02-07-14-14-11-3-1030x579.jpg 1030w, https:\/\/radiorevelacionfm.cl\/wp-content\/uploads\/2022\/02\/PHOTO-2022-02-07-14-14-11-3-768x432.jpg 768w, https:\/\/radiorevelacionfm.cl\/wp-content\/uploads\/2022\/02\/PHOTO-2022-02-07-14-14-11-3-705x396.jpg 705w, https:\/\/radiorevelacionfm.cl\/wp-content\/uploads\/2022\/02\/PHOTO-2022-02-07-14-14-11-3-600x337.jpg 600w\" sizes=\"(max-width: 1067px) 100vw, 1067px\" \/><\/div><\/div><\/div><\/div><div class=\"flex_column av_one_full  flex_column_div av-zero-column-padding first  avia-builder-el-2  el_after_av_one_full  el_before_av_one_full  column-top-margin\" style='border-radius:0px; '><section class=\"av_textblock_section \"  itemscope=\"itemscope\" itemtype=\"https:\/\/schema.org\/BlogPosting\" itemprop=\"blogPost\" ><div class='avia_textblock  '   itemprop=\"text\" ><p style=\"text-align: center;\"><strong><span style=\"font-size: 18pt;\">Mejor Ni\u00f1ez inicia in\u00e9dito y exigente proceso de Acreditaci\u00f3n para organismos colaboradores<\/span><\/strong><\/p>\n<div id=\"gtx-trans\" style=\"position: absolute; left: -50px; top: 4.31534px;\">\n<div class=\"gtx-trans-icon\"><\/div>\n<\/div>\n<\/div><\/section><\/div><div class=\"flex_column av_one_full  flex_column_div av-zero-column-padding first  avia-builder-el-4  el_after_av_one_full  el_before_av_hr  column-top-margin\" style='border-radius:0px; '><section class=\"av_textblock_section \"  itemscope=\"itemscope\" itemtype=\"https:\/\/schema.org\/BlogPosting\" itemprop=\"blogPost\" ><div class='avia_textblock  '   itemprop=\"text\" ><p style=\"text-align: justify;\">El Servicio Nacional de Protecci\u00f3n Especializada a la Ni\u00f1ez y Adolescencia, Mejor Ni\u00f1ez, incorpora dentro de sus cambios un nuevo proceso de acreditaci\u00f3n para todos los colaboradores que deseen acreditarse para poder ejecutar alguno de los programas de protecci\u00f3n para ni\u00f1os, ni\u00f1as y adolescentes que han sido amenazados o vulnerados en sus derechos.<\/p>\n<p style=\"text-align: justify;\">Todos los organismos colaboradores y personas que quieren seguir trabajando por la protecci\u00f3n especializada de la ni\u00f1ez tienen la obligaci\u00f3n de acreditarse bajo los nuevos est\u00e1ndares de calidad que exige la ley 21.302 que crea Mejor Ni\u00f1ez. El nuevo proceso eleva los requisitos y est\u00e1ndares para todos quienes deseen trabajar con el Servicio, \u201cno podemos volver a permitir que se transgredan sus derechos y para eso necesitamos avanzar con los mejores\u201d, dijo la Directora Nacional Mar\u00eda Jos\u00e9 Castro.<\/p>\n<p style=\"text-align: justify;\">La directora regional (s) de Mejor Ni\u00f1ez Ays\u00e9n, Gabriela Opazo Pino, destac\u00f3 que \u201cal igual como se elevaron las exigencias para quienes deseen ser colaboradores del Servicio, se establecen mecanismos de acompa\u00f1amiento desde el Departamento de Acreditaci\u00f3n y Gesti\u00f3n de Colaboradores de Mejor Ni\u00f1ez, donde se apoya a cada organismo interesado en acreditarse desde el momento en que manifiestan su inter\u00e9s en ello. Una vez acreditados, se inicia un apoyo permanente por parte de los gestores de colaboradores en cada regi\u00f3n del pa\u00eds. Lo anterior busca monitorear, apoyar y lograr una mejora constante, debido a que su labor resulta fundamental en el trabajo de reparaci\u00f3n del da\u00f1o y restituci\u00f3n de los derechos de los ni\u00f1os, ni\u00f1as y adolescentes\u201d.<\/p>\n<p style=\"text-align: justify;\">Seg\u00fan enfatiz\u00f3 Mar\u00eda Jos\u00e9 Castro, directora nacional de Mejor Ni\u00f1ez, \u201creconocemos que como Estado hemos fallado y una de nuestras falencias ha sido no acompa\u00f1ar ni apoyar con las herramientas necesarias a quienes se dedican a esta importante labor. Desde el 1\u00ba de octubre\u00a0 tenemos la oportunidad de iniciar un cambio transformador en esta materia, aportando una mirada renovada y colaborativa al sistema de protecci\u00f3n y necesitamos que en este camino nos acompa\u00f1en todos quienes quieran una mejor ni\u00f1ez para Chile\u201d.<\/p>\n<p style=\"text-align: justify;\">Los nuevos requisitos, apuntan principalmente a mejorar de manera considerable la calidad de la atenci\u00f3n e intervenci\u00f3n a los ni\u00f1os, procurando garantizar su protecci\u00f3n bajo la premisa de mayor grado de capacitaci\u00f3n y especializaci\u00f3n de quienes ejecuten cada una de nuestras l\u00edneas de acci\u00f3n, apostando por una intervenci\u00f3n sustentada por la idoneidad y experiencia de quienes la realizan.<\/p>\n<p style=\"text-align: justify;\">Para asegurar un trabajo con las personas id\u00f3neas, se revisan desde el \u00e1mbito de su gesti\u00f3n general como organismo -evidenciando el funcionamiento de la instituci\u00f3n- hasta el detalle tanto de su gesti\u00f3n t\u00e9cnica, como administrativa y financiera, a fin de resguardar la debida protecci\u00f3n y restituci\u00f3n de los derechos de ni\u00f1os ni\u00f1as y adolescentes, as\u00ed como tambi\u00e9n velar por el correcto uso de los recursos p\u00fablicos entregados para dicho fin.<\/p>\n<p style=\"text-align: justify;\">\u201cEntendemos que los ni\u00f1os, ni\u00f1as y adolescentes merecen los m\u00e1s altos est\u00e1ndares que garanticen su protecci\u00f3n de manera especializada e integral y junto con eso, que cumplan con las exigencias de calidad. Seremos m\u00e1s estrictos y exigentes, pero tambi\u00e9n entregaremos las herramientas para que los colaboradores mejoren y entregar as\u00ed la atenci\u00f3n que los ni\u00f1os y ni\u00f1as requieran\u201d, explic\u00f3 Camila Salas, Jefa de Supervisi\u00f3n, Evaluaci\u00f3n y Gesti\u00f3n.<\/p>\n<p style=\"text-align: justify;\">Hoy adem\u00e1s, se exige a cada colaborador, contar con un Modelo de Prevenci\u00f3n de Delitos, el cual debe contemplar una serie de herramientas y mecanismos que buscan anticiparse y con ello evitar la comisi\u00f3n de delitos que puedan afectar a ni\u00f1os, ni\u00f1as y adolescentes.<\/p>\n<p style=\"text-align: justify;\">Para mayor informaci\u00f3n sobre el proceso de acreditaci\u00f3n puede ingresar en <a href=\"http:\/\/www.mejorninez.cl\/\">www.mejorninez.cl<\/a> y en el Instagram @mejorninez<\/p>\n<\/div><\/section><\/div><div  style='height:50px' class='hr hr-invisible   avia-builder-el-6  el_after_av_one_full  el_before_av_social_share '><span class='hr-inner ' ><span class='hr-inner-style'><\/span><\/span><\/div><\/p>\n<div  class='av-social-sharing-box  avia-builder-el-7  el_after_av_hr  el_before_av_hr  '><div class='av-share-box'><h5 class='av-share-link-description av-no-toc '>Compartir esta noticia<\/h5><ul class='av-share-box-list noLightbox'><li class='av-share-link av-social-link-facebook' ><a target=\"_blank\" aria-label=\"Compartir en Facebook\" href='https:\/\/www.facebook.com\/sharer.php?u=https:\/\/radiorevelacionfm.cl\/?p=13582&#038;t=Mejor%20Ni%C3%B1ez%20inicia%20in%C3%A9dito%20y%20exigente%20proceso%20de%20Acreditaci%C3%B3n%20para%20organismos%20colaboradores' aria-hidden='false' data-av_icon='\ue8f3' data-av_iconfont='entypo-fontello' title='' data-avia-related-tooltip='Compartir en Facebook' rel=\"noopener\"><span class='avia_hidden_link_text'>Compartir en Facebook<\/span><\/a><\/li><li class='av-share-link av-social-link-twitter' ><a target=\"_blank\" aria-label=\"Compartir en Twitter\" href='https:\/\/twitter.com\/share?text=Mejor%20Ni%C3%B1ez%20inicia%20in%C3%A9dito%20y%20exigente%20proceso%20de%20Acreditaci%C3%B3n%20para%20organismos%20colaboradores&#038;url=https:\/\/radiorevelacionfm.cl\/?p=13582' aria-hidden='false' data-av_icon='\ue8f1' data-av_iconfont='entypo-fontello' title='' data-avia-related-tooltip='Compartir en Twitter' rel=\"noopener\"><span class='avia_hidden_link_text'>Compartir en Twitter<\/span><\/a><\/li><li class='av-share-link av-social-link-whatsapp' ><a target=\"_blank\" aria-label=\"Compartir en Whatsapp\" href='https:\/\/api.whatsapp.com\/send?text=https:\/\/radiorevelacionfm.cl\/?p=13582' aria-hidden='false' data-av_icon='\uf232' data-av_iconfont='entypo-fontello' title='' data-avia-related-tooltip='Compartir en Whatsapp' rel=\"noopener\"><span class='avia_hidden_link_text'>Compartir en Whatsapp<\/span><\/a><\/li><li class='av-share-link av-social-link-linkedin' ><a target=\"_blank\" aria-label=\"Compartir en LinkedIn\" href='https:\/\/linkedin.com\/shareArticle?mini=true&#038;title=Mejor%20Ni%C3%B1ez%20inicia%20in%C3%A9dito%20y%20exigente%20proceso%20de%20Acreditaci%C3%B3n%20para%20organismos%20colaboradores&#038;url=https:\/\/radiorevelacionfm.cl\/?p=13582' aria-hidden='false' data-av_icon='\ue8fc' data-av_iconfont='entypo-fontello' title='' data-avia-related-tooltip='Compartir en LinkedIn' rel=\"noopener\"><span class='avia_hidden_link_text'>Compartir en LinkedIn<\/span><\/a><\/li><li class='av-share-link av-social-link-mail' ><a  aria-label=\"Compartir por correo\" href='mailto:?subject=Mejor%20Ni%C3%B1ez%20inicia%20in%C3%A9dito%20y%20exigente%20proceso%20de%20Acreditaci%C3%B3n%20para%20organismos%20colaboradores&#038;body=https:\/\/radiorevelacionfm.cl\/?p=13582' aria-hidden='false' data-av_icon='\ue805' data-av_iconfont='entypo-fontello' title='' data-avia-related-tooltip='Compartir por correo'><span class='avia_hidden_link_text'>Compartir por correo<\/span><\/a><\/li><\/ul><\/div><\/div>\n<div  style='height:50px' class='hr hr-invisible   avia-builder-el-8  el_after_av_social_share  el_before_av_comments_list '><span class='hr-inner ' ><span class='hr-inner-style'><\/span><\/span><\/div>\n<div  class='av-buildercomment  av-blog-meta-html-info-disabled av-blog-meta-tag-disabled  '><\/div>\n","protected":false},"excerpt":{"rendered":"","protected":false},"author":1,"featured_media":13583,"comment_status":"open","ping_status":"open","sticky":false,"template":"","format":"standard","meta":{"footnotes":""},"categories":[38],"tags":[],"class_list":["post-13582","post","type-post","status-publish","format-standard","has-post-thumbnail","hentry","category-regional"],"jetpack_featured_media_url":"https:\/\/radiorevelacionfm.cl\/wp-content\/uploads\/2022\/02\/PHOTO-2022-02-07-14-14-11-3.jpg","_links":{"self":[{"href":"https:\/\/radiorevelacionfm.cl\/index.php?rest_route=\/wp\/v2\/posts\/13582","targetHints":{"allow":["GET"]}}],"collection":[{"href":"https:\/\/radiorevelacionfm.cl\/index.php?rest_route=\/wp\/v2\/posts"}],"about":[{"href":"https:\/\/radiorevelacionfm.cl\/index.php?rest_route=\/wp\/v2\/types\/post"}],"author":[{"embeddable":true,"href":"https:\/\/radiorevelacionfm.cl\/index.php?rest_route=\/wp\/v2\/users\/1"}],"replies":[{"embeddable":true,"href":"https:\/\/radiorevelacionfm.cl\/index.php?rest_route=%2Fwp%2Fv2%2Fcomments&post=13582"}],"version-history":[{"count":2,"href":"https:\/\/radiorevelacionfm.cl\/index.php?rest_route=\/wp\/v2\/posts\/13582\/revisions"}],"predecessor-version":[{"id":13585,"href":"https:\/\/radiorevelacionfm.cl\/index.php?rest_route=\/wp\/v2\/posts\/13582\/revisions\/13585"}],"wp:featuredmedia":[{"embeddable":true,"href":"https:\/\/radiorevelacionfm.cl\/index.php?rest_route=\/wp\/v2\/media\/13583"}],"wp:attachment":[{"href":"https:\/\/radiorevelacionfm.cl\/index.php?rest_route=%2Fwp%2Fv2%2Fmedia&parent=13582"}],"wp:term":[{"taxonomy":"category","embeddable":true,"href":"https:\/\/radiorevelacionfm.cl\/index.php?rest_route=%2Fwp%2Fv2%2Fcategories&post=13582"},{"taxonomy":"post_tag","embeddable":true,"href":"https:\/\/radiorevelacionfm.cl\/index.php?rest_route=%2Fwp%2Fv2%2Ftags&post=13582"}],"curies":[{"name":"wp","href":"https:\/\/api.w.org\/{rel}","templated":true}]}}