{"id":13577,"date":"2022-02-07T11:47:34","date_gmt":"2022-02-07T14:47:34","guid":{"rendered":"https:\/\/radiorevelacionfm.cl\/?p=13577"},"modified":"2022-02-07T11:47:34","modified_gmt":"2022-02-07T14:47:34","slug":"dan-a-conocer-nuevos-seleccionados-del-subsidio-de-arriendo-regular","status":"publish","type":"post","link":"https:\/\/radiorevelacionfm.cl\/?p=13577","title":{"rendered":"Dan a conocer nuevos seleccionados del Subsidio de Arriendo Regular"},"content":{"rendered":"<div class=\"flex_column av_one_full  flex_column_div av-zero-column-padding first  avia-builder-el-0  el_before_av_one_full  avia-builder-el-first  \" style='border-radius:0px; '><div  class='avia-image-container  av-styling-    avia-builder-el-1  avia-builder-el-no-sibling  avia-align-center '  itemprop=\"image\" itemscope=\"itemscope\" itemtype=\"https:\/\/schema.org\/ImageObject\"  ><div class='avia-image-container-inner'><div class='avia-image-overlay-wrap'><img decoding=\"async\" class='wp-image-9575 avia-img-lazy-loading-not-9575 avia_image' src=\"https:\/\/radiorevelacionfm.cl\/wp-content\/uploads\/2021\/10\/subsidio-vivienda-clase-media-1-1.jpg\" alt='' title='subsidio vivienda-clase media (1) (1)' height=\"600\" width=\"1065\"  itemprop=\"thumbnailUrl\" srcset=\"https:\/\/radiorevelacionfm.cl\/wp-content\/uploads\/2021\/10\/subsidio-vivienda-clase-media-1-1.jpg 1065w, https:\/\/radiorevelacionfm.cl\/wp-content\/uploads\/2021\/10\/subsidio-vivienda-clase-media-1-1-300x169.jpg 300w, https:\/\/radiorevelacionfm.cl\/wp-content\/uploads\/2021\/10\/subsidio-vivienda-clase-media-1-1-1030x580.jpg 1030w, https:\/\/radiorevelacionfm.cl\/wp-content\/uploads\/2021\/10\/subsidio-vivienda-clase-media-1-1-768x433.jpg 768w, https:\/\/radiorevelacionfm.cl\/wp-content\/uploads\/2021\/10\/subsidio-vivienda-clase-media-1-1-705x397.jpg 705w, https:\/\/radiorevelacionfm.cl\/wp-content\/uploads\/2021\/10\/subsidio-vivienda-clase-media-1-1-600x338.jpg 600w\" sizes=\"(max-width: 1065px) 100vw, 1065px\" \/><\/div><\/div><\/div><\/div><div class=\"flex_column av_one_full  flex_column_div av-zero-column-padding first  avia-builder-el-2  el_after_av_one_full  el_before_av_one_full  column-top-margin\" style='border-radius:0px; '><section class=\"av_textblock_section \"  itemscope=\"itemscope\" itemtype=\"https:\/\/schema.org\/BlogPosting\" itemprop=\"blogPost\" ><div class='avia_textblock  '   itemprop=\"text\" ><p style=\"text-align: center;\"><strong><span style=\"font-size: 18pt;\">Dan a conocer nuevos seleccionados del Subsidio de Arriendo Regular<\/span><\/strong><\/p>\n<div id=\"gtx-trans\" style=\"position: absolute; left: -50px; top: 4.31534px;\">\n<div class=\"gtx-trans-icon\"><\/div>\n<\/div>\n<\/div><\/section><\/div><div class=\"flex_column av_one_full  flex_column_div av-zero-column-padding first  avia-builder-el-4  el_after_av_one_full  el_before_av_hr  column-top-margin\" style='border-radius:0px; '><section class=\"av_textblock_section \"  itemscope=\"itemscope\" itemtype=\"https:\/\/schema.org\/BlogPosting\" itemprop=\"blogPost\" ><div class='avia_textblock  '   itemprop=\"text\" ><p style=\"text-align: justify;\">El Ministro de Vivienda y Urbanismo, Felipe Ward, anunci\u00f3 una nueva selecci\u00f3n adicional que beneficiar\u00e1 a m\u00e1s de 500 familias y que son parte del \u00faltimo llamado del Subsidio de Arriendo Regular, lo que se traduce en 2.800 millones de pesos. Con esta segunda selecci\u00f3n complementaria anunciada por la autoridad, este subsidio logr\u00f3 beneficiar a un total de 13.749 familias durante 2021.<u><\/u><u><\/u><\/p>\n<p style=\"text-align: justify;\">El Subsidio de Arriendo Regular es un aporte temporal que entrega el Estado a las familias para que puedan realizar un pago mensual por el arriendo de sus viviendas. De esta forma, los beneficiarios pagan solo una parte del valor de su arriendo cada mes y el monto restante es cancelada por el subsidio obtenido.<u><\/u><u><\/u><\/p>\n<p style=\"text-align: justify;\">\u201cEn el Ministerio de Vivienda y Urbanismo estamos trabajando para seguir dando buenas noticias a las familias de todo el pa\u00eds. Esta vez con la entrega de 566 subsidios adicionales del \u00faltimo llamado del Subsidio de Arriendo Regular. Con esta nueva selecci\u00f3n, ya hemos beneficiado cerca de 140 mil familias a trav\u00e9s de todas las l\u00edneas del programa de arriendo entre 2018 y 2022\u201d, asegur\u00f3 el titular de la cartera de Vivienda.\u00a0 <u><\/u><u><\/u><\/p>\n<p style=\"text-align: justify;\">Este apoyo consiste en un subsidio de hasta 4,2 UF ($131.329 aprox.) mensuales hasta completar su valor total de 170 UF ($5.315.706 aprox.), beneficio que puede ser utilizado de manera consecutiva o fragmentada en un plazo m\u00e1ximo de 8 a\u00f1os, para ser destinado al pago de arriendo. Por otro lado, el contrato podr\u00e1 ser de un monto mensual de hasta 11 UF ($343.957 aprox.) y el valor del subsidio se ajusta de manera que no supere el 80% de la renta acordada. <u><\/u><u><\/u><\/p>\n<p style=\"text-align: justify;\">Los montos m\u00e1ximos de subsidio mensual y contrato var\u00edan seg\u00fan la localizaci\u00f3n geogr\u00e1fica de la comuna en que se encuentra la vivienda. As\u00ed, en zonas extremas como Arica y Parinacota, Tarapac\u00e1, Antofagasta, Atacama, Ays\u00e9n, Magallanes y recientemente tambi\u00e9n la regi\u00f3n Metropolitana, el subsidio llega hasta las 4,9 UF ($153.217 aprox.) mensuales, para un contrato de arriendo mensual de hasta 13 UF ($406.495 aprox). Cabe destacar que este aporte permite el cambio de vivienda a cualquier regi\u00f3n del pa\u00eds y postular, en un futuro, a un subsidio para comprar una vivienda.<u><\/u><u><\/u><\/p>\n<p style=\"text-align: justify;\">Para aquellas personas que no hayan podido postular, existir\u00e1n nuevos llamados durante el primer semestre del a\u00f1o 2022, en donde podr\u00e1n solicitar nuevamente este beneficio.<u><\/u><u><\/u><\/p>\n<p style=\"text-align: justify;\"><b>\u00bfD\u00f3nde se pueden revisar los resultados?<u><\/u><u><\/u><\/b><\/p>\n<p style=\"text-align: justify;\">Quienes hayan postulado, pueden revisar su estado a trav\u00e9s del sitio <b><a href=\"http:\/\/www.minvu.cl\/\" target=\"_blank\" rel=\"noopener\" data-saferedirecturl=\"https:\/\/www.google.com\/url?q=http:\/\/www.minvu.cl&amp;source=gmail&amp;ust=1644328749253000&amp;usg=AOvVaw39Ge-UqYgy8evSfKmywf3B\">www.minvu.cl<\/a><\/b>,\u00a0 en la portada de nuestra p\u00e1gina web.<\/p>\n<\/div><\/section><\/div><div  style='height:50px' class='hr hr-invisible   avia-builder-el-6  el_after_av_one_full  el_before_av_social_share '><span class='hr-inner ' ><span class='hr-inner-style'><\/span><\/span><\/div><\/p>\n<div  class='av-social-sharing-box  avia-builder-el-7  el_after_av_hr  el_before_av_hr  '><div class='av-share-box'><h5 class='av-share-link-description av-no-toc '>Compartir esta noticia<\/h5><ul class='av-share-box-list noLightbox'><li class='av-share-link av-social-link-facebook' ><a target=\"_blank\" aria-label=\"Compartir en Facebook\" href='https:\/\/www.facebook.com\/sharer.php?u=https:\/\/radiorevelacionfm.cl\/?p=13577&#038;t=Dan%20a%20conocer%20nuevos%20seleccionados%20del%20Subsidio%20de%20Arriendo%20Regular' aria-hidden='false' data-av_icon='\ue8f3' data-av_iconfont='entypo-fontello' title='' data-avia-related-tooltip='Compartir en Facebook' rel=\"noopener\"><span class='avia_hidden_link_text'>Compartir en Facebook<\/span><\/a><\/li><li class='av-share-link av-social-link-twitter' ><a target=\"_blank\" aria-label=\"Compartir en Twitter\" href='https:\/\/twitter.com\/share?text=Dan%20a%20conocer%20nuevos%20seleccionados%20del%20Subsidio%20de%20Arriendo%20Regular&#038;url=https:\/\/radiorevelacionfm.cl\/?p=13577' aria-hidden='false' data-av_icon='\ue8f1' data-av_iconfont='entypo-fontello' title='' data-avia-related-tooltip='Compartir en Twitter' rel=\"noopener\"><span class='avia_hidden_link_text'>Compartir en Twitter<\/span><\/a><\/li><li class='av-share-link av-social-link-whatsapp' ><a target=\"_blank\" aria-label=\"Compartir en Whatsapp\" href='https:\/\/api.whatsapp.com\/send?text=https:\/\/radiorevelacionfm.cl\/?p=13577' aria-hidden='false' data-av_icon='\uf232' data-av_iconfont='entypo-fontello' title='' data-avia-related-tooltip='Compartir en Whatsapp' rel=\"noopener\"><span class='avia_hidden_link_text'>Compartir en Whatsapp<\/span><\/a><\/li><li class='av-share-link av-social-link-linkedin' ><a target=\"_blank\" aria-label=\"Compartir en LinkedIn\" href='https:\/\/linkedin.com\/shareArticle?mini=true&#038;title=Dan%20a%20conocer%20nuevos%20seleccionados%20del%20Subsidio%20de%20Arriendo%20Regular&#038;url=https:\/\/radiorevelacionfm.cl\/?p=13577' aria-hidden='false' data-av_icon='\ue8fc' data-av_iconfont='entypo-fontello' title='' data-avia-related-tooltip='Compartir en LinkedIn' rel=\"noopener\"><span class='avia_hidden_link_text'>Compartir en LinkedIn<\/span><\/a><\/li><li class='av-share-link av-social-link-mail' ><a  aria-label=\"Compartir por correo\" href='mailto:?subject=Dan%20a%20conocer%20nuevos%20seleccionados%20del%20Subsidio%20de%20Arriendo%20Regular&#038;body=https:\/\/radiorevelacionfm.cl\/?p=13577' aria-hidden='false' data-av_icon='\ue805' data-av_iconfont='entypo-fontello' title='' data-avia-related-tooltip='Compartir por correo'><span class='avia_hidden_link_text'>Compartir por correo<\/span><\/a><\/li><\/ul><\/div><\/div>\n<div  style='height:50px' class='hr hr-invisible   avia-builder-el-8  el_after_av_social_share  el_before_av_comments_list '><span class='hr-inner ' ><span class='hr-inner-style'><\/span><\/span><\/div>\n<div  class='av-buildercomment  av-blog-meta-html-info-disabled av-blog-meta-tag-disabled  '><\/div>\n","protected":false},"excerpt":{"rendered":"","protected":false},"author":1,"featured_media":9575,"comment_status":"open","ping_status":"open","sticky":false,"template":"","format":"standard","meta":{"footnotes":""},"categories":[57],"tags":[],"class_list":["post-13577","post","type-post","status-publish","format-standard","has-post-thumbnail","hentry","category-vivienda"],"jetpack_featured_media_url":"https:\/\/radiorevelacionfm.cl\/wp-content\/uploads\/2021\/10\/subsidio-vivienda-clase-media-1-1.jpg","_links":{"self":[{"href":"https:\/\/radiorevelacionfm.cl\/index.php?rest_route=\/wp\/v2\/posts\/13577","targetHints":{"allow":["GET"]}}],"collection":[{"href":"https:\/\/radiorevelacionfm.cl\/index.php?rest_route=\/wp\/v2\/posts"}],"about":[{"href":"https:\/\/radiorevelacionfm.cl\/index.php?rest_route=\/wp\/v2\/types\/post"}],"author":[{"embeddable":true,"href":"https:\/\/radiorevelacionfm.cl\/index.php?rest_route=\/wp\/v2\/users\/1"}],"replies":[{"embeddable":true,"href":"https:\/\/radiorevelacionfm.cl\/index.php?rest_route=%2Fwp%2Fv2%2Fcomments&post=13577"}],"version-history":[{"count":2,"href":"https:\/\/radiorevelacionfm.cl\/index.php?rest_route=\/wp\/v2\/posts\/13577\/revisions"}],"predecessor-version":[{"id":13579,"href":"https:\/\/radiorevelacionfm.cl\/index.php?rest_route=\/wp\/v2\/posts\/13577\/revisions\/13579"}],"wp:featuredmedia":[{"embeddable":true,"href":"https:\/\/radiorevelacionfm.cl\/index.php?rest_route=\/wp\/v2\/media\/9575"}],"wp:attachment":[{"href":"https:\/\/radiorevelacionfm.cl\/index.php?rest_route=%2Fwp%2Fv2%2Fmedia&parent=13577"}],"wp:term":[{"taxonomy":"category","embeddable":true,"href":"https:\/\/radiorevelacionfm.cl\/index.php?rest_route=%2Fwp%2Fv2%2Fcategories&post=13577"},{"taxonomy":"post_tag","embeddable":true,"href":"https:\/\/radiorevelacionfm.cl\/index.php?rest_route=%2Fwp%2Fv2%2Ftags&post=13577"}],"curies":[{"name":"wp","href":"https:\/\/api.w.org\/{rel}","templated":true}]}}