{"id":13573,"date":"2022-02-07T11:31:14","date_gmt":"2022-02-07T14:31:14","guid":{"rendered":"https:\/\/radiorevelacionfm.cl\/?p=13573"},"modified":"2022-02-07T11:31:14","modified_gmt":"2022-02-07T14:31:14","slug":"calisto-pide-al-ministerio-de-salud-mantener-atencion-diferenciada-de-urgencias-pediatrica-y-gineco-obstetrica-en-hospital-regional","status":"publish","type":"post","link":"https:\/\/radiorevelacionfm.cl\/?p=13573","title":{"rendered":"Calisto pide al Ministerio de Salud mantener atenci\u00f3n diferenciada de Urgencias Pedi\u00e1trica y Gineco Obst\u00e9trica en Hospital Regional"},"content":{"rendered":"<div class=\"flex_column av_one_full  flex_column_div av-zero-column-padding first  avia-builder-el-0  el_before_av_one_full  avia-builder-el-first  \" style='border-radius:0px; '><div  class='avia-image-container  av-styling-    avia-builder-el-1  avia-builder-el-no-sibling  avia-align-center '  itemprop=\"image\" itemscope=\"itemscope\" itemtype=\"https:\/\/schema.org\/ImageObject\"  ><div class='avia-image-container-inner'><div class='avia-image-overlay-wrap'><img decoding=\"async\" class='wp-image-13574 avia-img-lazy-loading-not-13574 avia_image' src=\"https:\/\/radiorevelacionfm.cl\/wp-content\/uploads\/2022\/02\/CALISTO-HOSPITAL-2-2-2.jpg\" alt='' title='CALISTO HOSPITAL-2-2-2' height=\"600\" width=\"1094\"  itemprop=\"thumbnailUrl\" srcset=\"https:\/\/radiorevelacionfm.cl\/wp-content\/uploads\/2022\/02\/CALISTO-HOSPITAL-2-2-2.jpg 1094w, https:\/\/radiorevelacionfm.cl\/wp-content\/uploads\/2022\/02\/CALISTO-HOSPITAL-2-2-2-300x165.jpg 300w, https:\/\/radiorevelacionfm.cl\/wp-content\/uploads\/2022\/02\/CALISTO-HOSPITAL-2-2-2-1030x565.jpg 1030w, https:\/\/radiorevelacionfm.cl\/wp-content\/uploads\/2022\/02\/CALISTO-HOSPITAL-2-2-2-768x421.jpg 768w, https:\/\/radiorevelacionfm.cl\/wp-content\/uploads\/2022\/02\/CALISTO-HOSPITAL-2-2-2-705x387.jpg 705w, https:\/\/radiorevelacionfm.cl\/wp-content\/uploads\/2022\/02\/CALISTO-HOSPITAL-2-2-2-600x329.jpg 600w\" sizes=\"(max-width: 1094px) 100vw, 1094px\" \/><\/div><\/div><\/div><\/div><div class=\"flex_column av_one_full  flex_column_div av-zero-column-padding first  avia-builder-el-2  el_after_av_one_full  el_before_av_one_full  column-top-margin\" style='border-radius:0px; '><section class=\"av_textblock_section \"  itemscope=\"itemscope\" itemtype=\"https:\/\/schema.org\/BlogPosting\" itemprop=\"blogPost\" ><div class='avia_textblock  '   itemprop=\"text\" ><p style=\"text-align: center;\"><span style=\"font-size: 18pt;\"><b><span lang=\"ES\">Calisto pide al Ministerio de Salud mantener atenci\u00f3n diferenciada de Urgencias Pedi\u00e1trica y Gineco Obst\u00e9trica en Hospital Regional<\/span><\/b><\/span><\/p>\n<div id=\"gtx-trans\" style=\"position: absolute; left: -50px; top: 4.31534px;\">\n<div class=\"gtx-trans-icon\"><\/div>\n<\/div>\n<\/div><\/section><\/div><div class=\"flex_column av_one_full  flex_column_div av-zero-column-padding first  avia-builder-el-4  el_after_av_one_full  el_before_av_hr  column-top-margin\" style='border-radius:0px; '><section class=\"av_textblock_section \"  itemscope=\"itemscope\" itemtype=\"https:\/\/schema.org\/BlogPosting\" itemprop=\"blogPost\" ><div class='avia_textblock  '   itemprop=\"text\" ><p style=\"text-align: justify;\">Como preocupante calific\u00f3 el diputado Miguel \u00c1ngel Calisto las dudas que han surgido sobre la continuidad de atenci\u00f3n de las unidades de Urgencia Pedi\u00e1trica y Urgencia Gineco Obst\u00e9trica en el Hospital Regional de Coyhaique,\u00a0 las que fueron implementadas el a\u00f1o 2020 con motivo\u00a0 de la emergencia sanitaria producto de la pandemia, y que permit\u00edan la atenci\u00f3n diferenciada para ni\u00f1os y mujeres embarazadas.<\/p>\n<p style=\"text-align: justify;\">Seg\u00fan el diputado Calisto, quien realiz\u00f3 una visita de fiscalizaci\u00f3n al recinto de salud, \u201cestas unidades han sido un gran aporte para mejorar la atenci\u00f3n para los ni\u00f1os y las mujeres embarazadas. Los pap\u00e1s y mam\u00e1s valoran la urgencia diferenciada, porque los ni\u00f1os tienen espacios exclusivos, con dedicaci\u00f3n y sin estar expuestos a situaciones donde comparten espacios con enfermos adultos graves\u201d.<\/p>\n<p style=\"text-align: justify;\">Calisto agreg\u00f3 que \u201cseg\u00fan datos del registro de atenci\u00f3n al mes de diciembre, las urgencia y admisi\u00f3n pedi\u00e1trica cubre el 38% de la atenci\u00f3n del hospital regional, atendiendo a ni\u00f1os hasta los 14 a\u00f1os y mujeres en gestaci\u00f3n y con urgencias ginecol\u00f3gicas. Ser\u00eda lamentable que se tomen este tipo de decisiones, especialmente cuando se trata de unidades que han sido un aporte para mejorar la atenci\u00f3n en el Hospital Regional\u201d.<\/p>\n<p style=\"text-align: justify;\">\u201cTenemos que avanzar en medidas que nos permitan mejorar el servicio y la atenci\u00f3n en nuestros recintos hospitalarios, porque ac\u00e1 en la regi\u00f3n tenemos muchas falencias en materia de salud.\u00a0 La posible decisi\u00f3n de cerrar estas unidades es un claro retroceso, especialmente para los ni\u00f1os que ni siquiera tienen una UCI Pedi\u00e1trica en la regi\u00f3n\u201d, indic\u00f3.<\/p>\n<p style=\"text-align: justify;\">Finalmente, el diputado se\u00f1al\u00f3 que \u201cadem\u00e1s, estamos en un momento complejo de la pandemia, donde el n\u00famero de casos ha ido en aumento, superando incluso los peores momentos de la pandemia. Esperamos que el Gobierno recapacite y no cierre estas unidades\u201d.<\/p>\n<\/div><\/section><\/div><div  style='height:50px' class='hr hr-invisible   avia-builder-el-6  el_after_av_one_full  el_before_av_social_share '><span class='hr-inner ' ><span class='hr-inner-style'><\/span><\/span><\/div><\/p>\n<div  class='av-social-sharing-box  avia-builder-el-7  el_after_av_hr  el_before_av_hr  '><div class='av-share-box'><h5 class='av-share-link-description av-no-toc '>Compartir esta noticia<\/h5><ul class='av-share-box-list noLightbox'><li class='av-share-link av-social-link-facebook' ><a target=\"_blank\" aria-label=\"Compartir en Facebook\" href='https:\/\/www.facebook.com\/sharer.php?u=https:\/\/radiorevelacionfm.cl\/?p=13573&#038;t=Calisto%20pide%20al%20Ministerio%20de%20Salud%20mantener%20atenci%C3%B3n%20diferenciada%20de%20Urgencias%20Pedi%C3%A1trica%20y%20Gineco%20Obst%C3%A9trica%20en%20Hospital%20Regional' aria-hidden='false' data-av_icon='\ue8f3' data-av_iconfont='entypo-fontello' title='' data-avia-related-tooltip='Compartir en Facebook' rel=\"noopener\"><span class='avia_hidden_link_text'>Compartir en Facebook<\/span><\/a><\/li><li class='av-share-link av-social-link-twitter' ><a target=\"_blank\" aria-label=\"Compartir en Twitter\" href='https:\/\/twitter.com\/share?text=Calisto%20pide%20al%20Ministerio%20de%20Salud%20mantener%20atenci%C3%B3n%20diferenciada%20de%20Urgencias%20Pedi%C3%A1trica%20y%20Gineco%20Obst%C3%A9trica%20en%20Hospital%20Regional&#038;url=https:\/\/radiorevelacionfm.cl\/?p=13573' aria-hidden='false' data-av_icon='\ue8f1' data-av_iconfont='entypo-fontello' title='' data-avia-related-tooltip='Compartir en Twitter' rel=\"noopener\"><span class='avia_hidden_link_text'>Compartir en Twitter<\/span><\/a><\/li><li class='av-share-link av-social-link-whatsapp' ><a target=\"_blank\" aria-label=\"Compartir en Whatsapp\" href='https:\/\/api.whatsapp.com\/send?text=https:\/\/radiorevelacionfm.cl\/?p=13573' aria-hidden='false' data-av_icon='\uf232' data-av_iconfont='entypo-fontello' title='' data-avia-related-tooltip='Compartir en Whatsapp' rel=\"noopener\"><span class='avia_hidden_link_text'>Compartir en Whatsapp<\/span><\/a><\/li><li class='av-share-link av-social-link-linkedin' ><a target=\"_blank\" aria-label=\"Compartir en LinkedIn\" href='https:\/\/linkedin.com\/shareArticle?mini=true&#038;title=Calisto%20pide%20al%20Ministerio%20de%20Salud%20mantener%20atenci%C3%B3n%20diferenciada%20de%20Urgencias%20Pedi%C3%A1trica%20y%20Gineco%20Obst%C3%A9trica%20en%20Hospital%20Regional&#038;url=https:\/\/radiorevelacionfm.cl\/?p=13573' aria-hidden='false' data-av_icon='\ue8fc' data-av_iconfont='entypo-fontello' title='' data-avia-related-tooltip='Compartir en LinkedIn' rel=\"noopener\"><span class='avia_hidden_link_text'>Compartir en LinkedIn<\/span><\/a><\/li><li class='av-share-link av-social-link-mail' ><a  aria-label=\"Compartir por correo\" href='mailto:?subject=Calisto%20pide%20al%20Ministerio%20de%20Salud%20mantener%20atenci%C3%B3n%20diferenciada%20de%20Urgencias%20Pedi%C3%A1trica%20y%20Gineco%20Obst%C3%A9trica%20en%20Hospital%20Regional&#038;body=https:\/\/radiorevelacionfm.cl\/?p=13573' aria-hidden='false' data-av_icon='\ue805' data-av_iconfont='entypo-fontello' title='' data-avia-related-tooltip='Compartir por correo'><span class='avia_hidden_link_text'>Compartir por correo<\/span><\/a><\/li><\/ul><\/div><\/div>\n<div  style='height:50px' class='hr hr-invisible   avia-builder-el-8  el_after_av_social_share  el_before_av_comments_list '><span class='hr-inner ' ><span class='hr-inner-style'><\/span><\/span><\/div>\n<div  class='av-buildercomment  av-blog-meta-html-info-disabled av-blog-meta-tag-disabled  '><\/div>\n","protected":false},"excerpt":{"rendered":"","protected":false},"author":1,"featured_media":13574,"comment_status":"open","ping_status":"open","sticky":false,"template":"","format":"standard","meta":{"footnotes":""},"categories":[35],"tags":[],"class_list":["post-13573","post","type-post","status-publish","format-standard","has-post-thumbnail","hentry","category-politica"],"jetpack_featured_media_url":"https:\/\/radiorevelacionfm.cl\/wp-content\/uploads\/2022\/02\/CALISTO-HOSPITAL-2-2-2.jpg","_links":{"self":[{"href":"https:\/\/radiorevelacionfm.cl\/index.php?rest_route=\/wp\/v2\/posts\/13573","targetHints":{"allow":["GET"]}}],"collection":[{"href":"https:\/\/radiorevelacionfm.cl\/index.php?rest_route=\/wp\/v2\/posts"}],"about":[{"href":"https:\/\/radiorevelacionfm.cl\/index.php?rest_route=\/wp\/v2\/types\/post"}],"author":[{"embeddable":true,"href":"https:\/\/radiorevelacionfm.cl\/index.php?rest_route=\/wp\/v2\/users\/1"}],"replies":[{"embeddable":true,"href":"https:\/\/radiorevelacionfm.cl\/index.php?rest_route=%2Fwp%2Fv2%2Fcomments&post=13573"}],"version-history":[{"count":2,"href":"https:\/\/radiorevelacionfm.cl\/index.php?rest_route=\/wp\/v2\/posts\/13573\/revisions"}],"predecessor-version":[{"id":13576,"href":"https:\/\/radiorevelacionfm.cl\/index.php?rest_route=\/wp\/v2\/posts\/13573\/revisions\/13576"}],"wp:featuredmedia":[{"embeddable":true,"href":"https:\/\/radiorevelacionfm.cl\/index.php?rest_route=\/wp\/v2\/media\/13574"}],"wp:attachment":[{"href":"https:\/\/radiorevelacionfm.cl\/index.php?rest_route=%2Fwp%2Fv2%2Fmedia&parent=13573"}],"wp:term":[{"taxonomy":"category","embeddable":true,"href":"https:\/\/radiorevelacionfm.cl\/index.php?rest_route=%2Fwp%2Fv2%2Fcategories&post=13573"},{"taxonomy":"post_tag","embeddable":true,"href":"https:\/\/radiorevelacionfm.cl\/index.php?rest_route=%2Fwp%2Fv2%2Ftags&post=13573"}],"curies":[{"name":"wp","href":"https:\/\/api.w.org\/{rel}","templated":true}]}}