{"id":13569,"date":"2022-02-06T16:15:18","date_gmt":"2022-02-06T19:15:18","guid":{"rendered":"https:\/\/radiorevelacionfm.cl\/?p=13569"},"modified":"2022-02-06T16:15:18","modified_gmt":"2022-02-06T19:15:18","slug":"habitantes-de-rio-norte-destacan-avance-de-proyecto-ultima-milla","status":"publish","type":"post","link":"https:\/\/radiorevelacionfm.cl\/?p=13569","title":{"rendered":"Habitantes de R\u00edo Norte destacan avance de proyecto \u201c\u00daltima Milla\u201d"},"content":{"rendered":"<div class=\"flex_column av_one_full  flex_column_div av-zero-column-padding first  avia-builder-el-0  el_before_av_one_full  avia-builder-el-first  \" style='border-radius:0px; '><div  class='avia-image-container  av-styling-    avia-builder-el-1  avia-builder-el-no-sibling  avia-align-center '  itemprop=\"image\" itemscope=\"itemscope\" itemtype=\"https:\/\/schema.org\/ImageObject\"  ><div class='avia-image-container-inner'><div class='avia-image-overlay-wrap'><img decoding=\"async\" class='wp-image-13570 avia-img-lazy-loading-not-13570 avia_image' src=\"https:\/\/radiorevelacionfm.cl\/wp-content\/uploads\/2022\/02\/rio-norte-28-2_optimized.jpg\" alt='' title='r\u00edo-norte-(28)-2_optimized' height=\"600\" width=\"800\"  itemprop=\"thumbnailUrl\" srcset=\"https:\/\/radiorevelacionfm.cl\/wp-content\/uploads\/2022\/02\/rio-norte-28-2_optimized.jpg 800w, https:\/\/radiorevelacionfm.cl\/wp-content\/uploads\/2022\/02\/rio-norte-28-2_optimized-300x225.jpg 300w, https:\/\/radiorevelacionfm.cl\/wp-content\/uploads\/2022\/02\/rio-norte-28-2_optimized-768x576.jpg 768w, https:\/\/radiorevelacionfm.cl\/wp-content\/uploads\/2022\/02\/rio-norte-28-2_optimized-705x529.jpg 705w, https:\/\/radiorevelacionfm.cl\/wp-content\/uploads\/2022\/02\/rio-norte-28-2_optimized-600x450.jpg 600w\" sizes=\"(max-width: 800px) 100vw, 800px\" \/><\/div><\/div><\/div><\/div><div class=\"flex_column av_one_full  flex_column_div av-zero-column-padding first  avia-builder-el-2  el_after_av_one_full  el_before_av_one_full  column-top-margin\" style='border-radius:0px; '><section class=\"av_textblock_section \"  itemscope=\"itemscope\" itemtype=\"https:\/\/schema.org\/BlogPosting\" itemprop=\"blogPost\" ><div class='avia_textblock  '   itemprop=\"text\" ><h2 class=\"title\" style=\"text-align: center;\"><span style=\"font-size: 18pt;\"><b>Habitantes de R\u00edo Norte destacan avance de proyecto \u201c\u00daltima Milla\u201d<\/b><\/span><\/h2>\n<div id=\"gtx-trans\" style=\"position: absolute; left: -50px; top: 4.31534px;\">\n<div class=\"gtx-trans-icon\"><\/div>\n<\/div>\n<\/div><\/section><\/div><div class=\"flex_column av_one_full  flex_column_div av-zero-column-padding first  avia-builder-el-4  el_after_av_one_full  el_before_av_hr  column-top-margin\" style='border-radius:0px; '><section class=\"av_textblock_section \"  itemscope=\"itemscope\" itemtype=\"https:\/\/schema.org\/BlogPosting\" itemprop=\"blogPost\" ><div class='avia_textblock  '   itemprop=\"text\" ><p style=\"text-align: justify;\">En el mes de enero, en el marco de la visita de la Ministra de Transportes y Telecomunicaciones Gloria Hutt a la Regi\u00f3n de Ays\u00e9n, se materializ\u00f3 la firma del convenio del que permiti\u00f3 el traspaso de recursos por m\u00e1s de 7 mil millones de pesos desde el Gobierno Regional hacia la Subtel. Este acto administrativo permitir\u00e1 avanzar hacia la licitaci\u00f3n p\u00fablica del proyecto de conectividad digital \u201c\u00daltima Milla\u201d, que entregar\u00e1 servicios de voz y datos a 8 localidades.<\/p>\n<p style=\"text-align: justify;\">Entre las localidades beneficiadas por esta iniciativa se encuentra la localidad de la comuna de Coyhaique, R\u00edo Norte. Situada a unos 90 km. de la capital regional, este sector rural y productivo no cuenta con ninguna forma de comunicaci\u00f3n. Actualmente, los habitantes deben trasladarse hasta 20 km. para poder acceder a la se\u00f1al de telefon\u00eda o red m\u00f3vil.<\/p>\n<p style=\"text-align: justify;\">Para dar a conocer este avance el seremiTT Fabi\u00e1n Rojas asisti\u00f3 a la convocatoria del Comit\u00e9 Campesino Cerro Mirador de R\u00edo Norte, donde pudo responder a las inquietudes de los vecinos.<\/p>\n<p style=\"text-align: justify;\">\u201cAc\u00e1 estamos hablando de inclusi\u00f3n digital. Trabajamos estos 4 a\u00f1os como gobierno para cumplir un compromiso en el cual trabajamos arduamente con las localidades, trabajando con los vecinos y hoy d\u00eda estamos viendo un resultado concreto. A partir de este a\u00f1o, y a m\u00e1s tardar durante el 2023, este sector va tener conectividad digital para sus vecinos y tambi\u00e9n para el desarrollo de esta zona rural de la comuna de Coyhaique\u201d, afirm\u00f3 Rojas.<\/p>\n<p style=\"text-align: justify;\">Isabel Cruces, Presidenta del Comit\u00e9 valor\u00f3 el trabajo realizado para entregar estos servicios que permitir\u00e1n potenciar el emprendimiento del sector en \u00e1reas como el turismo y facilitar la vida cotidiana de la comunidad: \u201cYo, en nombre de mi sector, quiero decir que estamos contentos porque vamos a tener se\u00f1al y agradezco todo el esfuerzo, colaboraci\u00f3n y compromiso con nosotros porque lo logramos y aqu\u00ed estamos\u201d<\/p>\n<p style=\"text-align: justify;\">Ismael D\u00edaz, poblador de R\u00edo Norte adhiri\u00f3 a los dichos de la dirigenta. \u201cFeliz por lograr lo anhelado, porque el tema de las comunicaciones era algo que nos hac\u00eda mucha falta. Qu\u00e9 mejor despu\u00e9s de criarse ac\u00e1 y por a\u00f1os esperando por mejorar nuestras vida de esta manera\u201d, acot\u00f3.<\/p>\n<p style=\"text-align: justify;\">La vecina Elisa Troncoso tambi\u00e9n se refiri\u00f3 a como esto impactar\u00e1 la vida de R\u00edo Norte. \u201cPara una y nuestros vecinos es algo muy especial porque est\u00e1bamos sin comunicaci\u00f3n. Es algo muy satisfactorio para nosotros, como por ejemplo para ver temas m\u00e9dicos, porque estamos muy aislados y por eso estamos felices por este logro\u201d, dijo.<\/p>\n<p style=\"text-align: justify;\">Adem\u00e1s de R\u00edo Norte, el proyecto \u00daltima Milla entregar\u00e1 conectividad m\u00f3vil de voz y datos a las localidades de El Turbio, en la comuna Ays\u00e9n, Los C\u00e9sares y Las Nalcas, en la comuna de Cisnes, Alto Ma\u00f1ihuales, El Richard, Emperador Guillermo, en la comuna de Coyhaique, y en el sector del Lago O\u2019Higgins, en la comuna de O\u2019Higgins.<\/p>\n<\/div><\/section><\/div><div  style='height:50px' class='hr hr-invisible   avia-builder-el-6  el_after_av_one_full  el_before_av_social_share '><span class='hr-inner ' ><span class='hr-inner-style'><\/span><\/span><\/div><\/p>\n<div  class='av-social-sharing-box  avia-builder-el-7  el_after_av_hr  el_before_av_hr  '><div class='av-share-box'><h5 class='av-share-link-description av-no-toc '>Compartir esta noticia<\/h5><ul class='av-share-box-list noLightbox'><li class='av-share-link av-social-link-facebook' ><a target=\"_blank\" aria-label=\"Compartir en Facebook\" href='https:\/\/www.facebook.com\/sharer.php?u=https:\/\/radiorevelacionfm.cl\/?p=13569&#038;t=Habitantes%20de%20R%C3%ADo%20Norte%20destacan%20avance%20de%20proyecto%20%E2%80%9C%C3%9Altima%20Milla%E2%80%9D' aria-hidden='false' data-av_icon='\ue8f3' data-av_iconfont='entypo-fontello' title='' data-avia-related-tooltip='Compartir en Facebook' rel=\"noopener\"><span class='avia_hidden_link_text'>Compartir en Facebook<\/span><\/a><\/li><li class='av-share-link av-social-link-twitter' ><a target=\"_blank\" aria-label=\"Compartir en Twitter\" href='https:\/\/twitter.com\/share?text=Habitantes%20de%20R%C3%ADo%20Norte%20destacan%20avance%20de%20proyecto%20%E2%80%9C%C3%9Altima%20Milla%E2%80%9D&#038;url=https:\/\/radiorevelacionfm.cl\/?p=13569' aria-hidden='false' data-av_icon='\ue8f1' data-av_iconfont='entypo-fontello' title='' data-avia-related-tooltip='Compartir en Twitter' rel=\"noopener\"><span class='avia_hidden_link_text'>Compartir en Twitter<\/span><\/a><\/li><li class='av-share-link av-social-link-whatsapp' ><a target=\"_blank\" aria-label=\"Compartir en Whatsapp\" href='https:\/\/api.whatsapp.com\/send?text=https:\/\/radiorevelacionfm.cl\/?p=13569' aria-hidden='false' data-av_icon='\uf232' data-av_iconfont='entypo-fontello' title='' data-avia-related-tooltip='Compartir en Whatsapp' rel=\"noopener\"><span class='avia_hidden_link_text'>Compartir en Whatsapp<\/span><\/a><\/li><li class='av-share-link av-social-link-linkedin' ><a target=\"_blank\" aria-label=\"Compartir en LinkedIn\" href='https:\/\/linkedin.com\/shareArticle?mini=true&#038;title=Habitantes%20de%20R%C3%ADo%20Norte%20destacan%20avance%20de%20proyecto%20%E2%80%9C%C3%9Altima%20Milla%E2%80%9D&#038;url=https:\/\/radiorevelacionfm.cl\/?p=13569' aria-hidden='false' data-av_icon='\ue8fc' data-av_iconfont='entypo-fontello' title='' data-avia-related-tooltip='Compartir en LinkedIn' rel=\"noopener\"><span class='avia_hidden_link_text'>Compartir en LinkedIn<\/span><\/a><\/li><li class='av-share-link av-social-link-mail' ><a  aria-label=\"Compartir por correo\" href='mailto:?subject=Habitantes%20de%20R%C3%ADo%20Norte%20destacan%20avance%20de%20proyecto%20%E2%80%9C%C3%9Altima%20Milla%E2%80%9D&#038;body=https:\/\/radiorevelacionfm.cl\/?p=13569' aria-hidden='false' data-av_icon='\ue805' data-av_iconfont='entypo-fontello' title='' data-avia-related-tooltip='Compartir por correo'><span class='avia_hidden_link_text'>Compartir por correo<\/span><\/a><\/li><\/ul><\/div><\/div>\n<div  style='height:50px' class='hr hr-invisible   avia-builder-el-8  el_after_av_social_share  el_before_av_comments_list '><span class='hr-inner ' ><span class='hr-inner-style'><\/span><\/span><\/div>\n<div  class='av-buildercomment  av-blog-meta-html-info-disabled av-blog-meta-tag-disabled  '><\/div>\n","protected":false},"excerpt":{"rendered":"","protected":false},"author":1,"featured_media":13570,"comment_status":"open","ping_status":"open","sticky":false,"template":"","format":"standard","meta":{"footnotes":""},"categories":[38],"tags":[],"class_list":["post-13569","post","type-post","status-publish","format-standard","has-post-thumbnail","hentry","category-regional"],"jetpack_featured_media_url":"https:\/\/radiorevelacionfm.cl\/wp-content\/uploads\/2022\/02\/rio-norte-28-2_optimized.jpg","_links":{"self":[{"href":"https:\/\/radiorevelacionfm.cl\/index.php?rest_route=\/wp\/v2\/posts\/13569","targetHints":{"allow":["GET"]}}],"collection":[{"href":"https:\/\/radiorevelacionfm.cl\/index.php?rest_route=\/wp\/v2\/posts"}],"about":[{"href":"https:\/\/radiorevelacionfm.cl\/index.php?rest_route=\/wp\/v2\/types\/post"}],"author":[{"embeddable":true,"href":"https:\/\/radiorevelacionfm.cl\/index.php?rest_route=\/wp\/v2\/users\/1"}],"replies":[{"embeddable":true,"href":"https:\/\/radiorevelacionfm.cl\/index.php?rest_route=%2Fwp%2Fv2%2Fcomments&post=13569"}],"version-history":[{"count":2,"href":"https:\/\/radiorevelacionfm.cl\/index.php?rest_route=\/wp\/v2\/posts\/13569\/revisions"}],"predecessor-version":[{"id":13572,"href":"https:\/\/radiorevelacionfm.cl\/index.php?rest_route=\/wp\/v2\/posts\/13569\/revisions\/13572"}],"wp:featuredmedia":[{"embeddable":true,"href":"https:\/\/radiorevelacionfm.cl\/index.php?rest_route=\/wp\/v2\/media\/13570"}],"wp:attachment":[{"href":"https:\/\/radiorevelacionfm.cl\/index.php?rest_route=%2Fwp%2Fv2%2Fmedia&parent=13569"}],"wp:term":[{"taxonomy":"category","embeddable":true,"href":"https:\/\/radiorevelacionfm.cl\/index.php?rest_route=%2Fwp%2Fv2%2Fcategories&post=13569"},{"taxonomy":"post_tag","embeddable":true,"href":"https:\/\/radiorevelacionfm.cl\/index.php?rest_route=%2Fwp%2Fv2%2Ftags&post=13569"}],"curies":[{"name":"wp","href":"https:\/\/api.w.org\/{rel}","templated":true}]}}