{"id":13562,"date":"2022-02-06T15:23:34","date_gmt":"2022-02-06T18:23:34","guid":{"rendered":"https:\/\/radiorevelacionfm.cl\/?p=13562"},"modified":"2022-02-06T15:28:12","modified_gmt":"2022-02-06T18:28:12","slug":"alcaldes-de-la-zona-sur-firman-convenio-de-colaboracion-para-fortalecer-vinculos-de-salud-para-sus-habitantes","status":"publish","type":"post","link":"https:\/\/radiorevelacionfm.cl\/?p=13562","title":{"rendered":"Alcaldes de la zona sur firman convenio de colaboraci\u00f3n para fortalecer v\u00ednculos de salud para sus habitantes"},"content":{"rendered":"<div class=\"flex_column av_one_full  flex_column_div av-zero-column-padding first  avia-builder-el-0  el_before_av_one_full  avia-builder-el-first  \" style='border-radius:0px; '><div  class='avia-image-container  av-styling-    avia-builder-el-1  avia-builder-el-no-sibling  avia-align-center '  itemprop=\"image\" itemscope=\"itemscope\" itemtype=\"https:\/\/schema.org\/ImageObject\"  ><div class='avia-image-container-inner'><div class='avia-image-overlay-wrap'><img decoding=\"async\" class='wp-image-13567 avia-img-lazy-loading-not-13567 avia_image' src=\"https:\/\/radiorevelacionfm.cl\/wp-content\/uploads\/2022\/02\/image-41-2.jpg\" alt='' title='image-41-2' height=\"600\" width=\"1055\"  itemprop=\"thumbnailUrl\" srcset=\"https:\/\/radiorevelacionfm.cl\/wp-content\/uploads\/2022\/02\/image-41-2.jpg 1055w, https:\/\/radiorevelacionfm.cl\/wp-content\/uploads\/2022\/02\/image-41-2-300x171.jpg 300w, https:\/\/radiorevelacionfm.cl\/wp-content\/uploads\/2022\/02\/image-41-2-1030x586.jpg 1030w, https:\/\/radiorevelacionfm.cl\/wp-content\/uploads\/2022\/02\/image-41-2-768x437.jpg 768w, https:\/\/radiorevelacionfm.cl\/wp-content\/uploads\/2022\/02\/image-41-2-705x401.jpg 705w, https:\/\/radiorevelacionfm.cl\/wp-content\/uploads\/2022\/02\/image-41-2-600x341.jpg 600w\" sizes=\"(max-width: 1055px) 100vw, 1055px\" \/><\/div><\/div><\/div><\/div><div class=\"flex_column av_one_full  flex_column_div av-zero-column-padding first  avia-builder-el-2  el_after_av_one_full  el_before_av_one_full  column-top-margin\" style='border-radius:0px; '><section class=\"av_textblock_section \"  itemscope=\"itemscope\" itemtype=\"https:\/\/schema.org\/BlogPosting\" itemprop=\"blogPost\" ><div class='avia_textblock  '   itemprop=\"text\" ><p style=\"text-align: center;\"><span style=\"font-size: 18pt;\"><b><span lang=\"ES-MX\">Alcaldes de la zona sur firman convenio de colaboraci\u00f3n para fortalecer v\u00ednculos de salud para sus habitantes<\/span><\/b><\/span><\/p>\n<div id=\"gtx-trans\" style=\"position: absolute; left: -50px; top: 4.31534px;\">\n<div class=\"gtx-trans-icon\"><\/div>\n<\/div>\n<\/div><\/section><\/div><\/p>\n<div class=\"flex_column av_one_full  flex_column_div av-zero-column-padding first  avia-builder-el-4  el_after_av_one_full  el_before_av_hr  column-top-margin\" style='border-radius:0px; '><section class=\"av_textblock_section \"  itemscope=\"itemscope\" itemtype=\"https:\/\/schema.org\/BlogPosting\" itemprop=\"blogPost\" ><div class='avia_textblock  '   itemprop=\"text\" ><p style=\"text-align: justify;\">Con el motivo de generar acuerdos y afianzar los lazos entre los municipios de la zona sur, el presidente de la AREMU y alcalde de R\u00edo Ib\u00e1\u00f1ez, Marcelo Santana junto al jefe comunal de Chile Chico, Luperciano Mu\u00f1oz, visitaron las comunas de Cochrane, Caleta Tortel y Villa O\u00b4Higgins para firmar convenio de colaboraci\u00f3n que permitir\u00e1 que los habitantes de las cuatro comunas puedan acceder a prestaciones m\u00e9dicas del Centro de Salud Municipal de Chile Chico.<\/p>\n<p style=\"text-align: justify;\">Esta alianza se realiza con el fin de descongestionar las largas listas de espera que existen en el Hospital de Coyhaique para la toma de ex\u00e1menes de imagenolog\u00eda y acercar los servicios de salud a las personas del sur de la regi\u00f3n de Ays\u00e9n.<\/p>\n<p style=\"text-align: justify;\">Sobre esto el presidente de la AREMU y alcalde de R\u00edo Ib\u00e1\u00f1ez, Marcelo Santana expres\u00f3 que \u201chemos logrado que cinco municipios de la zona sur de nuestra regi\u00f3n de Ays\u00e9n se apresten a la firma de un convenio de colaboraci\u00f3n en muchos aspectos, pero principalmente, en atenci\u00f3n de salud y toma de ex\u00e1menes para los vecinos\u201d.<\/p>\n<p style=\"text-align: justify;\">Adem\u00e1s, la autoridad valor\u00f3 que este sea el primer paso para seguir fortaleciendo la asociatividad municipal, y as\u00ed seguir trabajando en proyectos en beneficio de los habitantes de la regi\u00f3n de Ays\u00e9n.<\/p>\n<p style=\"text-align: justify;\">Por su parte, el alcalde Chile Chico, Luperciano Mu\u00f1oz afirm\u00f3 que \u201cb\u00e1sicamente nosotros ponemos a disposici\u00f3n de los municipios todo lo que es la imagenolog\u00eda que nosotros tenemos a disposici\u00f3n, es decir, esc\u00e1ner, todas las mamograf\u00edas, los operativos que nosotros hagamos de ecograf\u00edas tambi\u00e9n est\u00e1n a disposici\u00f3n; los operativos de endoscopia tambi\u00e9n habr\u00e1 para otros municipios, es decir, tenemos los equipos a disposici\u00f3n de los habitantes de los municipios que firmaron este convenio\u201d.<\/p>\n<p style=\"text-align: justify;\">Asimismo, el jefe comunal de la ciudad del sol coment\u00f3 c\u00f3mo se realizar\u00e1 el proceso de atenci\u00f3n: \u201cNosotros antes de estar ac\u00e1, firmamos un convenio con el Servicio de Salud, con la intenci\u00f3n de atacar todo lo que es la lista de espera en las especialidades. Entonces, todo examen de imagenolog\u00eda, que est\u00e9 en lista de espera, intentaremos sacarlo r\u00e1pidamente a trav\u00e9s de las prestaciones que nosotros podemos dar en nuestro centro m\u00e9dico\u201d, asegur\u00f3.<\/p>\n<p style=\"text-align: justify;\"><strong>Un paso para la descentralizaci\u00f3n<\/strong><\/p>\n<p style=\"text-align: justify;\">Son cerca de 559 kil\u00f3metros los que separan a Coyhaique de Villa O\u00b4Higgins siendo aproximadamente 3 d\u00edas de viaje para los residentes del lugal.<\/p>\n<p style=\"text-align: justify;\">Por esta raz\u00f3n, una de las vecinas de la comuna, Claudia Vald\u00e9s, manifest\u00f3 su felicidad por la firma de este convenio, el cual se realiz\u00f3 con la presencia de vecinos y vecinas.<\/p>\n<p style=\"text-align: justify;\">\u201cLa verdad que la firma de este convenio entre el municipio de Chile Chico y la municipalidad de O\u00b4Higgins apoyado por la AREMU, la verdad que es muy importante para nosotros, somos una de las comunas m\u00e1s rezagadas de la regi\u00f3n y la verdad que poder contar con estas instancias de acercar un poco m\u00e1s la salud a la gente, facilitar o agilizar las listas de esperas en materia de prevenci\u00f3n del c\u00e1ncer de mamas, la verdad es que es muy importante para las mujeres de la comuna de Villa O\u00b4Higgins\u201d, asever\u00f3.<\/p>\n<p style=\"text-align: justify;\">Esto es ratificado por el alcalde de zona, Jos\u00e9 Fica, quien detall\u00f3 que \u201cla verdad que este beneficio es bien provechoso para la comunidad, ya que tenemos varias falencias en esta \u00e1rea, \u00a0respecto a las prestaciones que hace este Centro M\u00e9dico de Chile Chico.\u00a0 Le agradezco al alcalde por poner a disposici\u00f3n este lugar para los vecinos y vecinas de Villa O\u00b4Higgins\u201d.<\/p>\n<p style=\"text-align: justify;\">Misma realidad viven los pobladores de Caleta Tortel, que se encuentran a 465 kil\u00f3metros del hospital base ubicado en Coyhaique. Sobre esto, el poblador Rolando Becerra cont\u00f3 que \u201cpara nosotros como vecinos de la Caleta Tortel, es s\u00faper valioso este anuncio porque nos permite tener alternativas distintas a las que ya existen, que es ir a Coyhaique en caso de querer prestaciones m\u00e9dicas. Muy agradecidos de este convenio, que es un gran paso para la descentralizaci\u00f3n de la regi\u00f3n\u00bb<\/p>\n<p style=\"text-align: justify;\">Por su parte, el alcalde de Caleta Tortel, Abel Becerra expres\u00f3 que \u201ces considerable la distancia que tenemos con el hospital base que es de Coyhaique, para cualquier consulta con especialistas, entonces ten\u00edamos esa tremenda dificultad por los costos y la distancia. Nosotros como municipalidad contamos con los medios, pero los especialistas muchas veces, las horas que nos designan para nuestros pobladores es de uno a tres meses en ocasiones\u201d.<\/p>\n<p style=\"text-align: justify;\">Cabe destacar que no solo la salud ser\u00e1 parte de este trabajo mancomunado, tambi\u00e9n lo es la labor asociativa en materia educativa, cultural, deportiva y recreativa; \u00e1rea de turismo y fomento productivo; \u00e1rea medioambiental y participaci\u00f3n social y ciudadana.<\/p>\n<\/div><\/section><\/div>\n<div  style='height:50px' class='hr hr-invisible   avia-builder-el-6  el_after_av_one_full  el_before_av_social_share '><span class='hr-inner ' ><span class='hr-inner-style'><\/span><\/span><\/div>\n<div  class='av-social-sharing-box  avia-builder-el-7  el_after_av_hr  el_before_av_hr  '><div class='av-share-box'><h5 class='av-share-link-description av-no-toc '>Compartir esta noticia<\/h5><ul class='av-share-box-list noLightbox'><li class='av-share-link av-social-link-facebook' ><a target=\"_blank\" aria-label=\"Compartir en Facebook\" href='https:\/\/www.facebook.com\/sharer.php?u=https:\/\/radiorevelacionfm.cl\/?p=13562&#038;t=Alcaldes%20de%20la%20zona%20sur%20firman%20convenio%20de%20colaboraci%C3%B3n%20para%20fortalecer%20v%C3%ADnculos%20de%20salud%20para%20sus%20habitantes' aria-hidden='false' data-av_icon='\ue8f3' data-av_iconfont='entypo-fontello' title='' data-avia-related-tooltip='Compartir en Facebook' rel=\"noopener\"><span class='avia_hidden_link_text'>Compartir en Facebook<\/span><\/a><\/li><li class='av-share-link av-social-link-twitter' ><a target=\"_blank\" aria-label=\"Compartir en Twitter\" href='https:\/\/twitter.com\/share?text=Alcaldes%20de%20la%20zona%20sur%20firman%20convenio%20de%20colaboraci%C3%B3n%20para%20fortalecer%20v%C3%ADnculos%20de%20salud%20para%20sus%20habitantes&#038;url=https:\/\/radiorevelacionfm.cl\/?p=13562' aria-hidden='false' data-av_icon='\ue8f1' data-av_iconfont='entypo-fontello' title='' data-avia-related-tooltip='Compartir en Twitter' rel=\"noopener\"><span class='avia_hidden_link_text'>Compartir en Twitter<\/span><\/a><\/li><li class='av-share-link av-social-link-whatsapp' ><a target=\"_blank\" aria-label=\"Compartir en Whatsapp\" href='https:\/\/api.whatsapp.com\/send?text=https:\/\/radiorevelacionfm.cl\/?p=13562' aria-hidden='false' data-av_icon='\uf232' data-av_iconfont='entypo-fontello' title='' data-avia-related-tooltip='Compartir en Whatsapp' rel=\"noopener\"><span class='avia_hidden_link_text'>Compartir en Whatsapp<\/span><\/a><\/li><li class='av-share-link av-social-link-linkedin' ><a target=\"_blank\" aria-label=\"Compartir en LinkedIn\" href='https:\/\/linkedin.com\/shareArticle?mini=true&#038;title=Alcaldes%20de%20la%20zona%20sur%20firman%20convenio%20de%20colaboraci%C3%B3n%20para%20fortalecer%20v%C3%ADnculos%20de%20salud%20para%20sus%20habitantes&#038;url=https:\/\/radiorevelacionfm.cl\/?p=13562' aria-hidden='false' data-av_icon='\ue8fc' data-av_iconfont='entypo-fontello' title='' data-avia-related-tooltip='Compartir en LinkedIn' rel=\"noopener\"><span class='avia_hidden_link_text'>Compartir en LinkedIn<\/span><\/a><\/li><li class='av-share-link av-social-link-mail' ><a  aria-label=\"Compartir por correo\" href='mailto:?subject=Alcaldes%20de%20la%20zona%20sur%20firman%20convenio%20de%20colaboraci%C3%B3n%20para%20fortalecer%20v%C3%ADnculos%20de%20salud%20para%20sus%20habitantes&#038;body=https:\/\/radiorevelacionfm.cl\/?p=13562' aria-hidden='false' data-av_icon='\ue805' data-av_iconfont='entypo-fontello' title='' data-avia-related-tooltip='Compartir por correo'><span class='avia_hidden_link_text'>Compartir por correo<\/span><\/a><\/li><\/ul><\/div><\/div>\n<div  style='height:50px' class='hr hr-invisible   avia-builder-el-8  el_after_av_social_share  el_before_av_comments_list '><span class='hr-inner ' ><span class='hr-inner-style'><\/span><\/span><\/div>\n<div  class='av-buildercomment  av-blog-meta-html-info-disabled av-blog-meta-tag-disabled  '><\/div>\n","protected":false},"excerpt":{"rendered":"","protected":false},"author":1,"featured_media":13567,"comment_status":"open","ping_status":"open","sticky":false,"template":"","format":"standard","meta":{"footnotes":""},"categories":[38],"tags":[],"class_list":["post-13562","post","type-post","status-publish","format-standard","has-post-thumbnail","hentry","category-regional"],"jetpack_featured_media_url":"https:\/\/radiorevelacionfm.cl\/wp-content\/uploads\/2022\/02\/image-41-2.jpg","_links":{"self":[{"href":"https:\/\/radiorevelacionfm.cl\/index.php?rest_route=\/wp\/v2\/posts\/13562","targetHints":{"allow":["GET"]}}],"collection":[{"href":"https:\/\/radiorevelacionfm.cl\/index.php?rest_route=\/wp\/v2\/posts"}],"about":[{"href":"https:\/\/radiorevelacionfm.cl\/index.php?rest_route=\/wp\/v2\/types\/post"}],"author":[{"embeddable":true,"href":"https:\/\/radiorevelacionfm.cl\/index.php?rest_route=\/wp\/v2\/users\/1"}],"replies":[{"embeddable":true,"href":"https:\/\/radiorevelacionfm.cl\/index.php?rest_route=%2Fwp%2Fv2%2Fcomments&post=13562"}],"version-history":[{"count":3,"href":"https:\/\/radiorevelacionfm.cl\/index.php?rest_route=\/wp\/v2\/posts\/13562\/revisions"}],"predecessor-version":[{"id":13566,"href":"https:\/\/radiorevelacionfm.cl\/index.php?rest_route=\/wp\/v2\/posts\/13562\/revisions\/13566"}],"wp:featuredmedia":[{"embeddable":true,"href":"https:\/\/radiorevelacionfm.cl\/index.php?rest_route=\/wp\/v2\/media\/13567"}],"wp:attachment":[{"href":"https:\/\/radiorevelacionfm.cl\/index.php?rest_route=%2Fwp%2Fv2%2Fmedia&parent=13562"}],"wp:term":[{"taxonomy":"category","embeddable":true,"href":"https:\/\/radiorevelacionfm.cl\/index.php?rest_route=%2Fwp%2Fv2%2Fcategories&post=13562"},{"taxonomy":"post_tag","embeddable":true,"href":"https:\/\/radiorevelacionfm.cl\/index.php?rest_route=%2Fwp%2Fv2%2Ftags&post=13562"}],"curies":[{"name":"wp","href":"https:\/\/api.w.org\/{rel}","templated":true}]}}