{"id":13558,"date":"2022-02-06T15:15:21","date_gmt":"2022-02-06T18:15:21","guid":{"rendered":"https:\/\/radiorevelacionfm.cl\/?p=13558"},"modified":"2022-02-06T15:15:21","modified_gmt":"2022-02-06T18:15:21","slug":"realizan-charla-sobre-normativa-laboral-a-agrupacion-de-migrantes-asomisca","status":"publish","type":"post","link":"https:\/\/radiorevelacionfm.cl\/?p=13558","title":{"rendered":"Realizan charla sobre normativa laboral a agrupaci\u00f3n de migrantes Asomisca"},"content":{"rendered":"<div class=\"flex_column av_one_full  flex_column_div av-zero-column-padding first  avia-builder-el-0  el_before_av_one_full  avia-builder-el-first  \" style='border-radius:0px; '><div  class='avia-image-container  av-styling-    avia-builder-el-1  avia-builder-el-no-sibling  avia-align-center '  itemprop=\"image\" itemscope=\"itemscope\" itemtype=\"https:\/\/schema.org\/ImageObject\"  ><div class='avia-image-container-inner'><div class='avia-image-overlay-wrap'><img decoding=\"async\" class='wp-image-13560 avia-img-lazy-loading-not-13560 avia_image' src=\"https:\/\/radiorevelacionfm.cl\/wp-content\/uploads\/2022\/02\/Charla_4.jpg\" alt='' title='Charla_4' height=\"600\" width=\"1321\"  itemprop=\"thumbnailUrl\" srcset=\"https:\/\/radiorevelacionfm.cl\/wp-content\/uploads\/2022\/02\/Charla_4.jpg 1321w, https:\/\/radiorevelacionfm.cl\/wp-content\/uploads\/2022\/02\/Charla_4-300x136.jpg 300w, https:\/\/radiorevelacionfm.cl\/wp-content\/uploads\/2022\/02\/Charla_4-1030x468.jpg 1030w, https:\/\/radiorevelacionfm.cl\/wp-content\/uploads\/2022\/02\/Charla_4-768x349.jpg 768w, https:\/\/radiorevelacionfm.cl\/wp-content\/uploads\/2022\/02\/Charla_4-705x320.jpg 705w, https:\/\/radiorevelacionfm.cl\/wp-content\/uploads\/2022\/02\/Charla_4-600x273.jpg 600w\" sizes=\"(max-width: 1321px) 100vw, 1321px\" \/><\/div><\/div><\/div><\/div><div class=\"flex_column av_one_full  flex_column_div av-zero-column-padding first  avia-builder-el-2  el_after_av_one_full  el_before_av_one_full  column-top-margin\" style='border-radius:0px; '><section class=\"av_textblock_section \"  itemscope=\"itemscope\" itemtype=\"https:\/\/schema.org\/BlogPosting\" itemprop=\"blogPost\" ><div class='avia_textblock  '   itemprop=\"text\" ><p style=\"text-align: center;\"><span style=\"font-size: 18pt;\"><b><span lang=\"ES\">Realizan charla sobre normativa laboral a agrupaci\u00f3n de migrantes Asomisca \u00a0<\/span><\/b><\/span><\/p>\n<div id=\"gtx-trans\" style=\"position: absolute; left: -50px; top: 4.31534px;\">\n<div class=\"gtx-trans-icon\"><\/div>\n<\/div>\n<\/div><\/section><\/div><div class=\"flex_column av_one_full  flex_column_div av-zero-column-padding first  avia-builder-el-4  el_after_av_one_full  el_before_av_hr  column-top-margin\" style='border-radius:0px; '><section class=\"av_textblock_section \"  itemscope=\"itemscope\" itemtype=\"https:\/\/schema.org\/BlogPosting\" itemprop=\"blogPost\" ><div class='avia_textblock  '   itemprop=\"text\" ><div class=\"v1gmail_default\">\n<p class=\"v1MsoNormal\" style=\"text-align: justify;\"><span lang=\"ES\">Con el prop\u00f3sito de difundir la normativa laboral vigente, las autoridades laborales en coordinaci\u00f3n con el INDH sede Ays\u00e9n, desarrollaron una charla centrados en Trabajo Infantil y adolescente protegido, Modernizaci\u00f3n de la Direcci\u00f3n del Trabajo, aclarando dudas sobre aspectos legales relacionadas con contrato, leyes en contexto Covid, entre otros, a dirigentes e integrantes de la Asociaci\u00f3n de Migrantes Sur y Centro Americanos Radicados en la Regi\u00f3n de Ays\u00e9n en Chile, Asomisca.<\/span><\/p>\n<p class=\"v1MsoNormal\" style=\"text-align: justify;\"><span lang=\"ES\">La charla es parte de la labor mancomunado que se ha realizado para difundir las normativas legales y los derechos de los trabajadores, adem\u00e1s de los riesgos del trabajo infantil y la norma que protege al adolescente trabajador, siendo el INDH integrante del Comit\u00e9 Regional de Erradicaci\u00f3n del Trabajo Infantil, liderado por la Seremi del Trabajo y Previsi\u00f3n Social. <\/span><\/p>\n<p class=\"v1MsoNormal\" style=\"text-align: justify;\"><span lang=\"ES\">Al respecto, la Seremi de la cartera, Andrea Ponce, afirm\u00f3 \u00abComo Ministerio del Trabajo y previsi\u00f3n Social entregar informaci\u00f3n y difundir los derechos y deberes laborales en la comunidad migrante es fundamental. M\u00e1s a\u00fan en el contexto del trabajo que hemos realizado como Comit\u00e9 Regional de Erradicaci\u00f3n de Trabajo Infantil, donde valoramos positivamente y agradecemos el inter\u00e9s de la agrupaci\u00f3n Asomisca de informarse, conocer la realidad que existe en torno al trabajo infantil y la protecci\u00f3n hacia el adolescente trabajador. De igual manera, agradecemos al Instituto Nacional de Derechos Humanos sede Ays\u00e9n con quienes hemos realizado un trabajo estrecho en torno a este tema y a la Direcci\u00f3n del Trabajo, con quienes tuvimos la posibilidad de abordar nuevas leyes y normativa vigente, analizando casos espec\u00edficos, aclarando dudas y conceptos\u00bb.<\/span><\/p>\n<p class=\"v1MsoNormal\" style=\"text-align: justify;\"><span lang=\"ES\">Al inicio de la actividad, Joaqu\u00edn Bizama, jefe regional del INDH sede Ays\u00e9n, coment\u00f3, \u00abAgradecerles la buena disposici\u00f3n. Est\u00e1 Nicol\u00e1s Jara, quien es un estudiante de Trabajo Social de la Universidad de Ays\u00e9n, est\u00e1 haciendo su pr\u00e1ctica y \u00e9l ha estado trabajando con Asomisca. Agradecerles el tiempo y la disposici\u00f3n, esta informaci\u00f3n es muy \u00fatil para ellos, porque sin duda se va a replicar entre la comunidad migrante que est\u00e1 en Coyhaique\u00bb.\u00a0\u00a0 <\/span><\/p>\n<p class=\"v1MsoNormal\" style=\"text-align: justify;\"><span lang=\"ES\">\u00abEs muy importante que todos los trabajadores, independientemente de su nacionalidad, conozcan los tr\u00e1mites en l\u00ednea y la Modernizaci\u00f3n de la Direcci\u00f3n del Trabajo, por ello agradecemos la coordinaci\u00f3n a trav\u00e9s del INDH. Como servicio estamos robusteciendo nuestra plataforma, donde desde el 2019 tenemos Mi DT, con la cual todos los trabajadores, empleadores y organizaciones sociales con su Clave \u00danica pueden realizar diversos tr\u00e1mites gratuitos y sin necesidad de acudir a nuestras oficinas de inspecciones del trabajo. Durante esta instancia pudimos resolver muchas consultas de los dirigentes y de los asistentes y, de igual forma, nos comprometemos a realizar otra instancia de conversaci\u00f3n en algunos meses m\u00e1s, para profundizar algunos temas junto a Asomisca y a las organizaciones migrantes que se quieran sumar. Nuestro prop\u00f3sito es estar m\u00e1s cerca de los trabajadores y a trav\u00e9s de la plataforma estamos presentes las 24 horas del d\u00eda\u00bb, mencion\u00f3 la Directora regional del Trabajo, Victoria Sierra.<\/span><\/p>\n<p class=\"v1MsoNormal\" style=\"text-align: justify;\"><span lang=\"ES\">A su vez, Mayrelis Pa\u00e9z, dirigenta de Asomisca agradeci\u00f3 la iniciativa, \u00abPrimeramente darle las gracias s Joaqu\u00edn Bizama de Derechos humanos por hacer este enlace y a ustedes por tomarse un tiempo para darnos mayor informaci\u00f3n sobre los tr\u00e1mites a nivel de trabajo, una de las cosas que a nosotros como comunidad migrante nos importa much\u00edsimo, porque si bien la ley est\u00e1 y est\u00e1 para todos, muchas veces por desconocimientos se vulneran nuestros derechos, a veces por nuestra propia responsabilidad por ese desconocimiento. Entonces, darles las gracias\u00bb.<\/span><\/p>\n<p class=\"v1MsoNormal\" style=\"text-align: justify;\"><span lang=\"ES\">Uno de los temas que se abord\u00f3 en profundidad fue la Modernizaci\u00f3n de la Direcci\u00f3n del Trabajo y lla norma que regula en Chile el trabajo adolescente y proh\u00edbe el trabajo infantil, donde sus principales \u00e1mbitos aparece el comercio, agricultura y pesca. En este sentido, seg\u00fan la encuesta EANNA 2012, hay 219.624 ni\u00f1os, ni\u00f1as y adolescentes en Chile en situaci\u00f3n de trabajo infantil, de ellos, 135 mil adolescentes \u2013entre 15 y 17 a\u00f1os- trabajan y 90% de ellos en labores riesgosas. <\/span><\/p>\n<p style=\"text-align: justify;\"><span lang=\"ES\">En junio del 2021 se public\u00f3 la ley N\u00b0 21.271 que adecua el C\u00f3digo del Trabajo en materia de protecci\u00f3n de los<br \/>\nni\u00f1os, ni\u00f1as y adolescentes en el mundo del trabajo, definiendo claramente que en Chile los ni\u00f1os y ni\u00f1as menores de 14 a\u00f1os no pueden trabajar y estableci\u00f3 que los adolescentes s\u00ed lo pueden hacer, al cumplir 15 a\u00f1os, cumpliendo funciones laborales acorde a los requisitos y exigencias de protecci\u00f3n establecidas en el C\u00f3digo del Trabajo, tales como contrato, acreditar que est\u00e1 estudiando, autorizaci\u00f3n escrita de padres o apoderados, realizando s\u00f3lo labores ligeras y no peligrosas. <\/span><\/p>\n<p style=\"text-align: justify;\"><span lang=\"ES\">Junto a ello, se regul\u00f3 la jornada laboral, manteniendo que esta no puede ser superior a 30 horas semanales, pero agregando que podr\u00e1n ser distribuidas en un m\u00e1ximo de 6 horas diarias en el a\u00f1o escolar y hasta 8 horas diarias durante la interrupci\u00f3n del a\u00f1o escolar y en el per\u00edodo de vacaciones. Establece multas especiales para el empleador que contrate ni\u00f1os o ni\u00f1as para la prestaci\u00f3n de servicios personales bajo dependencia y subordinaci\u00f3n y a aquellos que infrinjan las normas relativas a la contrataci\u00f3n de un adolescente con edad de trabajar, entre otros temas. Para m\u00e1s informaci\u00f3n sobre esta importante ley, se puede visitar el sitio web <\/span><a href=\"http:\/\/www.noaltrabajoinfantil.cl\/\" target=\"_blank\" rel=\"noopener noreferrer\"><span lang=\"ES\">www.noaltrabajoinfantil.cl<\/span><\/a><span lang=\"ES\"> del Departamento de Erradicaci\u00f3n del Trabajo Infantil, de la Subsecretar\u00eda del Trabajo.\u00a0<\/span><\/p>\n<\/div>\n<\/div><\/section><\/div><div  style='height:50px' class='hr hr-invisible   avia-builder-el-6  el_after_av_one_full  el_before_av_social_share '><span class='hr-inner ' ><span class='hr-inner-style'><\/span><\/span><\/div><\/p>\n<div  class='av-social-sharing-box  avia-builder-el-7  el_after_av_hr  el_before_av_hr  '><div class='av-share-box'><h5 class='av-share-link-description av-no-toc '>Compartir esta noticia<\/h5><ul class='av-share-box-list noLightbox'><li class='av-share-link av-social-link-facebook' ><a target=\"_blank\" aria-label=\"Compartir en Facebook\" href='https:\/\/www.facebook.com\/sharer.php?u=https:\/\/radiorevelacionfm.cl\/?p=13558&#038;t=Realizan%20charla%20sobre%20normativa%20laboral%20a%20agrupaci%C3%B3n%20de%20migrantes%20Asomisca' aria-hidden='false' data-av_icon='\ue8f3' data-av_iconfont='entypo-fontello' title='' data-avia-related-tooltip='Compartir en Facebook' rel=\"noopener\"><span class='avia_hidden_link_text'>Compartir en Facebook<\/span><\/a><\/li><li class='av-share-link av-social-link-twitter' ><a target=\"_blank\" aria-label=\"Compartir en Twitter\" href='https:\/\/twitter.com\/share?text=Realizan%20charla%20sobre%20normativa%20laboral%20a%20agrupaci%C3%B3n%20de%20migrantes%20Asomisca&#038;url=https:\/\/radiorevelacionfm.cl\/?p=13558' aria-hidden='false' data-av_icon='\ue8f1' data-av_iconfont='entypo-fontello' title='' data-avia-related-tooltip='Compartir en Twitter' rel=\"noopener\"><span class='avia_hidden_link_text'>Compartir en Twitter<\/span><\/a><\/li><li class='av-share-link av-social-link-whatsapp' ><a target=\"_blank\" aria-label=\"Compartir en Whatsapp\" href='https:\/\/api.whatsapp.com\/send?text=https:\/\/radiorevelacionfm.cl\/?p=13558' aria-hidden='false' data-av_icon='\uf232' data-av_iconfont='entypo-fontello' title='' data-avia-related-tooltip='Compartir en Whatsapp' rel=\"noopener\"><span class='avia_hidden_link_text'>Compartir en Whatsapp<\/span><\/a><\/li><li class='av-share-link av-social-link-linkedin' ><a target=\"_blank\" aria-label=\"Compartir en LinkedIn\" href='https:\/\/linkedin.com\/shareArticle?mini=true&#038;title=Realizan%20charla%20sobre%20normativa%20laboral%20a%20agrupaci%C3%B3n%20de%20migrantes%20Asomisca&#038;url=https:\/\/radiorevelacionfm.cl\/?p=13558' aria-hidden='false' data-av_icon='\ue8fc' data-av_iconfont='entypo-fontello' title='' data-avia-related-tooltip='Compartir en LinkedIn' rel=\"noopener\"><span class='avia_hidden_link_text'>Compartir en LinkedIn<\/span><\/a><\/li><li class='av-share-link av-social-link-mail' ><a  aria-label=\"Compartir por correo\" href='mailto:?subject=Realizan%20charla%20sobre%20normativa%20laboral%20a%20agrupaci%C3%B3n%20de%20migrantes%20Asomisca&#038;body=https:\/\/radiorevelacionfm.cl\/?p=13558' aria-hidden='false' data-av_icon='\ue805' data-av_iconfont='entypo-fontello' title='' data-avia-related-tooltip='Compartir por correo'><span class='avia_hidden_link_text'>Compartir por correo<\/span><\/a><\/li><\/ul><\/div><\/div>\n<div  style='height:50px' class='hr hr-invisible   avia-builder-el-8  el_after_av_social_share  el_before_av_comments_list '><span class='hr-inner ' ><span class='hr-inner-style'><\/span><\/span><\/div>\n<div  class='av-buildercomment  av-blog-meta-html-info-disabled av-blog-meta-tag-disabled  '><\/div>\n","protected":false},"excerpt":{"rendered":"","protected":false},"author":1,"featured_media":13560,"comment_status":"open","ping_status":"open","sticky":false,"template":"","format":"standard","meta":{"footnotes":""},"categories":[56],"tags":[],"class_list":["post-13558","post","type-post","status-publish","format-standard","has-post-thumbnail","hentry","category-trabajo"],"jetpack_featured_media_url":"https:\/\/radiorevelacionfm.cl\/wp-content\/uploads\/2022\/02\/Charla_4.jpg","_links":{"self":[{"href":"https:\/\/radiorevelacionfm.cl\/index.php?rest_route=\/wp\/v2\/posts\/13558","targetHints":{"allow":["GET"]}}],"collection":[{"href":"https:\/\/radiorevelacionfm.cl\/index.php?rest_route=\/wp\/v2\/posts"}],"about":[{"href":"https:\/\/radiorevelacionfm.cl\/index.php?rest_route=\/wp\/v2\/types\/post"}],"author":[{"embeddable":true,"href":"https:\/\/radiorevelacionfm.cl\/index.php?rest_route=\/wp\/v2\/users\/1"}],"replies":[{"embeddable":true,"href":"https:\/\/radiorevelacionfm.cl\/index.php?rest_route=%2Fwp%2Fv2%2Fcomments&post=13558"}],"version-history":[{"count":2,"href":"https:\/\/radiorevelacionfm.cl\/index.php?rest_route=\/wp\/v2\/posts\/13558\/revisions"}],"predecessor-version":[{"id":13565,"href":"https:\/\/radiorevelacionfm.cl\/index.php?rest_route=\/wp\/v2\/posts\/13558\/revisions\/13565"}],"wp:featuredmedia":[{"embeddable":true,"href":"https:\/\/radiorevelacionfm.cl\/index.php?rest_route=\/wp\/v2\/media\/13560"}],"wp:attachment":[{"href":"https:\/\/radiorevelacionfm.cl\/index.php?rest_route=%2Fwp%2Fv2%2Fmedia&parent=13558"}],"wp:term":[{"taxonomy":"category","embeddable":true,"href":"https:\/\/radiorevelacionfm.cl\/index.php?rest_route=%2Fwp%2Fv2%2Fcategories&post=13558"},{"taxonomy":"post_tag","embeddable":true,"href":"https:\/\/radiorevelacionfm.cl\/index.php?rest_route=%2Fwp%2Fv2%2Ftags&post=13558"}],"curies":[{"name":"wp","href":"https:\/\/api.w.org\/{rel}","templated":true}]}}