{"id":13543,"date":"2022-02-04T19:12:22","date_gmt":"2022-02-04T22:12:22","guid":{"rendered":"https:\/\/radiorevelacionfm.cl\/?p=13543"},"modified":"2022-02-04T19:12:22","modified_gmt":"2022-02-04T22:12:22","slug":"entregan-terreno-a-empresa-que-construira-cuartel-de-bomberos-en-puerto-cisnes","status":"publish","type":"post","link":"https:\/\/radiorevelacionfm.cl\/?p=13543","title":{"rendered":"Entregan terreno a empresa que construir\u00e1 cuartel de Bomberos en Puerto Cisnes"},"content":{"rendered":"<div class=\"flex_column av_one_full  flex_column_div av-zero-column-padding first  avia-builder-el-0  el_before_av_one_full  avia-builder-el-first  \" style='border-radius:0px; '><div  class='avia-image-container  av-styling-    avia-builder-el-1  avia-builder-el-no-sibling  avia-align-center '  itemprop=\"image\" itemscope=\"itemscope\" itemtype=\"https:\/\/schema.org\/ImageObject\"  ><div class='avia-image-container-inner'><div class='avia-image-overlay-wrap'><img decoding=\"async\" class='wp-image-13544 avia-img-lazy-loading-not-13544 avia_image' src=\"https:\/\/radiorevelacionfm.cl\/wp-content\/uploads\/2022\/02\/TERRENO-CUARTEL-2-2.jpeg\" alt='' title='TERRENO CUARTEL-2-2' height=\"600\" width=\"900\"  itemprop=\"thumbnailUrl\" srcset=\"https:\/\/radiorevelacionfm.cl\/wp-content\/uploads\/2022\/02\/TERRENO-CUARTEL-2-2.jpeg 900w, https:\/\/radiorevelacionfm.cl\/wp-content\/uploads\/2022\/02\/TERRENO-CUARTEL-2-2-300x200.jpeg 300w, https:\/\/radiorevelacionfm.cl\/wp-content\/uploads\/2022\/02\/TERRENO-CUARTEL-2-2-768x512.jpeg 768w, https:\/\/radiorevelacionfm.cl\/wp-content\/uploads\/2022\/02\/TERRENO-CUARTEL-2-2-705x470.jpeg 705w, https:\/\/radiorevelacionfm.cl\/wp-content\/uploads\/2022\/02\/TERRENO-CUARTEL-2-2-600x400.jpeg 600w\" sizes=\"(max-width: 900px) 100vw, 900px\" \/><\/div><\/div><\/div><\/div><div class=\"flex_column av_one_full  flex_column_div av-zero-column-padding first  avia-builder-el-2  el_after_av_one_full  el_before_av_one_full  column-top-margin\" style='border-radius:0px; '><section class=\"av_textblock_section \"  itemscope=\"itemscope\" itemtype=\"https:\/\/schema.org\/BlogPosting\" itemprop=\"blogPost\" ><div class='avia_textblock  '   itemprop=\"text\" ><p style=\"text-align: center;\"><span style=\"font-size: 18pt;\"><strong>Entregan terreno a empresa que construir\u00e1 cuartel de Bomberos en Puerto Cisnes<\/strong><\/span><\/p>\n<div id=\"gtx-trans\" style=\"position: absolute; left: -50px; top: 4.31534px;\">\n<div class=\"gtx-trans-icon\"><\/div>\n<\/div>\n<\/div><\/section><\/div><div class=\"flex_column av_one_full  flex_column_div av-zero-column-padding first  avia-builder-el-4  el_after_av_one_full  el_before_av_hr  column-top-margin\" style='border-radius:0px; '><section class=\"av_textblock_section \"  itemscope=\"itemscope\" itemtype=\"https:\/\/schema.org\/BlogPosting\" itemprop=\"blogPost\" ><div class='avia_textblock  '   itemprop=\"text\" ><p style=\"text-align: justify;\">Con un radiante sol sobre la ciudad, esta ma\u00f1ana autoridades encabezadas por el Alcalde, Francisco Roncagliolo Lepio, hicieron entrega de terreno a la empresa que desde hoy se har\u00e1 cargo de la construcci\u00f3n del edificio que albergar\u00e1 a Bomberos de Puerto Cisnes.<\/p>\n<p style=\"text-align: justify;\">El edificio considera una inversi\u00f3n que supera los 680 millones de pesos, los que fueron entregados por el Gobierno Regional de Ays\u00e9n al Municipio, desde donde naci\u00f3 el proyecto y dise\u00f1o de este cuartel, que viene a ser un merecido reconocimiento para esta noble instituci\u00f3n.<\/p>\n<p style=\"text-align: justify;\">La nueva infraestructura albergar\u00e1 al Cuartel General y a la Primera Compa\u00f1\u00eda de Bomberos de Puerto Cisnes. El Alcalde de la comuna, Francisco Roncagliolo Lepio, puso en valor este proyecto que inicia sus obras y agradeci\u00f3 el respaldo del Gobierno Regional para poder concretarlo.<\/p>\n<p style=\"text-align: justify;\">\u201cComo Comuna, como municipio como Alcalde estamos muy contentos por esta actividad, por esta ceremonia en la cual nosotros entregamos el terreno para la construcci\u00f3n de este Cuartel General y de la Primera Compa\u00f1\u00eda de Bomberos de Puerto Cisnes. Cambia el est\u00e1ndar, es mucho m\u00e1s elaborado, permite mayor movilidad, mejor trabajo, mejor capacidad de reacci\u00f3n tambi\u00e9n a nuestros bomberos, y que sabemos tambi\u00e9n que va a trasmitir tranquilidad a nuestros vecinos. Esta es una aspiraci\u00f3n de muchos a\u00f1os que tiene bomberos de Puerto Cisnes, y por lo mismo, nosotros estamos muy contentos de haber partido este trabajo, de haber tomado este trabajo en ese camino de tanto a\u00f1os que llevan ellos, y hoy d\u00eda con el apoyo del Gobierno Regional con sus concejeros regionales, decir que ese sue\u00f1o, esa aspiraci\u00f3n est\u00e1 cumplida. As\u00ed que agradecimiento a la confianza, a la paciencia de los Bomberos de nuestra comuna y tambi\u00e9n agradecimiento especial al Gobierno Regional, a cada uno de sus Concejeros, a la Gobernadora, y a sus equipos tambi\u00e9n que nos han permitido avanzar y han apoyado siempre nuestra comuna de Cisnes\u201d.<\/p>\n<p style=\"text-align: justify;\">En representaci\u00f3n de la Gobernadora Regional estuvo en la ceremonia, Francisco Lara, jefe de la divisi\u00f3n de planificaci\u00f3n y desarrollo regional del gobierno regional de Ays\u00e9n, quien relev\u00f3 la inversi\u00f3n y el trabajo junto al equipo del Municipio.<\/p>\n<p style=\"text-align: justify;\">\u201cMuy contento de esta entrega de terreno, de poder concretar este proyecto anhelado por el Cuerpo de Bomberos de Cisnes, que va albergar este Cuartel General de los bomberos de la comuna y tambi\u00e9n de la Primera Compa\u00f1\u00eda. Este es un proyecto financiado por el Gobierno Regional por m\u00e1s de $680 millones de pesos, 500 metros de infraestructura, que va dignificar el trabajo que realiza bomberos en la comuna. As\u00ed es que, muy contentos traemos los saludos de nuestra gobernadora, Andrea Mac\u00edas, a la comuna de Cisnes, muy contenta adem\u00e1s ella de haber trasmitido el poder comenzar a ejecutar esta obra tan anhelada por mucho tiempo ac\u00e1 en la comuna\u201d.<\/p>\n<p style=\"text-align: justify;\">Por su parte la Concejala, Ximena Arevalo, destac\u00f3 el beneficio que significa para la comunidad contar con un cuartel de Bomberos en pleno centro de la ciudad.<\/p>\n<p style=\"text-align: justify;\">\u201cHoy ha sido un d\u00eda de mucha alegr\u00eda, especialmente porque se hace la entrega de terreno al Cuerpo de Bomberos, sin duda es un tremendo avance no solo para el Cuerpo de Bomberos sino para el beneficio de toda la comunidad. Aqu\u00ed pudimos ver que, sin duda hubo un trabajo mancomunado entre el Municipio, el Gobierno regional y con el apoyo de los Concejeros, lo cual se agradece mucho. Aqu\u00ed hay un trabajo de varios actores, donde est\u00e1 tambi\u00e9n el equipo municipal que sin duda tratan d\u00eda a d\u00eda de mejorar todo lo que es la comuna, as\u00ed que muy feliz gratamente hemos recibido muy buenas noticias y esperamos seguir avanzando apoyando en todo lo que se requiera a proyectos y beneficios para nuestras personas\u201d.<\/p>\n<p style=\"text-align: justify;\">Para el Capit\u00e1n de la Primera Compa\u00f1\u00eda de Bomberos de Puerto Cisnes, Fernando \u00d1ancupel, este era un proyecto que buscaban concretar hace muchos a\u00f1os y valor\u00f3 que haya sido el Alcalde Roncagliolo, quien haya decidido sacarlo adelante. Relevando, adem\u00e1s, el apoyo de la Junta Nacional de Bomberos durante todo el proceso previo.<\/p>\n<p style=\"text-align: justify;\">\u201cEstamos muy y profundamente agradecidos por el tremendo apoyo, lo que se traduce que hoy en d\u00eda se comience a ejecutar esta obra de Cuartel de la Primera Compa\u00f1\u00eda y Cuartel General del Cuerpo, agradecer al Alcalde por haber cre\u00eddo en esta idea y poder materializar para que hoy el Gobierno Regional lo financie y se est\u00e9 ejecutando. Agradecer tambi\u00e9n a la Junta Nacional de Bomberos por haber sido parte importante del proyecto, y simplemente tengo de decirle que estamos muy felices porque fueron muchos a\u00f1os de espera\u201d.<\/p>\n<p style=\"text-align: justify;\">En la entrega de terreno tambi\u00e9n estuvieron presentes algunos dirigentes, es el caso de, Cristian Suazo, quien represent\u00f3 a la junta de vecinos barrio alto de Cisnes y se mostr\u00f3 feliz de la iniciativa que est\u00e1 comenzando. \u201cEstoy muy contento como habitante de Puerto Cisnes y como Junta de Vecinos, veo que es un proyecto muy grande, se nota que hubo un esfuerzo para conseguir estos fondos. Felices por los Bomberos y tambi\u00e9n por la comunidad, ya que vamos a tener un mejor cuartel, bien emplazado y con buena infraestructura\u201d.<\/p>\n<p style=\"text-align: justify;\">El Cuartel General y de la Primera Compa\u00f1\u00eda de Bomberos de Puerto Cisnes, considera salas de m\u00e1quinas para los carros bomba, con guardias nocturnas de hombres y mujeres, una central de alarma que va a conectar a toda la comuna de Cisnes, una casa para el cuartelero y todas las comodidades que se merecen los \u201cchicos y chicas buenas\u201d.<\/p>\n<\/div><\/section><\/div><div  style='height:50px' class='hr hr-invisible   avia-builder-el-6  el_after_av_one_full  el_before_av_social_share '><span class='hr-inner ' ><span class='hr-inner-style'><\/span><\/span><\/div><\/p>\n<div  class='av-social-sharing-box  avia-builder-el-7  el_after_av_hr  el_before_av_hr  '><div class='av-share-box'><h5 class='av-share-link-description av-no-toc '>Compartir esta noticia<\/h5><ul class='av-share-box-list noLightbox'><li class='av-share-link av-social-link-facebook' ><a target=\"_blank\" aria-label=\"Compartir en Facebook\" href='https:\/\/www.facebook.com\/sharer.php?u=https:\/\/radiorevelacionfm.cl\/?p=13543&#038;t=Entregan%20terreno%20a%20empresa%20que%20construir%C3%A1%20cuartel%20de%20Bomberos%20en%20Puerto%20Cisnes' aria-hidden='false' data-av_icon='\ue8f3' data-av_iconfont='entypo-fontello' title='' data-avia-related-tooltip='Compartir en Facebook' rel=\"noopener\"><span class='avia_hidden_link_text'>Compartir en Facebook<\/span><\/a><\/li><li class='av-share-link av-social-link-twitter' ><a target=\"_blank\" aria-label=\"Compartir en Twitter\" href='https:\/\/twitter.com\/share?text=Entregan%20terreno%20a%20empresa%20que%20construir%C3%A1%20cuartel%20de%20Bomberos%20en%20Puerto%20Cisnes&#038;url=https:\/\/radiorevelacionfm.cl\/?p=13543' aria-hidden='false' data-av_icon='\ue8f1' data-av_iconfont='entypo-fontello' title='' data-avia-related-tooltip='Compartir en Twitter' rel=\"noopener\"><span class='avia_hidden_link_text'>Compartir en Twitter<\/span><\/a><\/li><li class='av-share-link av-social-link-whatsapp' ><a target=\"_blank\" aria-label=\"Compartir en Whatsapp\" href='https:\/\/api.whatsapp.com\/send?text=https:\/\/radiorevelacionfm.cl\/?p=13543' aria-hidden='false' data-av_icon='\uf232' data-av_iconfont='entypo-fontello' title='' data-avia-related-tooltip='Compartir en Whatsapp' rel=\"noopener\"><span class='avia_hidden_link_text'>Compartir en Whatsapp<\/span><\/a><\/li><li class='av-share-link av-social-link-linkedin' ><a target=\"_blank\" aria-label=\"Compartir en LinkedIn\" href='https:\/\/linkedin.com\/shareArticle?mini=true&#038;title=Entregan%20terreno%20a%20empresa%20que%20construir%C3%A1%20cuartel%20de%20Bomberos%20en%20Puerto%20Cisnes&#038;url=https:\/\/radiorevelacionfm.cl\/?p=13543' aria-hidden='false' data-av_icon='\ue8fc' data-av_iconfont='entypo-fontello' title='' data-avia-related-tooltip='Compartir en LinkedIn' rel=\"noopener\"><span class='avia_hidden_link_text'>Compartir en LinkedIn<\/span><\/a><\/li><li class='av-share-link av-social-link-mail' ><a  aria-label=\"Compartir por correo\" href='mailto:?subject=Entregan%20terreno%20a%20empresa%20que%20construir%C3%A1%20cuartel%20de%20Bomberos%20en%20Puerto%20Cisnes&#038;body=https:\/\/radiorevelacionfm.cl\/?p=13543' aria-hidden='false' data-av_icon='\ue805' data-av_iconfont='entypo-fontello' title='' data-avia-related-tooltip='Compartir por correo'><span class='avia_hidden_link_text'>Compartir por correo<\/span><\/a><\/li><\/ul><\/div><\/div>\n<div  style='height:50px' class='hr hr-invisible   avia-builder-el-8  el_after_av_social_share  el_before_av_comments_list '><span class='hr-inner ' ><span class='hr-inner-style'><\/span><\/span><\/div>\n<div  class='av-buildercomment  av-blog-meta-html-info-disabled av-blog-meta-tag-disabled  '><\/div>\n","protected":false},"excerpt":{"rendered":"","protected":false},"author":1,"featured_media":13544,"comment_status":"open","ping_status":"open","sticky":false,"template":"","format":"standard","meta":{"footnotes":""},"categories":[38],"tags":[],"class_list":["post-13543","post","type-post","status-publish","format-standard","has-post-thumbnail","hentry","category-regional"],"jetpack_featured_media_url":"https:\/\/radiorevelacionfm.cl\/wp-content\/uploads\/2022\/02\/TERRENO-CUARTEL-2-2.jpeg","_links":{"self":[{"href":"https:\/\/radiorevelacionfm.cl\/index.php?rest_route=\/wp\/v2\/posts\/13543","targetHints":{"allow":["GET"]}}],"collection":[{"href":"https:\/\/radiorevelacionfm.cl\/index.php?rest_route=\/wp\/v2\/posts"}],"about":[{"href":"https:\/\/radiorevelacionfm.cl\/index.php?rest_route=\/wp\/v2\/types\/post"}],"author":[{"embeddable":true,"href":"https:\/\/radiorevelacionfm.cl\/index.php?rest_route=\/wp\/v2\/users\/1"}],"replies":[{"embeddable":true,"href":"https:\/\/radiorevelacionfm.cl\/index.php?rest_route=%2Fwp%2Fv2%2Fcomments&post=13543"}],"version-history":[{"count":2,"href":"https:\/\/radiorevelacionfm.cl\/index.php?rest_route=\/wp\/v2\/posts\/13543\/revisions"}],"predecessor-version":[{"id":13546,"href":"https:\/\/radiorevelacionfm.cl\/index.php?rest_route=\/wp\/v2\/posts\/13543\/revisions\/13546"}],"wp:featuredmedia":[{"embeddable":true,"href":"https:\/\/radiorevelacionfm.cl\/index.php?rest_route=\/wp\/v2\/media\/13544"}],"wp:attachment":[{"href":"https:\/\/radiorevelacionfm.cl\/index.php?rest_route=%2Fwp%2Fv2%2Fmedia&parent=13543"}],"wp:term":[{"taxonomy":"category","embeddable":true,"href":"https:\/\/radiorevelacionfm.cl\/index.php?rest_route=%2Fwp%2Fv2%2Fcategories&post=13543"},{"taxonomy":"post_tag","embeddable":true,"href":"https:\/\/radiorevelacionfm.cl\/index.php?rest_route=%2Fwp%2Fv2%2Ftags&post=13543"}],"curies":[{"name":"wp","href":"https:\/\/api.w.org\/{rel}","templated":true}]}}