{"id":13537,"date":"2022-02-05T11:50:29","date_gmt":"2022-02-05T14:50:29","guid":{"rendered":"https:\/\/radiorevelacionfm.cl\/?p=13537"},"modified":"2022-02-05T11:50:29","modified_gmt":"2022-02-05T14:50:29","slug":"documental-pioneros-del-fuego-fue-estrenado-con-gran-audiencia-telematica-desde-puerto-aysen","status":"publish","type":"post","link":"https:\/\/radiorevelacionfm.cl\/?p=13537","title":{"rendered":"Documental Pioneros del fuego fue estrenado con gran audiencia telem\u00e1tica desde Puerto Ays\u00e9n"},"content":{"rendered":"<div class=\"flex_column av_one_full  flex_column_div av-zero-column-padding first  avia-builder-el-0  el_before_av_one_full  avia-builder-el-first  \" style='border-radius:0px; '><div  class='avia-image-container  av-styling-    avia-builder-el-1  avia-builder-el-no-sibling  avia-align-center '  itemprop=\"image\" itemscope=\"itemscope\" itemtype=\"https:\/\/schema.org\/ImageObject\"  ><div class='avia-image-container-inner'><div class='avia-image-overlay-wrap'><img decoding=\"async\" class='wp-image-13538 avia-img-lazy-loading-not-13538 avia_image' src=\"https:\/\/radiorevelacionfm.cl\/wp-content\/uploads\/2022\/02\/image-39-2.jpg\" alt='' title='image-39-2' height=\"600\" width=\"621\"  itemprop=\"thumbnailUrl\" srcset=\"https:\/\/radiorevelacionfm.cl\/wp-content\/uploads\/2022\/02\/image-39-2.jpg 621w, https:\/\/radiorevelacionfm.cl\/wp-content\/uploads\/2022\/02\/image-39-2-300x290.jpg 300w, https:\/\/radiorevelacionfm.cl\/wp-content\/uploads\/2022\/02\/image-39-2-36x36.jpg 36w, https:\/\/radiorevelacionfm.cl\/wp-content\/uploads\/2022\/02\/image-39-2-600x580.jpg 600w\" sizes=\"(max-width: 621px) 100vw, 621px\" \/><\/div><\/div><\/div><\/div><div class=\"flex_column av_one_full  flex_column_div av-zero-column-padding first  avia-builder-el-2  el_after_av_one_full  el_before_av_one_full  column-top-margin\" style='border-radius:0px; '><section class=\"av_textblock_section \"  itemscope=\"itemscope\" itemtype=\"https:\/\/schema.org\/BlogPosting\" itemprop=\"blogPost\" ><div class='avia_textblock  '   itemprop=\"text\" ><p style=\"text-align: center;\"><span style=\"font-size: 18pt;\"><strong>Documental Pioneros del fuego fue estrenado con gran audiencia telem\u00e1tica desde Puerto Ays\u00e9n<\/strong><\/span><\/p>\n<div id=\"gtx-trans\" style=\"position: absolute; left: -50px; top: 4.31534px;\">\n<div class=\"gtx-trans-icon\"><\/div>\n<\/div>\n<\/div><\/section><\/div><div class=\"flex_column av_one_full  flex_column_div av-zero-column-padding first  avia-builder-el-4  el_after_av_one_full  el_before_av_hr  column-top-margin\" style='border-radius:0px; '><section class=\"av_textblock_section \"  itemscope=\"itemscope\" itemtype=\"https:\/\/schema.org\/BlogPosting\" itemprop=\"blogPost\" ><div class='avia_textblock  '   itemprop=\"text\" ><p style=\"text-align: justify;\">En el contexto del 91 aniversario del Cuerpo de Bomberos de Puerto Ays\u00e9n se estren\u00f3 a trav\u00e9s de las redes sociales de la Ilustre Municipalidad de Ays\u00e9n en colaboraci\u00f3n con los Canales 40 Genial TV, 67 de Puerto Ays\u00e9n y Santa Mar\u00eda; el material desarrollado por el documentalista aysenino, Rolando Schmitd, denominado \u201cPioneros del Fuego: Legado Rural\u201d. Una pieza audiovisual que a trav\u00e9s de un relato completo permite a la comunidad entender el nacimiento de los distintos cuerpos bomberiles que se encuentran en la Patagonia \u2013 Ays\u00e9n obteniendo m\u00e1s de 300 visualizaciones simultaneas. Esta iniciativa fue posible de desarrollar gracias al financiamiento otorgado en el 6% de Cultura del Gobierno Regional de Ays\u00e9n y su Consejo.<\/p>\n<p style=\"text-align: justify;\">Frente al \u00e9xito que tuvo el estreno, el alcalde de Ays\u00e9n, Julio Uribe Alvarado, destac\u00f3 su agradecimiento a los voluntarios que formaron parte de esta instancia a trav\u00e9s de relatos en las zonas apartadas de la Regi\u00f3n, \u201cpara el municipio de Ays\u00e9n es muy importante que se haya estrenado en el Polideportivo y agradecer ese tremendo trabajo que est\u00e1 haciendo Rolando dejando este testimonio de vida de las diferentes desgracias que han ocurrido donde han participado los voluntarios. As\u00ed es que, agradecer, el municipio de todas maneras seguir\u00e1 apoyando este tipo de iniciativas para dejar documentada la historia de nuestra regi\u00f3n en material audiovisual\u201d, expres\u00f3 el l\u00edder comunal.<\/p>\n<p style=\"text-align: justify;\">Por su parte, el documentalista y realizador, Rolando Schmidt, detall\u00f3 que desde el momento en que concibi\u00f3 realizar esta pieza audiovisual busc\u00f3 apostar por una mirada patrimonial, que a su juicio \u201ces un poco m\u00e1s lenta, pero que cuenta este esfuerzo que en el fondo retrata el nacimiento de la instituci\u00f3n a trav\u00e9s de la comunidad\u201d, agregando que tras esto se construyeron tres eventos concordantes en costos, motivaciones y acontecimientos de alta connotaci\u00f3n regional que permitieron entender tambi\u00e9n el devenir de las compa\u00f1\u00edas y la reacci\u00f3n que poseen sus voluntarios.<\/p>\n<p style=\"text-align: justify;\">\u201cTodo eso surgi\u00f3 de manera espontanea, yo tengo que dar las gracias a Dios de que en el momento cuando conversamos con Bomberos se da este florecer y comienzan a aparecer todas estas historias y emociones y por eso es que el gran desaf\u00edo de este trabajo viene despu\u00e9s en c\u00f3mo t\u00fa desarrollas el guion, una vez que ya tienes las entrevistas y logras ensamblarlo en todo este concepto y de todas formas\u201d, argument\u00f3 Schmidt, quien tambi\u00e9n explic\u00f3 que el material audiovisual estar\u00e1 disponible para su revisi\u00f3n en las redes sociales del municipio y de Artphoetry Studio en Youtube.<\/p>\n<p style=\"text-align: justify;\">En tanto, el comandante del Cuerpo de Bomberos de Puerto Ays\u00e9n, Luis Mart\u00ednez Gallardo, enfatiz\u00f3 la importancia de contar con este producto documental para quienes como \u00e9l llevan m\u00e1s de 50 a\u00f1os formando parte de las filas de la instituci\u00f3n. \u201cLa verdad es que es un documento que nos llama mucho la atenci\u00f3n y que ha ido plasmando la historia de los bomberos, se ha ido mejorando, Rolando se ha ido interiorizando m\u00e1s de nuestra forma de ser y eso nos permite retratar la historia de los bomberos rurales\u201d.<\/p>\n<p style=\"text-align: justify;\">Finalmente, el Superintendente del Cuerpo de Bomberos de Chile Chico, Miguel Gatica Said, se mostr\u00f3 agradecido de la historia expuesta de los y las voluntarias en toda la Regi\u00f3n de Ays\u00e9n, \u201cpara nosotros haber aparecido ah\u00ed y mostrar lo que somos y c\u00f3mo nacimos, d\u00f3nde estamos y qu\u00e9 es lo que nos motiva ha sido maravilloso y se agradece que nos hayan considerado\u201d, sentenci\u00f3 el personero de Bomberos.<\/p>\n<\/div><\/section><\/div><div  style='height:50px' class='hr hr-invisible   avia-builder-el-6  el_after_av_one_full  el_before_av_social_share '><span class='hr-inner ' ><span class='hr-inner-style'><\/span><\/span><\/div><\/p>\n<div  class='av-social-sharing-box  avia-builder-el-7  el_after_av_hr  el_before_av_hr  '><div class='av-share-box'><h5 class='av-share-link-description av-no-toc '>Compartir esta noticia<\/h5><ul class='av-share-box-list noLightbox'><li class='av-share-link av-social-link-facebook' ><a target=\"_blank\" aria-label=\"Compartir en Facebook\" href='https:\/\/www.facebook.com\/sharer.php?u=https:\/\/radiorevelacionfm.cl\/?p=13537&#038;t=Documental%20Pioneros%20del%20fuego%20fue%20estrenado%20con%20gran%20audiencia%20telem%C3%A1tica%20desde%20Puerto%20Ays%C3%A9n' aria-hidden='false' data-av_icon='\ue8f3' data-av_iconfont='entypo-fontello' title='' data-avia-related-tooltip='Compartir en Facebook' rel=\"noopener\"><span class='avia_hidden_link_text'>Compartir en Facebook<\/span><\/a><\/li><li class='av-share-link av-social-link-twitter' ><a target=\"_blank\" aria-label=\"Compartir en Twitter\" href='https:\/\/twitter.com\/share?text=Documental%20Pioneros%20del%20fuego%20fue%20estrenado%20con%20gran%20audiencia%20telem%C3%A1tica%20desde%20Puerto%20Ays%C3%A9n&#038;url=https:\/\/radiorevelacionfm.cl\/?p=13537' aria-hidden='false' data-av_icon='\ue8f1' data-av_iconfont='entypo-fontello' title='' data-avia-related-tooltip='Compartir en Twitter' rel=\"noopener\"><span class='avia_hidden_link_text'>Compartir en Twitter<\/span><\/a><\/li><li class='av-share-link av-social-link-whatsapp' ><a target=\"_blank\" aria-label=\"Compartir en Whatsapp\" href='https:\/\/api.whatsapp.com\/send?text=https:\/\/radiorevelacionfm.cl\/?p=13537' aria-hidden='false' data-av_icon='\uf232' data-av_iconfont='entypo-fontello' title='' data-avia-related-tooltip='Compartir en Whatsapp' rel=\"noopener\"><span class='avia_hidden_link_text'>Compartir en Whatsapp<\/span><\/a><\/li><li class='av-share-link av-social-link-linkedin' ><a target=\"_blank\" aria-label=\"Compartir en LinkedIn\" href='https:\/\/linkedin.com\/shareArticle?mini=true&#038;title=Documental%20Pioneros%20del%20fuego%20fue%20estrenado%20con%20gran%20audiencia%20telem%C3%A1tica%20desde%20Puerto%20Ays%C3%A9n&#038;url=https:\/\/radiorevelacionfm.cl\/?p=13537' aria-hidden='false' data-av_icon='\ue8fc' data-av_iconfont='entypo-fontello' title='' data-avia-related-tooltip='Compartir en LinkedIn' rel=\"noopener\"><span class='avia_hidden_link_text'>Compartir en LinkedIn<\/span><\/a><\/li><li class='av-share-link av-social-link-mail' ><a  aria-label=\"Compartir por correo\" href='mailto:?subject=Documental%20Pioneros%20del%20fuego%20fue%20estrenado%20con%20gran%20audiencia%20telem%C3%A1tica%20desde%20Puerto%20Ays%C3%A9n&#038;body=https:\/\/radiorevelacionfm.cl\/?p=13537' aria-hidden='false' data-av_icon='\ue805' data-av_iconfont='entypo-fontello' title='' data-avia-related-tooltip='Compartir por correo'><span class='avia_hidden_link_text'>Compartir por correo<\/span><\/a><\/li><\/ul><\/div><\/div>\n<div  style='height:50px' class='hr hr-invisible   avia-builder-el-8  el_after_av_social_share  el_before_av_comments_list '><span class='hr-inner ' ><span class='hr-inner-style'><\/span><\/span><\/div>\n<div  class='av-buildercomment  av-blog-meta-html-info-disabled av-blog-meta-tag-disabled  '><\/div>\n","protected":false},"excerpt":{"rendered":"","protected":false},"author":1,"featured_media":13538,"comment_status":"open","ping_status":"open","sticky":false,"template":"","format":"standard","meta":{"footnotes":""},"categories":[38],"tags":[],"class_list":["post-13537","post","type-post","status-publish","format-standard","has-post-thumbnail","hentry","category-regional"],"jetpack_featured_media_url":"https:\/\/radiorevelacionfm.cl\/wp-content\/uploads\/2022\/02\/image-39-2.jpg","_links":{"self":[{"href":"https:\/\/radiorevelacionfm.cl\/index.php?rest_route=\/wp\/v2\/posts\/13537","targetHints":{"allow":["GET"]}}],"collection":[{"href":"https:\/\/radiorevelacionfm.cl\/index.php?rest_route=\/wp\/v2\/posts"}],"about":[{"href":"https:\/\/radiorevelacionfm.cl\/index.php?rest_route=\/wp\/v2\/types\/post"}],"author":[{"embeddable":true,"href":"https:\/\/radiorevelacionfm.cl\/index.php?rest_route=\/wp\/v2\/users\/1"}],"replies":[{"embeddable":true,"href":"https:\/\/radiorevelacionfm.cl\/index.php?rest_route=%2Fwp%2Fv2%2Fcomments&post=13537"}],"version-history":[{"count":2,"href":"https:\/\/radiorevelacionfm.cl\/index.php?rest_route=\/wp\/v2\/posts\/13537\/revisions"}],"predecessor-version":[{"id":13547,"href":"https:\/\/radiorevelacionfm.cl\/index.php?rest_route=\/wp\/v2\/posts\/13537\/revisions\/13547"}],"wp:featuredmedia":[{"embeddable":true,"href":"https:\/\/radiorevelacionfm.cl\/index.php?rest_route=\/wp\/v2\/media\/13538"}],"wp:attachment":[{"href":"https:\/\/radiorevelacionfm.cl\/index.php?rest_route=%2Fwp%2Fv2%2Fmedia&parent=13537"}],"wp:term":[{"taxonomy":"category","embeddable":true,"href":"https:\/\/radiorevelacionfm.cl\/index.php?rest_route=%2Fwp%2Fv2%2Fcategories&post=13537"},{"taxonomy":"post_tag","embeddable":true,"href":"https:\/\/radiorevelacionfm.cl\/index.php?rest_route=%2Fwp%2Fv2%2Ftags&post=13537"}],"curies":[{"name":"wp","href":"https:\/\/api.w.org\/{rel}","templated":true}]}}