{"id":13531,"date":"2022-02-04T19:01:44","date_gmt":"2022-02-04T22:01:44","guid":{"rendered":"https:\/\/radiorevelacionfm.cl\/?p=13531"},"modified":"2022-02-04T19:01:44","modified_gmt":"2022-02-04T22:01:44","slug":"delegado-ortiz-llama-a-trabajar-unidos-la-seguridad-publica-es-tarea-de-todos-inclusive-lo-hemos-trabajado-con-el-municipio-de-aysen","status":"publish","type":"post","link":"https:\/\/radiorevelacionfm.cl\/?p=13531","title":{"rendered":"Delegado Ortiz llama a trabajar unidos: \u201cLa Seguridad P\u00fablica es tarea de todos, inclusive lo hemos trabajado con el municipio de Ays\u00e9n\u201d"},"content":{"rendered":"<div class=\"flex_column av_one_full  flex_column_div av-zero-column-padding first  avia-builder-el-0  el_before_av_one_full  avia-builder-el-first  \" style='border-radius:0px; '><div  class='avia-image-container  av-styling-    avia-builder-el-1  avia-builder-el-no-sibling  avia-align-center '  itemprop=\"image\" itemscope=\"itemscope\" itemtype=\"https:\/\/schema.org\/ImageObject\"  ><div class='avia-image-container-inner'><div class='avia-image-overlay-wrap'><img decoding=\"async\" class='wp-image-13532 avia-img-lazy-loading-not-13532 avia_image' src=\"https:\/\/radiorevelacionfm.cl\/wp-content\/uploads\/2022\/02\/bd0053d6-95d8-410d-8605-aa9bff48e835-2_optimized.jpg\" alt='' title='bd0053d6-95d8-410d-8605-aa9bff48e835-2_optimized' height=\"600\" width=\"802\"  itemprop=\"thumbnailUrl\" srcset=\"https:\/\/radiorevelacionfm.cl\/wp-content\/uploads\/2022\/02\/bd0053d6-95d8-410d-8605-aa9bff48e835-2_optimized.jpg 802w, https:\/\/radiorevelacionfm.cl\/wp-content\/uploads\/2022\/02\/bd0053d6-95d8-410d-8605-aa9bff48e835-2_optimized-300x224.jpg 300w, https:\/\/radiorevelacionfm.cl\/wp-content\/uploads\/2022\/02\/bd0053d6-95d8-410d-8605-aa9bff48e835-2_optimized-768x575.jpg 768w, https:\/\/radiorevelacionfm.cl\/wp-content\/uploads\/2022\/02\/bd0053d6-95d8-410d-8605-aa9bff48e835-2_optimized-705x527.jpg 705w, https:\/\/radiorevelacionfm.cl\/wp-content\/uploads\/2022\/02\/bd0053d6-95d8-410d-8605-aa9bff48e835-2_optimized-600x449.jpg 600w\" sizes=\"(max-width: 802px) 100vw, 802px\" \/><\/div><\/div><\/div><\/div>\n<div class=\"flex_column av_one_full  flex_column_div av-zero-column-padding first  avia-builder-el-2  el_after_av_one_full  el_before_av_one_full  column-top-margin\" style='border-radius:0px; '><section class=\"av_textblock_section \"  itemscope=\"itemscope\" itemtype=\"https:\/\/schema.org\/BlogPosting\" itemprop=\"blogPost\" ><div class='avia_textblock  '   itemprop=\"text\" ><p style=\"text-align: center;\"><span style=\"font-size: 18pt;\"><strong>Delegado Ortiz llama a trabajar unidos: \u201cLa Seguridad P\u00fablica es tarea de todos, inclusive lo hemos trabajado con el municipio de Ays\u00e9n\u201d<\/strong><\/span><\/p>\n<div id=\"gtx-trans\" style=\"position: absolute; left: -50px; top: 4.31534px;\">\n<div class=\"gtx-trans-icon\"><\/div>\n<\/div>\n<\/div><\/section><\/div><div class=\"flex_column av_one_full  flex_column_div av-zero-column-padding first  avia-builder-el-4  el_after_av_one_full  el_before_av_hr  column-top-margin\" style='border-radius:0px; '><section class=\"av_textblock_section \"  itemscope=\"itemscope\" itemtype=\"https:\/\/schema.org\/BlogPosting\" itemprop=\"blogPost\" ><div class='avia_textblock  '   itemprop=\"text\" ><p style=\"text-align: justify;\">A trav\u00e9s de algunos medios de comunicaci\u00f3n Marcos Co\u00f1uecar encargado de seguridad p\u00fablica municipal refer\u00eda al trabajo que est\u00e1n realizando en torno a las c\u00e1maras de televigilancia, en donde refiere que estos elementos son un aporte real a la seguridad p\u00fablica, en este sentido el Delegado Presidencial en la provincia Manuel Ortiz indica lo siguiente \u201cno podemos desconocer el trabajo que ha realizado la Municipalidad en cuanto a las c\u00e1maras de televigilancia, pero el se\u00f1or Co\u00f1uecar no puede decir que solamente aquello es un aporte real a la seguridad p\u00fablica, <strong>\u00bfentonces el trabajo que hemos realizado con todos los servicios p\u00fablicos que trabajan en esta materia en cuanto a la prevenci\u00f3n, \u00a0no es real?, <\/strong>la seguridad p\u00fablica es tarea de todos, inclusive le hago recuerdo que hemos trabajado en muchas campa\u00f1as informativas con el mismo municipio\u201d.<\/p>\n<p style=\"text-align: justify;\">En cuanto al llamado a trabajar unidos junto a la Gobernadora Regional el Delegado Presidencial indicaba \u201cen estos meses que lleva creada la oficina de seguridad p\u00fablica municipal en ning\u00fan momento se ha acercado a esta Delegaci\u00f3n Presidencial el encargado a plantearnos formalmente estas inquietudes y en la que no desconocemos su importancia, el funcionario municipal sabe d\u00f3nde trabajo y tiene mi n\u00famero personal, no es necesario hacer estas declaraciones por la prensa\u201d.<\/p>\n<p style=\"text-align: justify;\">Finalmente el DPP Ays\u00e9n se\u00f1alaba \u201chacer recuerdo que en el mes de diciembre del a\u00f1o 2021 estuvo en Puerto Ays\u00e9n la Subsecretaria de Seguridad de Prevenci\u00f3n del Delito, Mar\u00eda Jos\u00e9 G\u00f3mez qui\u00e9n inaugur\u00f3 siete c\u00e1maras junto al Alcalde, todo esto enmarcado en el programa de Gobierno del Presidente Sebasti\u00e1n Pi\u00f1era <strong><em>\u201cCalle Segura\u201d.<\/em><\/strong><\/p>\n<\/div><\/section><\/div><\/p>\n<div  style='height:50px' class='hr hr-invisible   avia-builder-el-6  el_after_av_one_full  el_before_av_social_share '><span class='hr-inner ' ><span class='hr-inner-style'><\/span><\/span><\/div>\n<div  class='av-social-sharing-box  avia-builder-el-7  el_after_av_hr  el_before_av_hr  '><div class='av-share-box'><h5 class='av-share-link-description av-no-toc '>Compartir esta noticia<\/h5><ul class='av-share-box-list noLightbox'><li class='av-share-link av-social-link-facebook' ><a target=\"_blank\" aria-label=\"Compartir en Facebook\" href='https:\/\/www.facebook.com\/sharer.php?u=https:\/\/radiorevelacionfm.cl\/?p=13531&#038;t=Delegado%20Ortiz%20llama%20a%20trabajar%20unidos%3A%20%E2%80%9CLa%20Seguridad%20P%C3%BAblica%20es%20tarea%20de%20todos%2C%20inclusive%20lo%20hemos%20trabajado%20con%20el%20municipio%20de%20Ays%C3%A9n%E2%80%9D' aria-hidden='false' data-av_icon='\ue8f3' data-av_iconfont='entypo-fontello' title='' data-avia-related-tooltip='Compartir en Facebook' rel=\"noopener\"><span class='avia_hidden_link_text'>Compartir en Facebook<\/span><\/a><\/li><li class='av-share-link av-social-link-twitter' ><a target=\"_blank\" aria-label=\"Compartir en Twitter\" href='https:\/\/twitter.com\/share?text=Delegado%20Ortiz%20llama%20a%20trabajar%20unidos%3A%20%E2%80%9CLa%20Seguridad%20P%C3%BAblica%20es%20tarea%20de%20todos%2C%20inclusive%20lo%20hemos%20trabajado%20con%20el%20municipio%20de%20Ays%C3%A9n%E2%80%9D&#038;url=https:\/\/radiorevelacionfm.cl\/?p=13531' aria-hidden='false' data-av_icon='\ue8f1' data-av_iconfont='entypo-fontello' title='' data-avia-related-tooltip='Compartir en Twitter' rel=\"noopener\"><span class='avia_hidden_link_text'>Compartir en Twitter<\/span><\/a><\/li><li class='av-share-link av-social-link-whatsapp' ><a target=\"_blank\" aria-label=\"Compartir en Whatsapp\" href='https:\/\/api.whatsapp.com\/send?text=https:\/\/radiorevelacionfm.cl\/?p=13531' aria-hidden='false' data-av_icon='\uf232' data-av_iconfont='entypo-fontello' title='' data-avia-related-tooltip='Compartir en Whatsapp' rel=\"noopener\"><span class='avia_hidden_link_text'>Compartir en Whatsapp<\/span><\/a><\/li><li class='av-share-link av-social-link-linkedin' ><a target=\"_blank\" aria-label=\"Compartir en LinkedIn\" href='https:\/\/linkedin.com\/shareArticle?mini=true&#038;title=Delegado%20Ortiz%20llama%20a%20trabajar%20unidos%3A%20%E2%80%9CLa%20Seguridad%20P%C3%BAblica%20es%20tarea%20de%20todos%2C%20inclusive%20lo%20hemos%20trabajado%20con%20el%20municipio%20de%20Ays%C3%A9n%E2%80%9D&#038;url=https:\/\/radiorevelacionfm.cl\/?p=13531' aria-hidden='false' data-av_icon='\ue8fc' data-av_iconfont='entypo-fontello' title='' data-avia-related-tooltip='Compartir en LinkedIn' rel=\"noopener\"><span class='avia_hidden_link_text'>Compartir en LinkedIn<\/span><\/a><\/li><li class='av-share-link av-social-link-mail' ><a  aria-label=\"Compartir por correo\" href='mailto:?subject=Delegado%20Ortiz%20llama%20a%20trabajar%20unidos%3A%20%E2%80%9CLa%20Seguridad%20P%C3%BAblica%20es%20tarea%20de%20todos%2C%20inclusive%20lo%20hemos%20trabajado%20con%20el%20municipio%20de%20Ays%C3%A9n%E2%80%9D&#038;body=https:\/\/radiorevelacionfm.cl\/?p=13531' aria-hidden='false' data-av_icon='\ue805' data-av_iconfont='entypo-fontello' title='' data-avia-related-tooltip='Compartir por correo'><span class='avia_hidden_link_text'>Compartir por correo<\/span><\/a><\/li><\/ul><\/div><\/div>\n<div  style='height:50px' class='hr hr-invisible   avia-builder-el-8  el_after_av_social_share  el_before_av_comments_list '><span class='hr-inner ' ><span class='hr-inner-style'><\/span><\/span><\/div>\n<div  class='av-buildercomment  av-blog-meta-html-info-disabled av-blog-meta-tag-disabled  '><\/div>\n","protected":false},"excerpt":{"rendered":"","protected":false},"author":1,"featured_media":13532,"comment_status":"open","ping_status":"open","sticky":false,"template":"","format":"standard","meta":{"footnotes":""},"categories":[38],"tags":[],"class_list":["post-13531","post","type-post","status-publish","format-standard","has-post-thumbnail","hentry","category-regional"],"jetpack_featured_media_url":"https:\/\/radiorevelacionfm.cl\/wp-content\/uploads\/2022\/02\/bd0053d6-95d8-410d-8605-aa9bff48e835-2_optimized.jpg","_links":{"self":[{"href":"https:\/\/radiorevelacionfm.cl\/index.php?rest_route=\/wp\/v2\/posts\/13531","targetHints":{"allow":["GET"]}}],"collection":[{"href":"https:\/\/radiorevelacionfm.cl\/index.php?rest_route=\/wp\/v2\/posts"}],"about":[{"href":"https:\/\/radiorevelacionfm.cl\/index.php?rest_route=\/wp\/v2\/types\/post"}],"author":[{"embeddable":true,"href":"https:\/\/radiorevelacionfm.cl\/index.php?rest_route=\/wp\/v2\/users\/1"}],"replies":[{"embeddable":true,"href":"https:\/\/radiorevelacionfm.cl\/index.php?rest_route=%2Fwp%2Fv2%2Fcomments&post=13531"}],"version-history":[{"count":3,"href":"https:\/\/radiorevelacionfm.cl\/index.php?rest_route=\/wp\/v2\/posts\/13531\/revisions"}],"predecessor-version":[{"id":13542,"href":"https:\/\/radiorevelacionfm.cl\/index.php?rest_route=\/wp\/v2\/posts\/13531\/revisions\/13542"}],"wp:featuredmedia":[{"embeddable":true,"href":"https:\/\/radiorevelacionfm.cl\/index.php?rest_route=\/wp\/v2\/media\/13532"}],"wp:attachment":[{"href":"https:\/\/radiorevelacionfm.cl\/index.php?rest_route=%2Fwp%2Fv2%2Fmedia&parent=13531"}],"wp:term":[{"taxonomy":"category","embeddable":true,"href":"https:\/\/radiorevelacionfm.cl\/index.php?rest_route=%2Fwp%2Fv2%2Fcategories&post=13531"},{"taxonomy":"post_tag","embeddable":true,"href":"https:\/\/radiorevelacionfm.cl\/index.php?rest_route=%2Fwp%2Fv2%2Ftags&post=13531"}],"curies":[{"name":"wp","href":"https:\/\/api.w.org\/{rel}","templated":true}]}}