{"id":13526,"date":"2022-02-04T17:56:10","date_gmt":"2022-02-04T20:56:10","guid":{"rendered":"https:\/\/radiorevelacionfm.cl\/?p=13526"},"modified":"2022-02-04T17:56:10","modified_gmt":"2022-02-04T20:56:10","slug":"en-aysen-inician-campana-la-percha-escolar-para-recoleccion-de-uniformes","status":"publish","type":"post","link":"https:\/\/radiorevelacionfm.cl\/?p=13526","title":{"rendered":"En Ays\u00e9n inician campa\u00f1a \u201cLa Percha Escolar\u201d para recolecci\u00f3n de uniformes"},"content":{"rendered":"<div class=\"flex_column av_one_full  flex_column_div av-zero-column-padding first  avia-builder-el-0  el_before_av_one_full  avia-builder-el-first  \" style='border-radius:0px; '><div  class='avia-image-container  av-styling-    avia-builder-el-1  avia-builder-el-no-sibling  avia-align-center '  itemprop=\"image\" itemscope=\"itemscope\" itemtype=\"https:\/\/schema.org\/ImageObject\"  ><div class='avia-image-container-inner'><div class='avia-image-overlay-wrap'><img decoding=\"async\" class='wp-image-13527 avia-img-lazy-loading-not-13527 avia_image' src=\"https:\/\/radiorevelacionfm.cl\/wp-content\/uploads\/2022\/02\/image-38-2-2.jpg\" alt='' title='image-38-2-2' height=\"600\" width=\"791\"  itemprop=\"thumbnailUrl\" srcset=\"https:\/\/radiorevelacionfm.cl\/wp-content\/uploads\/2022\/02\/image-38-2-2.jpg 791w, https:\/\/radiorevelacionfm.cl\/wp-content\/uploads\/2022\/02\/image-38-2-2-300x228.jpg 300w, https:\/\/radiorevelacionfm.cl\/wp-content\/uploads\/2022\/02\/image-38-2-2-768x583.jpg 768w, https:\/\/radiorevelacionfm.cl\/wp-content\/uploads\/2022\/02\/image-38-2-2-705x535.jpg 705w, https:\/\/radiorevelacionfm.cl\/wp-content\/uploads\/2022\/02\/image-38-2-2-600x455.jpg 600w\" sizes=\"(max-width: 791px) 100vw, 791px\" \/><\/div><\/div><\/div><\/div>\n<div class=\"flex_column av_one_full  flex_column_div av-zero-column-padding first  avia-builder-el-2  el_after_av_one_full  el_before_av_one_full  column-top-margin\" style='border-radius:0px; '><section class=\"av_textblock_section \"  itemscope=\"itemscope\" itemtype=\"https:\/\/schema.org\/BlogPosting\" itemprop=\"blogPost\" ><div class='avia_textblock  '   itemprop=\"text\" ><p style=\"text-align: center;\"><span style=\"font-size: 18pt;\"><strong>En Ays\u00e9n inician campa\u00f1a \u201cLa Percha Escolar\u201d para recolecci\u00f3n de uniformes <\/strong><\/span><\/p>\n<div id=\"gtx-trans\" style=\"position: absolute; left: -50px; top: 4.31534px;\">\n<div class=\"gtx-trans-icon\"><\/div>\n<\/div>\n<\/div><\/section><\/div><div class=\"flex_column av_one_full  flex_column_div av-zero-column-padding first  avia-builder-el-4  el_after_av_one_full  el_before_av_hr  column-top-margin\" style='border-radius:0px; '><section class=\"av_textblock_section \"  itemscope=\"itemscope\" itemtype=\"https:\/\/schema.org\/BlogPosting\" itemprop=\"blogPost\" ><div class='avia_textblock  '   itemprop=\"text\" ><p style=\"text-align: justify;\">Bajo el lema \u201crecibimos-renovamos-regalamos\u201d, durante todo el mes de febrero se desarrollar\u00e1 la denominada Percha Escolar, una iniciativa del municipio aysenino, a trav\u00e9s de la Direcci\u00f3n de Educaci\u00f3n Municipal, y que pretende reunir en un s\u00f3lo punto ropa escolar en buen estado que se encuentre en desuso para darle una segunda vida, entreg\u00e1ndosela a quienes la requieren ad portas de un nuevo a\u00f1o escolar.<\/p>\n<p style=\"text-align: justify;\">De esta manera, \u201ccomo DEM Ays\u00e9n nos interesa poder relevar tambi\u00e9n nuestro compromiso social para con nuestra comunidad, especialmente con nuestros alumnos, padres y apoderados. As\u00ed, practicaremos valores tan importantes como son la solidaridad, adem\u00e1s de ser amigables con nuestro medio ambiente\u201d, manifest\u00f3 la directora del departamento municipal, Tamara Villegas Redlich.<\/p>\n<p style=\"text-align: justify;\">La campa\u00f1a comenz\u00f3 este lunes, y estar\u00e1 a cargo del equipo Habilidades Para la Vida del DEM Ays\u00e9n, quienes estar\u00e1n recibiendo en las dependencias de la Direcci\u00f3n -ubicada en calle Humberto Garc\u00eda 245, en el sector Ribera Sur de Puerto Ays\u00e9n- todas las prendas, como son buzos, poleras, polerones, chaquetas, zapatos y zapatillas de los diversos establecimientos educacionales municipalizados de la comuna.<\/p>\n<p style=\"text-align: justify;\">\u201cLa idea es que la gente se acerque al DEM, nos entregue la ropa, nosotros con el equipo de educaci\u00f3n nos encargamos de lavar, planchar y clasificar de acuerdo a talla y establecimiento, para que una vez est\u00e9 todo recepcionado y listo, la gente pueda venir a buscar lo que necesite. Asimismo, se pueden hacer intercambios de prendas que ya no necesito, con otras que s\u00ed\u201d, explic\u00f3 Villegas Redlich.<\/p>\n<p style=\"text-align: justify;\">\u201cLo que no se pueda entregar antes del inicio de clases durante el mes de marzo, lo haremos llegar directamente a las escuelas y liceos para que se contin\u00faen entregando a quienes lo requieren ya que sabemos que vivimos un momento complejo, que no todos est\u00e1n en condiciones de adquirir un uniforme nuevo, por eso relevamos esta instancia que tiene por \u00fanico objetivo ser solidarios con nuestros vecinos y vecinas, y ayudarnos entre otros\u201d, a\u00f1adi\u00f3.<\/p>\n<p style=\"text-align: justify;\">Para quienes deseen hacer llegar su uniforme escolar -o bien, retirar-, las puertas del DEM estar\u00e1n abiertas durante todo el mes de febrero de lunes a jueves en horarios de 8:30 a 13:00 horas, y por las tardes de 14:30 a 17:30 horas; y los d\u00edas viernes hasta las 16:30 horas. Quienes quieran ser parte de esta iniciativa, y no puedan arribar hasta la direcci\u00f3n, se pueden comunicar al tel\u00e9fono 67 2 336537 para as\u00ed coordinar con los profesionales de la unidad municipal, y de esta forma no quede nadie fuera de esta campa\u00f1a de solidaridad.<\/p>\n<\/div><\/section><\/div><\/p>\n<div  style='height:50px' class='hr hr-invisible   avia-builder-el-6  el_after_av_one_full  el_before_av_social_share '><span class='hr-inner ' ><span class='hr-inner-style'><\/span><\/span><\/div>\n<div  class='av-social-sharing-box  avia-builder-el-7  el_after_av_hr  el_before_av_hr  '><div class='av-share-box'><h5 class='av-share-link-description av-no-toc '>Compartir esta noticia<\/h5><ul class='av-share-box-list noLightbox'><li class='av-share-link av-social-link-facebook' ><a target=\"_blank\" aria-label=\"Compartir en Facebook\" href='https:\/\/www.facebook.com\/sharer.php?u=https:\/\/radiorevelacionfm.cl\/?p=13526&#038;t=En%20Ays%C3%A9n%20inician%20campa%C3%B1a%20%E2%80%9CLa%20Percha%20Escolar%E2%80%9D%20para%20recolecci%C3%B3n%20de%20uniformes' aria-hidden='false' data-av_icon='\ue8f3' data-av_iconfont='entypo-fontello' title='' data-avia-related-tooltip='Compartir en Facebook' rel=\"noopener\"><span class='avia_hidden_link_text'>Compartir en Facebook<\/span><\/a><\/li><li class='av-share-link av-social-link-twitter' ><a target=\"_blank\" aria-label=\"Compartir en Twitter\" href='https:\/\/twitter.com\/share?text=En%20Ays%C3%A9n%20inician%20campa%C3%B1a%20%E2%80%9CLa%20Percha%20Escolar%E2%80%9D%20para%20recolecci%C3%B3n%20de%20uniformes&#038;url=https:\/\/radiorevelacionfm.cl\/?p=13526' aria-hidden='false' data-av_icon='\ue8f1' data-av_iconfont='entypo-fontello' title='' data-avia-related-tooltip='Compartir en Twitter' rel=\"noopener\"><span class='avia_hidden_link_text'>Compartir en Twitter<\/span><\/a><\/li><li class='av-share-link av-social-link-whatsapp' ><a target=\"_blank\" aria-label=\"Compartir en Whatsapp\" href='https:\/\/api.whatsapp.com\/send?text=https:\/\/radiorevelacionfm.cl\/?p=13526' aria-hidden='false' data-av_icon='\uf232' data-av_iconfont='entypo-fontello' title='' data-avia-related-tooltip='Compartir en Whatsapp' rel=\"noopener\"><span class='avia_hidden_link_text'>Compartir en Whatsapp<\/span><\/a><\/li><li class='av-share-link av-social-link-linkedin' ><a target=\"_blank\" aria-label=\"Compartir en LinkedIn\" href='https:\/\/linkedin.com\/shareArticle?mini=true&#038;title=En%20Ays%C3%A9n%20inician%20campa%C3%B1a%20%E2%80%9CLa%20Percha%20Escolar%E2%80%9D%20para%20recolecci%C3%B3n%20de%20uniformes&#038;url=https:\/\/radiorevelacionfm.cl\/?p=13526' aria-hidden='false' data-av_icon='\ue8fc' data-av_iconfont='entypo-fontello' title='' data-avia-related-tooltip='Compartir en LinkedIn' rel=\"noopener\"><span class='avia_hidden_link_text'>Compartir en LinkedIn<\/span><\/a><\/li><li class='av-share-link av-social-link-mail' ><a  aria-label=\"Compartir por correo\" href='mailto:?subject=En%20Ays%C3%A9n%20inician%20campa%C3%B1a%20%E2%80%9CLa%20Percha%20Escolar%E2%80%9D%20para%20recolecci%C3%B3n%20de%20uniformes&#038;body=https:\/\/radiorevelacionfm.cl\/?p=13526' aria-hidden='false' data-av_icon='\ue805' data-av_iconfont='entypo-fontello' title='' data-avia-related-tooltip='Compartir por correo'><span class='avia_hidden_link_text'>Compartir por correo<\/span><\/a><\/li><\/ul><\/div><\/div>\n<div  style='height:50px' class='hr hr-invisible   avia-builder-el-8  el_after_av_social_share  el_before_av_comments_list '><span class='hr-inner ' ><span class='hr-inner-style'><\/span><\/span><\/div>\n<div  class='av-buildercomment  av-blog-meta-html-info-disabled av-blog-meta-tag-disabled  '><\/div>\n","protected":false},"excerpt":{"rendered":"","protected":false},"author":1,"featured_media":13527,"comment_status":"open","ping_status":"open","sticky":false,"template":"","format":"standard","meta":{"footnotes":""},"categories":[38],"tags":[],"class_list":["post-13526","post","type-post","status-publish","format-standard","has-post-thumbnail","hentry","category-regional"],"jetpack_featured_media_url":"https:\/\/radiorevelacionfm.cl\/wp-content\/uploads\/2022\/02\/image-38-2-2.jpg","_links":{"self":[{"href":"https:\/\/radiorevelacionfm.cl\/index.php?rest_route=\/wp\/v2\/posts\/13526","targetHints":{"allow":["GET"]}}],"collection":[{"href":"https:\/\/radiorevelacionfm.cl\/index.php?rest_route=\/wp\/v2\/posts"}],"about":[{"href":"https:\/\/radiorevelacionfm.cl\/index.php?rest_route=\/wp\/v2\/types\/post"}],"author":[{"embeddable":true,"href":"https:\/\/radiorevelacionfm.cl\/index.php?rest_route=\/wp\/v2\/users\/1"}],"replies":[{"embeddable":true,"href":"https:\/\/radiorevelacionfm.cl\/index.php?rest_route=%2Fwp%2Fv2%2Fcomments&post=13526"}],"version-history":[{"count":3,"href":"https:\/\/radiorevelacionfm.cl\/index.php?rest_route=\/wp\/v2\/posts\/13526\/revisions"}],"predecessor-version":[{"id":13536,"href":"https:\/\/radiorevelacionfm.cl\/index.php?rest_route=\/wp\/v2\/posts\/13526\/revisions\/13536"}],"wp:featuredmedia":[{"embeddable":true,"href":"https:\/\/radiorevelacionfm.cl\/index.php?rest_route=\/wp\/v2\/media\/13527"}],"wp:attachment":[{"href":"https:\/\/radiorevelacionfm.cl\/index.php?rest_route=%2Fwp%2Fv2%2Fmedia&parent=13526"}],"wp:term":[{"taxonomy":"category","embeddable":true,"href":"https:\/\/radiorevelacionfm.cl\/index.php?rest_route=%2Fwp%2Fv2%2Fcategories&post=13526"},{"taxonomy":"post_tag","embeddable":true,"href":"https:\/\/radiorevelacionfm.cl\/index.php?rest_route=%2Fwp%2Fv2%2Ftags&post=13526"}],"curies":[{"name":"wp","href":"https:\/\/api.w.org\/{rel}","templated":true}]}}